{"id":25959,"date":"2024-11-04T15:23:08","date_gmt":"2024-11-04T15:23:08","guid":{"rendered":"https:\/\/afalesc.com.br\/site\/?p=25959"},"modified":"2024-11-04T19:13:04","modified_gmt":"2024-11-04T19:13:04","slug":"costelaco-e-dia-das-criancas-afalesc-2024","status":"publish","type":"post","link":"https:\/\/afalesc.com.br\/site\/costelaco-e-dia-das-criancas-afalesc-2024\/","title":{"rendered":"\ud83c\udf89 Costela\u00e7o e Dia das Crian\u00e7as &#8211; AFALESC 2024! \ud83c\udf89"},"content":{"rendered":"<p>&nbsp;<\/p>\n<h3>No dia 19 de outubro, nossa Sede Praiana dos Ingleses foi palco de uma grande festa em comemora\u00e7\u00e3o ao Dia do Servidor P\u00fablico e ao Dia das Crian\u00e7as. Associados e familiares participaram de um delicioso Costela\u00e7o, com muita anima\u00e7\u00e3o e integra\u00e7\u00e3o. Al\u00e9m de muita comida boa, o evento proporcionou a todos um ambiente agrad\u00e1vel para celebrar e fortalecer os la\u00e7os de amizade.<\/h3>\n<p>&nbsp;<\/p>\n<h3>Agradecemos a todos pela presen\u00e7a e por fazerem desse dia um momento t\u00e3o especial!\ud83d\udcf8\u2764\ufe0f<\/h3>\n<p>&nbsp;<\/p>\n<p>&nbsp;<\/p>\n\n\t\t<style type=\"text\/css\">\n\t\t\t#gallery-1 {\n\t\t\t\tmargin: auto;\n\t\t\t}\n\t\t\t#gallery-1 .gallery-item {\n\t\t\t\tfloat: left;\n\t\t\t\tmargin-top: 10px;\n\t\t\t\ttext-align: center;\n\t\t\t\twidth: 100%;\n\t\t\t}\n\t\t\t#gallery-1 img {\n\t\t\t\tborder: 2px solid #cfcfcf;\n\t\t\t}\n\t\t\t#gallery-1 .gallery-caption {\n\t\t\t\tmargin-left: 0;\n\t\t\t}\n\t\t\t\/* see gallery_shortcode() in wp-includes\/media.php *\/\n\t\t<\/style>\n\t\t<div id='gallery-1' class='gallery galleryid-25959 gallery-columns-1 gallery-size-large'><dl class='gallery-item'>\n\t\t\t<dt class='gallery-icon portrait'>\n\t\t\t\t<a href='https:\/\/afalesc.com.br\/site\/costelaco-e-dia-das-criancas-afalesc-2024\/dscf7961-2\/'><img loading=\"lazy\" decoding=\"async\" width=\"683\" height=\"1024\" src=\"https:\/\/afalesc.com.br\/site\/wp-content\/uploads\/2024\/11\/DSCF7961-1-683x1024.jpg\" class=\"attachment-large size-large\" alt=\"\" srcset=\"https:\/\/afalesc.com.br\/site\/wp-content\/uploads\/2024\/11\/DSCF7961-1-683x1024.jpg 683w, https:\/\/afalesc.com.br\/site\/wp-content\/uploads\/2024\/11\/DSCF7961-1-200x300.jpg 200w, https:\/\/afalesc.com.br\/site\/wp-content\/uploads\/2024\/11\/DSCF7961-1-768x1152.jpg 768w, https:\/\/afalesc.com.br\/site\/wp-content\/uploads\/2024\/11\/DSCF7961-1-1024x1536.jpg 1024w, https:\/\/afalesc.com.br\/site\/wp-content\/uploads\/2024\/11\/DSCF7961-1-1365x2048.jpg 1365w, https:\/\/afalesc.com.br\/site\/wp-content\/uploads\/2024\/11\/DSCF7961-1-700x1050.jpg 700w, https:\/\/afalesc.com.br\/site\/wp-content\/uploads\/2024\/11\/DSCF7961-1-scaled.jpg 1707w\" sizes=\"auto, (max-width: 683px) 100vw, 683px\" \/><\/a>\n\t\t\t<\/dt><\/dl><br style=\"clear: both\" \/><dl class='gallery-item'>\n\t\t\t<dt class='gallery-icon portrait'>\n\t\t\t\t<a href='https:\/\/afalesc.com.br\/site\/costelaco-e-dia-das-criancas-afalesc-2024\/dscf7965-2\/'><img loading=\"lazy\" decoding=\"async\" width=\"683\" height=\"1024\" src=\"https:\/\/afalesc.com.br\/site\/wp-content\/uploads\/2024\/11\/DSCF7965-1-683x1024.jpg\" class=\"attachment-large size-large\" alt=\"\" srcset=\"https:\/\/afalesc.com.br\/site\/wp-content\/uploads\/2024\/11\/DSCF7965-1-683x1024.jpg 683w, https:\/\/afalesc.com.br\/site\/wp-content\/uploads\/2024\/11\/DSCF7965-1-200x300.jpg 200w, https:\/\/afalesc.com.br\/site\/wp-content\/uploads\/2024\/11\/DSCF7965-1-768x1152.jpg 768w, https:\/\/afalesc.com.br\/site\/wp-content\/uploads\/2024\/11\/DSCF7965-1-1024x1536.jpg 1024w, https:\/\/afalesc.com.br\/site\/wp-content\/uploads\/2024\/11\/DSCF7965-1-1365x2048.jpg 1365w, https:\/\/afalesc.com.br\/site\/wp-content\/uploads\/2024\/11\/DSCF7965-1-700x1050.jpg 700w, https:\/\/afalesc.com.br\/site\/wp-content\/uploads\/2024\/11\/DSCF7965-1-scaled.jpg 1707w\" sizes=\"auto, (max-width: 683px) 100vw, 683px\" \/><\/a>\n\t\t\t<\/dt><\/dl><br style=\"clear: both\" \/><dl class='gallery-item'>\n\t\t\t<dt class='gallery-icon landscape'>\n\t\t\t\t<a href='https:\/\/afalesc.com.br\/site\/costelaco-e-dia-das-criancas-afalesc-2024\/dscf8144\/'><img loading=\"lazy\" decoding=\"async\" width=\"1024\" height=\"683\" src=\"https:\/\/afalesc.com.br\/site\/wp-content\/uploads\/2024\/11\/DSCF8144-1024x683.jpg\" class=\"attachment-large size-large\" alt=\"\" srcset=\"https:\/\/afalesc.com.br\/site\/wp-content\/uploads\/2024\/11\/DSCF8144-1024x683.jpg 1024w, https:\/\/afalesc.com.br\/site\/wp-content\/uploads\/2024\/11\/DSCF8144-300x200.jpg 300w, https:\/\/afalesc.com.br\/site\/wp-content\/uploads\/2024\/11\/DSCF8144-768x512.jpg 768w, https:\/\/afalesc.com.br\/site\/wp-content\/uploads\/2024\/11\/DSCF8144-1536x1024.jpg 1536w, https:\/\/afalesc.com.br\/site\/wp-content\/uploads\/2024\/11\/DSCF8144-2048x1365.jpg 2048w, https:\/\/afalesc.com.br\/site\/wp-content\/uploads\/2024\/11\/DSCF8144-700x467.jpg 700w\" sizes=\"auto, (max-width: 1024px) 100vw, 1024px\" \/><\/a>\n\t\t\t<\/dt><\/dl><br style=\"clear: both\" \/><dl class='gallery-item'>\n\t\t\t<dt class='gallery-icon portrait'>\n\t\t\t\t<a href='https:\/\/afalesc.com.br\/site\/costelaco-e-dia-das-criancas-afalesc-2024\/dscf8151\/'><img loading=\"lazy\" decoding=\"async\" width=\"683\" height=\"1024\" src=\"https:\/\/afalesc.com.br\/site\/wp-content\/uploads\/2024\/11\/DSCF8151-683x1024.jpg\" class=\"attachment-large size-large\" alt=\"\" srcset=\"https:\/\/afalesc.com.br\/site\/wp-content\/uploads\/2024\/11\/DSCF8151-683x1024.jpg 683w, https:\/\/afalesc.com.br\/site\/wp-content\/uploads\/2024\/11\/DSCF8151-200x300.jpg 200w, https:\/\/afalesc.com.br\/site\/wp-content\/uploads\/2024\/11\/DSCF8151-768x1152.jpg 768w, https:\/\/afalesc.com.br\/site\/wp-content\/uploads\/2024\/11\/DSCF8151-1024x1536.jpg 1024w, https:\/\/afalesc.com.br\/site\/wp-content\/uploads\/2024\/11\/DSCF8151-1365x2048.jpg 1365w, https:\/\/afalesc.com.br\/site\/wp-content\/uploads\/2024\/11\/DSCF8151-700x1050.jpg 700w, https:\/\/afalesc.com.br\/site\/wp-content\/uploads\/2024\/11\/DSCF8151-scaled.jpg 1707w\" sizes=\"auto, (max-width: 683px) 100vw, 683px\" \/><\/a>\n\t\t\t<\/dt><\/dl><br style=\"clear: both\" \/><dl class='gallery-item'>\n\t\t\t<dt class='gallery-icon landscape'>\n\t\t\t\t<a href='https:\/\/afalesc.com.br\/site\/costelaco-e-dia-das-criancas-afalesc-2024\/dscf8881\/'><img loading=\"lazy\" decoding=\"async\" width=\"1024\" height=\"683\" src=\"https:\/\/afalesc.com.br\/site\/wp-content\/uploads\/2024\/11\/DSCF8881-1024x683.jpg\" class=\"attachment-large size-large\" alt=\"\" srcset=\"https:\/\/afalesc.com.br\/site\/wp-content\/uploads\/2024\/11\/DSCF8881-1024x683.jpg 1024w, https:\/\/afalesc.com.br\/site\/wp-content\/uploads\/2024\/11\/DSCF8881-300x200.jpg 300w, https:\/\/afalesc.com.br\/site\/wp-content\/uploads\/2024\/11\/DSCF8881-768x512.jpg 768w, https:\/\/afalesc.com.br\/site\/wp-content\/uploads\/2024\/11\/DSCF8881-1536x1024.jpg 1536w, https:\/\/afalesc.com.br\/site\/wp-content\/uploads\/2024\/11\/DSCF8881-2048x1365.jpg 2048w, https:\/\/afalesc.com.br\/site\/wp-content\/uploads\/2024\/11\/DSCF8881-700x467.jpg 700w\" sizes=\"auto, (max-width: 1024px) 100vw, 1024px\" \/><\/a>\n\t\t\t<\/dt><\/dl><br style=\"clear: both\" \/><dl class='gallery-item'>\n\t\t\t<dt class='gallery-icon landscape'>\n\t\t\t\t<a href='https:\/\/afalesc.com.br\/site\/costelaco-e-dia-das-criancas-afalesc-2024\/dscf7897-2\/'><img loading=\"lazy\" decoding=\"async\" width=\"1024\" height=\"683\" src=\"https:\/\/afalesc.com.br\/site\/wp-content\/uploads\/2024\/11\/DSCF7897-1-1024x683.jpg\" class=\"attachment-large size-large\" alt=\"\" srcset=\"https:\/\/afalesc.com.br\/site\/wp-content\/uploads\/2024\/11\/DSCF7897-1-1024x683.jpg 1024w, https:\/\/afalesc.com.br\/site\/wp-content\/uploads\/2024\/11\/DSCF7897-1-300x200.jpg 300w, https:\/\/afalesc.com.br\/site\/wp-content\/uploads\/2024\/11\/DSCF7897-1-768x512.jpg 768w, https:\/\/afalesc.com.br\/site\/wp-content\/uploads\/2024\/11\/DSCF7897-1-1536x1024.jpg 1536w, https:\/\/afalesc.com.br\/site\/wp-content\/uploads\/2024\/11\/DSCF7897-1-2048x1365.jpg 2048w, https:\/\/afalesc.com.br\/site\/wp-content\/uploads\/2024\/11\/DSCF7897-1-700x467.jpg 700w\" sizes=\"auto, (max-width: 1024px) 100vw, 1024px\" \/><\/a>\n\t\t\t<\/dt><\/dl><br style=\"clear: both\" \/><dl class='gallery-item'>\n\t\t\t<dt class='gallery-icon landscape'>\n\t\t\t\t<a href='https:\/\/afalesc.com.br\/site\/costelaco-e-dia-das-criancas-afalesc-2024\/img_2179\/'><img loading=\"lazy\" decoding=\"async\" width=\"1024\" height=\"683\" src=\"https:\/\/afalesc.com.br\/site\/wp-content\/uploads\/2024\/11\/IMG_2179-1024x683.jpg\" class=\"attachment-large size-large\" alt=\"\" srcset=\"https:\/\/afalesc.com.br\/site\/wp-content\/uploads\/2024\/11\/IMG_2179-1024x683.jpg 1024w, https:\/\/afalesc.com.br\/site\/wp-content\/uploads\/2024\/11\/IMG_2179-300x200.jpg 300w, https:\/\/afalesc.com.br\/site\/wp-content\/uploads\/2024\/11\/IMG_2179-768x512.jpg 768w, https:\/\/afalesc.com.br\/site\/wp-content\/uploads\/2024\/11\/IMG_2179-1536x1024.jpg 1536w, https:\/\/afalesc.com.br\/site\/wp-content\/uploads\/2024\/11\/IMG_2179-2048x1365.jpg 2048w, https:\/\/afalesc.com.br\/site\/wp-content\/uploads\/2024\/11\/IMG_2179-700x467.jpg 700w\" sizes=\"auto, (max-width: 1024px) 100vw, 1024px\" \/><\/a>\n\t\t\t<\/dt><\/dl><br style=\"clear: both\" \/><dl class='gallery-item'>\n\t\t\t<dt class='gallery-icon portrait'>\n\t\t\t\t<a href='https:\/\/afalesc.com.br\/site\/costelaco-e-dia-das-criancas-afalesc-2024\/dscf8109\/'><img loading=\"lazy\" decoding=\"async\" width=\"683\" height=\"1024\" src=\"https:\/\/afalesc.com.br\/site\/wp-content\/uploads\/2024\/11\/DSCF8109-683x1024.jpg\" class=\"attachment-large size-large\" alt=\"\" srcset=\"https:\/\/afalesc.com.br\/site\/wp-content\/uploads\/2024\/11\/DSCF8109-683x1024.jpg 683w, https:\/\/afalesc.com.br\/site\/wp-content\/uploads\/2024\/11\/DSCF8109-200x300.jpg 200w, https:\/\/afalesc.com.br\/site\/wp-content\/uploads\/2024\/11\/DSCF8109-768x1152.jpg 768w, https:\/\/afalesc.com.br\/site\/wp-content\/uploads\/2024\/11\/DSCF8109-1024x1536.jpg 1024w, https:\/\/afalesc.com.br\/site\/wp-content\/uploads\/2024\/11\/DSCF8109-1365x2048.jpg 1365w, https:\/\/afalesc.com.br\/site\/wp-content\/uploads\/2024\/11\/DSCF8109-700x1050.jpg 700w, https:\/\/afalesc.com.br\/site\/wp-content\/uploads\/2024\/11\/DSCF8109-scaled.jpg 1707w\" sizes=\"auto, (max-width: 683px) 100vw, 683px\" \/><\/a>\n\t\t\t<\/dt><\/dl><br style=\"clear: both\" \/><dl class='gallery-item'>\n\t\t\t<dt class='gallery-icon landscape'>\n\t\t\t\t<a href='https:\/\/afalesc.com.br\/site\/costelaco-e-dia-das-criancas-afalesc-2024\/img_2902\/'><img loading=\"lazy\" decoding=\"async\" width=\"1024\" height=\"683\" src=\"https:\/\/afalesc.com.br\/site\/wp-content\/uploads\/2024\/11\/IMG_2902-1024x683.jpg\" class=\"attachment-large size-large\" alt=\"\" srcset=\"https:\/\/afalesc.com.br\/site\/wp-content\/uploads\/2024\/11\/IMG_2902-1024x683.jpg 1024w, https:\/\/afalesc.com.br\/site\/wp-content\/uploads\/2024\/11\/IMG_2902-300x200.jpg 300w, https:\/\/afalesc.com.br\/site\/wp-content\/uploads\/2024\/11\/IMG_2902-768x512.jpg 768w, https:\/\/afalesc.com.br\/site\/wp-content\/uploads\/2024\/11\/IMG_2902-1536x1024.jpg 1536w, https:\/\/afalesc.com.br\/site\/wp-content\/uploads\/2024\/11\/IMG_2902-2048x1365.jpg 2048w, https:\/\/afalesc.com.br\/site\/wp-content\/uploads\/2024\/11\/IMG_2902-700x467.jpg 700w\" sizes=\"auto, (max-width: 1024px) 100vw, 1024px\" \/><\/a>\n\t\t\t<\/dt><\/dl><br style=\"clear: both\" \/><dl class='gallery-item'>\n\t\t\t<dt class='gallery-icon landscape'>\n\t\t\t\t<a href='https:\/\/afalesc.com.br\/site\/costelaco-e-dia-das-criancas-afalesc-2024\/default-9\/'><img loading=\"lazy\" decoding=\"async\" width=\"1024\" height=\"576\" src=\"https:\/\/afalesc.com.br\/site\/wp-content\/uploads\/2024\/11\/DJI_20241019150209_0296_D-1-1024x576.jpg\" class=\"attachment-large size-large\" alt=\"\" srcset=\"https:\/\/afalesc.com.br\/site\/wp-content\/uploads\/2024\/11\/DJI_20241019150209_0296_D-1-1024x576.jpg 1024w, https:\/\/afalesc.com.br\/site\/wp-content\/uploads\/2024\/11\/DJI_20241019150209_0296_D-1-300x169.jpg 300w, https:\/\/afalesc.com.br\/site\/wp-content\/uploads\/2024\/11\/DJI_20241019150209_0296_D-1-768x432.jpg 768w, https:\/\/afalesc.com.br\/site\/wp-content\/uploads\/2024\/11\/DJI_20241019150209_0296_D-1-1536x864.jpg 1536w, https:\/\/afalesc.com.br\/site\/wp-content\/uploads\/2024\/11\/DJI_20241019150209_0296_D-1-2048x1152.jpg 2048w, https:\/\/afalesc.com.br\/site\/wp-content\/uploads\/2024\/11\/DJI_20241019150209_0296_D-1-700x394.jpg 700w, https:\/\/afalesc.com.br\/site\/wp-content\/uploads\/2024\/11\/DJI_20241019150209_0296_D-1-539x303.jpg 539w\" sizes=\"auto, (max-width: 1024px) 100vw, 1024px\" \/><\/a>\n\t\t\t<\/dt><\/dl><br style=\"clear: both\" \/><dl class='gallery-item'>\n\t\t\t<dt class='gallery-icon landscape'>\n\t\t\t\t<a href='https:\/\/afalesc.com.br\/site\/costelaco-e-dia-das-criancas-afalesc-2024\/default-10\/'><img loading=\"lazy\" decoding=\"async\" width=\"1024\" height=\"576\" src=\"https:\/\/afalesc.com.br\/site\/wp-content\/uploads\/2024\/11\/DJI_20241019150219_0298_D-1-1024x576.jpg\" class=\"attachment-large size-large\" alt=\"\" srcset=\"https:\/\/afalesc.com.br\/site\/wp-content\/uploads\/2024\/11\/DJI_20241019150219_0298_D-1-1024x576.jpg 1024w, https:\/\/afalesc.com.br\/site\/wp-content\/uploads\/2024\/11\/DJI_20241019150219_0298_D-1-300x169.jpg 300w, https:\/\/afalesc.com.br\/site\/wp-content\/uploads\/2024\/11\/DJI_20241019150219_0298_D-1-768x432.jpg 768w, https:\/\/afalesc.com.br\/site\/wp-content\/uploads\/2024\/11\/DJI_20241019150219_0298_D-1-1536x864.jpg 1536w, https:\/\/afalesc.com.br\/site\/wp-content\/uploads\/2024\/11\/DJI_20241019150219_0298_D-1-2048x1152.jpg 2048w, https:\/\/afalesc.com.br\/site\/wp-content\/uploads\/2024\/11\/DJI_20241019150219_0298_D-1-700x394.jpg 700w, https:\/\/afalesc.com.br\/site\/wp-content\/uploads\/2024\/11\/DJI_20241019150219_0298_D-1-539x303.jpg 539w\" sizes=\"auto, (max-width: 1024px) 100vw, 1024px\" \/><\/a>\n\t\t\t<\/dt><\/dl><br style=\"clear: both\" \/><dl class='gallery-item'>\n\t\t\t<dt class='gallery-icon landscape'>\n\t\t\t\t<a href='https:\/\/afalesc.com.br\/site\/costelaco-e-dia-das-criancas-afalesc-2024\/default-11\/'><img loading=\"lazy\" decoding=\"async\" width=\"1024\" height=\"576\" src=\"https:\/\/afalesc.com.br\/site\/wp-content\/uploads\/2024\/11\/DJI_20241019150237_0300_D-1-1024x576.jpg\" class=\"attachment-large size-large\" alt=\"\" srcset=\"https:\/\/afalesc.com.br\/site\/wp-content\/uploads\/2024\/11\/DJI_20241019150237_0300_D-1-1024x576.jpg 1024w, https:\/\/afalesc.com.br\/site\/wp-content\/uploads\/2024\/11\/DJI_20241019150237_0300_D-1-300x169.jpg 300w, https:\/\/afalesc.com.br\/site\/wp-content\/uploads\/2024\/11\/DJI_20241019150237_0300_D-1-768x432.jpg 768w, https:\/\/afalesc.com.br\/site\/wp-content\/uploads\/2024\/11\/DJI_20241019150237_0300_D-1-1536x864.jpg 1536w, https:\/\/afalesc.com.br\/site\/wp-content\/uploads\/2024\/11\/DJI_20241019150237_0300_D-1-2048x1152.jpg 2048w, https:\/\/afalesc.com.br\/site\/wp-content\/uploads\/2024\/11\/DJI_20241019150237_0300_D-1-700x394.jpg 700w, https:\/\/afalesc.com.br\/site\/wp-content\/uploads\/2024\/11\/DJI_20241019150237_0300_D-1-539x303.jpg 539w\" sizes=\"auto, (max-width: 1024px) 100vw, 1024px\" \/><\/a>\n\t\t\t<\/dt><\/dl><br style=\"clear: both\" \/><dl class='gallery-item'>\n\t\t\t<dt class='gallery-icon landscape'>\n\t\t\t\t<a href='https:\/\/afalesc.com.br\/site\/costelaco-e-dia-das-criancas-afalesc-2024\/default-12\/'><img loading=\"lazy\" decoding=\"async\" width=\"1024\" height=\"576\" src=\"https:\/\/afalesc.com.br\/site\/wp-content\/uploads\/2024\/11\/DJI_20241019150249_0302_D-1-1024x576.jpg\" class=\"attachment-large size-large\" alt=\"\" srcset=\"https:\/\/afalesc.com.br\/site\/wp-content\/uploads\/2024\/11\/DJI_20241019150249_0302_D-1-1024x576.jpg 1024w, https:\/\/afalesc.com.br\/site\/wp-content\/uploads\/2024\/11\/DJI_20241019150249_0302_D-1-300x169.jpg 300w, https:\/\/afalesc.com.br\/site\/wp-content\/uploads\/2024\/11\/DJI_20241019150249_0302_D-1-768x432.jpg 768w, https:\/\/afalesc.com.br\/site\/wp-content\/uploads\/2024\/11\/DJI_20241019150249_0302_D-1-1536x864.jpg 1536w, https:\/\/afalesc.com.br\/site\/wp-content\/uploads\/2024\/11\/DJI_20241019150249_0302_D-1-2048x1152.jpg 2048w, https:\/\/afalesc.com.br\/site\/wp-content\/uploads\/2024\/11\/DJI_20241019150249_0302_D-1-700x394.jpg 700w, https:\/\/afalesc.com.br\/site\/wp-content\/uploads\/2024\/11\/DJI_20241019150249_0302_D-1-539x303.jpg 539w\" sizes=\"auto, (max-width: 1024px) 100vw, 1024px\" \/><\/a>\n\t\t\t<\/dt><\/dl><br style=\"clear: both\" \/><dl class='gallery-item'>\n\t\t\t<dt class='gallery-icon landscape'>\n\t\t\t\t<a href='https:\/\/afalesc.com.br\/site\/costelaco-e-dia-das-criancas-afalesc-2024\/default-13\/'><img loading=\"lazy\" decoding=\"async\" width=\"1024\" height=\"576\" src=\"https:\/\/afalesc.com.br\/site\/wp-content\/uploads\/2024\/11\/DJI_20241019150337_0309_D-1-1024x576.jpg\" class=\"attachment-large size-large\" alt=\"\" srcset=\"https:\/\/afalesc.com.br\/site\/wp-content\/uploads\/2024\/11\/DJI_20241019150337_0309_D-1-1024x576.jpg 1024w, https:\/\/afalesc.com.br\/site\/wp-content\/uploads\/2024\/11\/DJI_20241019150337_0309_D-1-300x169.jpg 300w, https:\/\/afalesc.com.br\/site\/wp-content\/uploads\/2024\/11\/DJI_20241019150337_0309_D-1-768x432.jpg 768w, https:\/\/afalesc.com.br\/site\/wp-content\/uploads\/2024\/11\/DJI_20241019150337_0309_D-1-1536x864.jpg 1536w, https:\/\/afalesc.com.br\/site\/wp-content\/uploads\/2024\/11\/DJI_20241019150337_0309_D-1-2048x1152.jpg 2048w, https:\/\/afalesc.com.br\/site\/wp-content\/uploads\/2024\/11\/DJI_20241019150337_0309_D-1-700x394.jpg 700w, https:\/\/afalesc.com.br\/site\/wp-content\/uploads\/2024\/11\/DJI_20241019150337_0309_D-1-539x303.jpg 539w\" sizes=\"auto, (max-width: 1024px) 100vw, 1024px\" \/><\/a>\n\t\t\t<\/dt><\/dl><br style=\"clear: both\" \/><dl class='gallery-item'>\n\t\t\t<dt class='gallery-icon landscape'>\n\t\t\t\t<a href='https:\/\/afalesc.com.br\/site\/costelaco-e-dia-das-criancas-afalesc-2024\/default-14\/'><img loading=\"lazy\" decoding=\"async\" width=\"1024\" height=\"576\" src=\"https:\/\/afalesc.com.br\/site\/wp-content\/uploads\/2024\/11\/DJI_20241019150340_0310_D-1-1024x576.jpg\" class=\"attachment-large size-large\" alt=\"\" srcset=\"https:\/\/afalesc.com.br\/site\/wp-content\/uploads\/2024\/11\/DJI_20241019150340_0310_D-1-1024x576.jpg 1024w, https:\/\/afalesc.com.br\/site\/wp-content\/uploads\/2024\/11\/DJI_20241019150340_0310_D-1-300x169.jpg 300w, https:\/\/afalesc.com.br\/site\/wp-content\/uploads\/2024\/11\/DJI_20241019150340_0310_D-1-768x432.jpg 768w, https:\/\/afalesc.com.br\/site\/wp-content\/uploads\/2024\/11\/DJI_20241019150340_0310_D-1-1536x864.jpg 1536w, https:\/\/afalesc.com.br\/site\/wp-content\/uploads\/2024\/11\/DJI_20241019150340_0310_D-1-2048x1152.jpg 2048w, https:\/\/afalesc.com.br\/site\/wp-content\/uploads\/2024\/11\/DJI_20241019150340_0310_D-1-700x394.jpg 700w, https:\/\/afalesc.com.br\/site\/wp-content\/uploads\/2024\/11\/DJI_20241019150340_0310_D-1-539x303.jpg 539w\" sizes=\"auto, (max-width: 1024px) 100vw, 1024px\" \/><\/a>\n\t\t\t<\/dt><\/dl><br style=\"clear: both\" \/><dl class='gallery-item'>\n\t\t\t<dt class='gallery-icon landscape'>\n\t\t\t\t<a href='https:\/\/afalesc.com.br\/site\/costelaco-e-dia-das-criancas-afalesc-2024\/default-15\/'><img loading=\"lazy\" decoding=\"async\" width=\"1024\" height=\"576\" src=\"https:\/\/afalesc.com.br\/site\/wp-content\/uploads\/2024\/11\/DJI_20241019150422_0314_D-1-1024x576.jpg\" class=\"attachment-large size-large\" alt=\"\" srcset=\"https:\/\/afalesc.com.br\/site\/wp-content\/uploads\/2024\/11\/DJI_20241019150422_0314_D-1-1024x576.jpg 1024w, https:\/\/afalesc.com.br\/site\/wp-content\/uploads\/2024\/11\/DJI_20241019150422_0314_D-1-300x169.jpg 300w, https:\/\/afalesc.com.br\/site\/wp-content\/uploads\/2024\/11\/DJI_20241019150422_0314_D-1-768x432.jpg 768w, https:\/\/afalesc.com.br\/site\/wp-content\/uploads\/2024\/11\/DJI_20241019150422_0314_D-1-1536x864.jpg 1536w, https:\/\/afalesc.com.br\/site\/wp-content\/uploads\/2024\/11\/DJI_20241019150422_0314_D-1-2048x1152.jpg 2048w, https:\/\/afalesc.com.br\/site\/wp-content\/uploads\/2024\/11\/DJI_20241019150422_0314_D-1-700x394.jpg 700w, https:\/\/afalesc.com.br\/site\/wp-content\/uploads\/2024\/11\/DJI_20241019150422_0314_D-1-539x303.jpg 539w\" sizes=\"auto, (max-width: 1024px) 100vw, 1024px\" \/><\/a>\n\t\t\t<\/dt><\/dl><br style=\"clear: both\" \/><dl class='gallery-item'>\n\t\t\t<dt class='gallery-icon landscape'>\n\t\t\t\t<a href='https:\/\/afalesc.com.br\/site\/costelaco-e-dia-das-criancas-afalesc-2024\/default-16\/'><img loading=\"lazy\" decoding=\"async\" width=\"1024\" height=\"576\" src=\"https:\/\/afalesc.com.br\/site\/wp-content\/uploads\/2024\/11\/DJI_20241019150454_0315_D-1-1024x576.jpg\" class=\"attachment-large size-large\" alt=\"\" srcset=\"https:\/\/afalesc.com.br\/site\/wp-content\/uploads\/2024\/11\/DJI_20241019150454_0315_D-1-1024x576.jpg 1024w, https:\/\/afalesc.com.br\/site\/wp-content\/uploads\/2024\/11\/DJI_20241019150454_0315_D-1-300x169.jpg 300w, https:\/\/afalesc.com.br\/site\/wp-content\/uploads\/2024\/11\/DJI_20241019150454_0315_D-1-768x432.jpg 768w, https:\/\/afalesc.com.br\/site\/wp-content\/uploads\/2024\/11\/DJI_20241019150454_0315_D-1-1536x864.jpg 1536w, https:\/\/afalesc.com.br\/site\/wp-content\/uploads\/2024\/11\/DJI_20241019150454_0315_D-1-2048x1152.jpg 2048w, https:\/\/afalesc.com.br\/site\/wp-content\/uploads\/2024\/11\/DJI_20241019150454_0315_D-1-700x394.jpg 700w, https:\/\/afalesc.com.br\/site\/wp-content\/uploads\/2024\/11\/DJI_20241019150454_0315_D-1-539x303.jpg 539w\" sizes=\"auto, (max-width: 1024px) 100vw, 1024px\" \/><\/a>\n\t\t\t<\/dt><\/dl><br style=\"clear: both\" \/><dl class='gallery-item'>\n\t\t\t<dt class='gallery-icon landscape'>\n\t\t\t\t<a href='https:\/\/afalesc.com.br\/site\/costelaco-e-dia-das-criancas-afalesc-2024\/img_1774\/'><img loading=\"lazy\" decoding=\"async\" width=\"1024\" height=\"683\" src=\"https:\/\/afalesc.com.br\/site\/wp-content\/uploads\/2024\/11\/IMG_1774-1024x683.jpg\" class=\"attachment-large size-large\" alt=\"\" srcset=\"https:\/\/afalesc.com.br\/site\/wp-content\/uploads\/2024\/11\/IMG_1774-1024x683.jpg 1024w, https:\/\/afalesc.com.br\/site\/wp-content\/uploads\/2024\/11\/IMG_1774-300x200.jpg 300w, https:\/\/afalesc.com.br\/site\/wp-content\/uploads\/2024\/11\/IMG_1774-768x512.jpg 768w, https:\/\/afalesc.com.br\/site\/wp-content\/uploads\/2024\/11\/IMG_1774-1536x1024.jpg 1536w, https:\/\/afalesc.com.br\/site\/wp-content\/uploads\/2024\/11\/IMG_1774-2048x1365.jpg 2048w, https:\/\/afalesc.com.br\/site\/wp-content\/uploads\/2024\/11\/IMG_1774-700x467.jpg 700w\" sizes=\"auto, (max-width: 1024px) 100vw, 1024px\" \/><\/a>\n\t\t\t<\/dt><\/dl><br style=\"clear: both\" \/><dl class='gallery-item'>\n\t\t\t<dt class='gallery-icon landscape'>\n\t\t\t\t<a href='https:\/\/afalesc.com.br\/site\/costelaco-e-dia-das-criancas-afalesc-2024\/img_1775\/'><img loading=\"lazy\" decoding=\"async\" width=\"1024\" height=\"683\" src=\"https:\/\/afalesc.com.br\/site\/wp-content\/uploads\/2024\/11\/IMG_1775-1024x683.jpg\" class=\"attachment-large size-large\" alt=\"\" srcset=\"https:\/\/afalesc.com.br\/site\/wp-content\/uploads\/2024\/11\/IMG_1775-1024x683.jpg 1024w, https:\/\/afalesc.com.br\/site\/wp-content\/uploads\/2024\/11\/IMG_1775-300x200.jpg 300w, https:\/\/afalesc.com.br\/site\/wp-content\/uploads\/2024\/11\/IMG_1775-768x512.jpg 768w, https:\/\/afalesc.com.br\/site\/wp-content\/uploads\/2024\/11\/IMG_1775-1536x1024.jpg 1536w, https:\/\/afalesc.com.br\/site\/wp-content\/uploads\/2024\/11\/IMG_1775-2048x1365.jpg 2048w, https:\/\/afalesc.com.br\/site\/wp-content\/uploads\/2024\/11\/IMG_1775-700x467.jpg 700w\" sizes=\"auto, (max-width: 1024px) 100vw, 1024px\" \/><\/a>\n\t\t\t<\/dt><\/dl><br style=\"clear: both\" \/><dl class='gallery-item'>\n\t\t\t<dt class='gallery-icon landscape'>\n\t\t\t\t<a href='https:\/\/afalesc.com.br\/site\/costelaco-e-dia-das-criancas-afalesc-2024\/img_1776\/'><img loading=\"lazy\" decoding=\"async\" width=\"1024\" height=\"683\" src=\"https:\/\/afalesc.com.br\/site\/wp-content\/uploads\/2024\/11\/IMG_1776-1024x683.jpg\" class=\"attachment-large size-large\" alt=\"\" srcset=\"https:\/\/afalesc.com.br\/site\/wp-content\/uploads\/2024\/11\/IMG_1776-1024x683.jpg 1024w, https:\/\/afalesc.com.br\/site\/wp-content\/uploads\/2024\/11\/IMG_1776-300x200.jpg 300w, https:\/\/afalesc.com.br\/site\/wp-content\/uploads\/2024\/11\/IMG_1776-768x512.jpg 768w, https:\/\/afalesc.com.br\/site\/wp-content\/uploads\/2024\/11\/IMG_1776-1536x1024.jpg 1536w, https:\/\/afalesc.com.br\/site\/wp-content\/uploads\/2024\/11\/IMG_1776-2048x1365.jpg 2048w, https:\/\/afalesc.com.br\/site\/wp-content\/uploads\/2024\/11\/IMG_1776-700x467.jpg 700w\" sizes=\"auto, (max-width: 1024px) 100vw, 1024px\" \/><\/a>\n\t\t\t<\/dt><\/dl><br style=\"clear: both\" \/><dl class='gallery-item'>\n\t\t\t<dt class='gallery-icon landscape'>\n\t\t\t\t<a href='https:\/\/afalesc.com.br\/site\/costelaco-e-dia-das-criancas-afalesc-2024\/img_1777\/'><img loading=\"lazy\" decoding=\"async\" width=\"1024\" height=\"683\" src=\"https:\/\/afalesc.com.br\/site\/wp-content\/uploads\/2024\/11\/IMG_1777-1024x683.jpg\" class=\"attachment-large size-large\" alt=\"\" srcset=\"https:\/\/afalesc.com.br\/site\/wp-content\/uploads\/2024\/11\/IMG_1777-1024x683.jpg 1024w, https:\/\/afalesc.com.br\/site\/wp-content\/uploads\/2024\/11\/IMG_1777-300x200.jpg 300w, https:\/\/afalesc.com.br\/site\/wp-content\/uploads\/2024\/11\/IMG_1777-768x512.jpg 768w, https:\/\/afalesc.com.br\/site\/wp-content\/uploads\/2024\/11\/IMG_1777-1536x1024.jpg 1536w, https:\/\/afalesc.com.br\/site\/wp-content\/uploads\/2024\/11\/IMG_1777-2048x1365.jpg 2048w, https:\/\/afalesc.com.br\/site\/wp-content\/uploads\/2024\/11\/IMG_1777-700x467.jpg 700w\" sizes=\"auto, (max-width: 1024px) 100vw, 1024px\" \/><\/a>\n\t\t\t<\/dt><\/dl><br style=\"clear: both\" \/><dl class='gallery-item'>\n\t\t\t<dt class='gallery-icon landscape'>\n\t\t\t\t<a href='https:\/\/afalesc.com.br\/site\/costelaco-e-dia-das-criancas-afalesc-2024\/img_1791\/'><img loading=\"lazy\" decoding=\"async\" width=\"1024\" height=\"683\" src=\"https:\/\/afalesc.com.br\/site\/wp-content\/uploads\/2024\/11\/IMG_1791-1024x683.jpg\" class=\"attachment-large size-large\" alt=\"\" srcset=\"https:\/\/afalesc.com.br\/site\/wp-content\/uploads\/2024\/11\/IMG_1791-1024x683.jpg 1024w, https:\/\/afalesc.com.br\/site\/wp-content\/uploads\/2024\/11\/IMG_1791-300x200.jpg 300w, https:\/\/afalesc.com.br\/site\/wp-content\/uploads\/2024\/11\/IMG_1791-768x512.jpg 768w, https:\/\/afalesc.com.br\/site\/wp-content\/uploads\/2024\/11\/IMG_1791-1536x1024.jpg 1536w, https:\/\/afalesc.com.br\/site\/wp-content\/uploads\/2024\/11\/IMG_1791-2048x1365.jpg 2048w, https:\/\/afalesc.com.br\/site\/wp-content\/uploads\/2024\/11\/IMG_1791-700x467.jpg 700w\" sizes=\"auto, (max-width: 1024px) 100vw, 1024px\" \/><\/a>\n\t\t\t<\/dt><\/dl><br style=\"clear: both\" \/><dl class='gallery-item'>\n\t\t\t<dt class='gallery-icon landscape'>\n\t\t\t\t<a href='https:\/\/afalesc.com.br\/site\/costelaco-e-dia-das-criancas-afalesc-2024\/img_1792\/'><img loading=\"lazy\" decoding=\"async\" width=\"1024\" height=\"683\" src=\"https:\/\/afalesc.com.br\/site\/wp-content\/uploads\/2024\/11\/IMG_1792-1024x683.jpg\" class=\"attachment-large size-large\" alt=\"\" srcset=\"https:\/\/afalesc.com.br\/site\/wp-content\/uploads\/2024\/11\/IMG_1792-1024x683.jpg 1024w, https:\/\/afalesc.com.br\/site\/wp-content\/uploads\/2024\/11\/IMG_1792-300x200.jpg 300w, https:\/\/afalesc.com.br\/site\/wp-content\/uploads\/2024\/11\/IMG_1792-768x512.jpg 768w, https:\/\/afalesc.com.br\/site\/wp-content\/uploads\/2024\/11\/IMG_1792-1536x1024.jpg 1536w, https:\/\/afalesc.com.br\/site\/wp-content\/uploads\/2024\/11\/IMG_1792-2048x1365.jpg 2048w, https:\/\/afalesc.com.br\/site\/wp-content\/uploads\/2024\/11\/IMG_1792-700x467.jpg 700w\" sizes=\"auto, (max-width: 1024px) 100vw, 1024px\" \/><\/a>\n\t\t\t<\/dt><\/dl><br style=\"clear: both\" \/><dl class='gallery-item'>\n\t\t\t<dt class='gallery-icon landscape'>\n\t\t\t\t<a href='https:\/\/afalesc.com.br\/site\/costelaco-e-dia-das-criancas-afalesc-2024\/img_1797\/'><img loading=\"lazy\" decoding=\"async\" width=\"1024\" height=\"683\" src=\"https:\/\/afalesc.com.br\/site\/wp-content\/uploads\/2024\/11\/IMG_1797-1024x683.jpg\" class=\"attachment-large size-large\" alt=\"\" srcset=\"https:\/\/afalesc.com.br\/site\/wp-content\/uploads\/2024\/11\/IMG_1797-1024x683.jpg 1024w, https:\/\/afalesc.com.br\/site\/wp-content\/uploads\/2024\/11\/IMG_1797-300x200.jpg 300w, https:\/\/afalesc.com.br\/site\/wp-content\/uploads\/2024\/11\/IMG_1797-768x512.jpg 768w, https:\/\/afalesc.com.br\/site\/wp-content\/uploads\/2024\/11\/IMG_1797-1536x1024.jpg 1536w, https:\/\/afalesc.com.br\/site\/wp-content\/uploads\/2024\/11\/IMG_1797-2048x1365.jpg 2048w, https:\/\/afalesc.com.br\/site\/wp-content\/uploads\/2024\/11\/IMG_1797-700x467.jpg 700w\" sizes=\"auto, (max-width: 1024px) 100vw, 1024px\" \/><\/a>\n\t\t\t<\/dt><\/dl><br style=\"clear: both\" \/><dl class='gallery-item'>\n\t\t\t<dt class='gallery-icon landscape'>\n\t\t\t\t<a href='https:\/\/afalesc.com.br\/site\/costelaco-e-dia-das-criancas-afalesc-2024\/img_1803\/'><img loading=\"lazy\" decoding=\"async\" width=\"1024\" height=\"683\" src=\"https:\/\/afalesc.com.br\/site\/wp-content\/uploads\/2024\/11\/IMG_1803-1024x683.jpg\" class=\"attachment-large size-large\" alt=\"\" srcset=\"https:\/\/afalesc.com.br\/site\/wp-content\/uploads\/2024\/11\/IMG_1803-1024x683.jpg 1024w, https:\/\/afalesc.com.br\/site\/wp-content\/uploads\/2024\/11\/IMG_1803-300x200.jpg 300w, https:\/\/afalesc.com.br\/site\/wp-content\/uploads\/2024\/11\/IMG_1803-768x512.jpg 768w, https:\/\/afalesc.com.br\/site\/wp-content\/uploads\/2024\/11\/IMG_1803-1536x1024.jpg 1536w, https:\/\/afalesc.com.br\/site\/wp-content\/uploads\/2024\/11\/IMG_1803-2048x1365.jpg 2048w, https:\/\/afalesc.com.br\/site\/wp-content\/uploads\/2024\/11\/IMG_1803-700x467.jpg 700w\" sizes=\"auto, (max-width: 1024px) 100vw, 1024px\" \/><\/a>\n\t\t\t<\/dt><\/dl><br style=\"clear: both\" \/><dl class='gallery-item'>\n\t\t\t<dt class='gallery-icon landscape'>\n\t\t\t\t<a href='https:\/\/afalesc.com.br\/site\/costelaco-e-dia-das-criancas-afalesc-2024\/img_1813\/'><img loading=\"lazy\" decoding=\"async\" width=\"1024\" height=\"683\" src=\"https:\/\/afalesc.com.br\/site\/wp-content\/uploads\/2024\/11\/IMG_1813-1024x683.jpg\" class=\"attachment-large size-large\" alt=\"\" srcset=\"https:\/\/afalesc.com.br\/site\/wp-content\/uploads\/2024\/11\/IMG_1813-1024x683.jpg 1024w, https:\/\/afalesc.com.br\/site\/wp-content\/uploads\/2024\/11\/IMG_1813-300x200.jpg 300w, https:\/\/afalesc.com.br\/site\/wp-content\/uploads\/2024\/11\/IMG_1813-768x512.jpg 768w, https:\/\/afalesc.com.br\/site\/wp-content\/uploads\/2024\/11\/IMG_1813-1536x1024.jpg 1536w, https:\/\/afalesc.com.br\/site\/wp-content\/uploads\/2024\/11\/IMG_1813-2048x1365.jpg 2048w, https:\/\/afalesc.com.br\/site\/wp-content\/uploads\/2024\/11\/IMG_1813-700x467.jpg 700w\" sizes=\"auto, (max-width: 1024px) 100vw, 1024px\" \/><\/a>\n\t\t\t<\/dt><\/dl><br style=\"clear: both\" \/><dl class='gallery-item'>\n\t\t\t<dt class='gallery-icon landscape'>\n\t\t\t\t<a href='https:\/\/afalesc.com.br\/site\/costelaco-e-dia-das-criancas-afalesc-2024\/img_1823\/'><img loading=\"lazy\" decoding=\"async\" width=\"1024\" height=\"683\" src=\"https:\/\/afalesc.com.br\/site\/wp-content\/uploads\/2024\/11\/IMG_1823-1024x683.jpg\" class=\"attachment-large size-large\" alt=\"\" srcset=\"https:\/\/afalesc.com.br\/site\/wp-content\/uploads\/2024\/11\/IMG_1823-1024x683.jpg 1024w, https:\/\/afalesc.com.br\/site\/wp-content\/uploads\/2024\/11\/IMG_1823-300x200.jpg 300w, https:\/\/afalesc.com.br\/site\/wp-content\/uploads\/2024\/11\/IMG_1823-768x512.jpg 768w, https:\/\/afalesc.com.br\/site\/wp-content\/uploads\/2024\/11\/IMG_1823-1536x1024.jpg 1536w, https:\/\/afalesc.com.br\/site\/wp-content\/uploads\/2024\/11\/IMG_1823-2048x1365.jpg 2048w, https:\/\/afalesc.com.br\/site\/wp-content\/uploads\/2024\/11\/IMG_1823-700x467.jpg 700w\" sizes=\"auto, (max-width: 1024px) 100vw, 1024px\" \/><\/a>\n\t\t\t<\/dt><\/dl><br style=\"clear: both\" \/><dl class='gallery-item'>\n\t\t\t<dt class='gallery-icon landscape'>\n\t\t\t\t<a href='https:\/\/afalesc.com.br\/site\/costelaco-e-dia-das-criancas-afalesc-2024\/img_1834\/'><img loading=\"lazy\" decoding=\"async\" width=\"1024\" height=\"683\" src=\"https:\/\/afalesc.com.br\/site\/wp-content\/uploads\/2024\/11\/IMG_1834-1024x683.jpg\" class=\"attachment-large size-large\" alt=\"\" srcset=\"https:\/\/afalesc.com.br\/site\/wp-content\/uploads\/2024\/11\/IMG_1834-1024x683.jpg 1024w, https:\/\/afalesc.com.br\/site\/wp-content\/uploads\/2024\/11\/IMG_1834-300x200.jpg 300w, https:\/\/afalesc.com.br\/site\/wp-content\/uploads\/2024\/11\/IMG_1834-768x512.jpg 768w, https:\/\/afalesc.com.br\/site\/wp-content\/uploads\/2024\/11\/IMG_1834-1536x1024.jpg 1536w, https:\/\/afalesc.com.br\/site\/wp-content\/uploads\/2024\/11\/IMG_1834-2048x1365.jpg 2048w, https:\/\/afalesc.com.br\/site\/wp-content\/uploads\/2024\/11\/IMG_1834-700x467.jpg 700w\" sizes=\"auto, (max-width: 1024px) 100vw, 1024px\" \/><\/a>\n\t\t\t<\/dt><\/dl><br style=\"clear: both\" \/><dl class='gallery-item'>\n\t\t\t<dt class='gallery-icon landscape'>\n\t\t\t\t<a href='https:\/\/afalesc.com.br\/site\/costelaco-e-dia-das-criancas-afalesc-2024\/img_1838\/'><img loading=\"lazy\" decoding=\"async\" width=\"1024\" height=\"683\" src=\"https:\/\/afalesc.com.br\/site\/wp-content\/uploads\/2024\/11\/IMG_1838-1024x683.jpg\" class=\"attachment-large size-large\" alt=\"\" srcset=\"https:\/\/afalesc.com.br\/site\/wp-content\/uploads\/2024\/11\/IMG_1838-1024x683.jpg 1024w, https:\/\/afalesc.com.br\/site\/wp-content\/uploads\/2024\/11\/IMG_1838-300x200.jpg 300w, https:\/\/afalesc.com.br\/site\/wp-content\/uploads\/2024\/11\/IMG_1838-768x512.jpg 768w, https:\/\/afalesc.com.br\/site\/wp-content\/uploads\/2024\/11\/IMG_1838-1536x1024.jpg 1536w, https:\/\/afalesc.com.br\/site\/wp-content\/uploads\/2024\/11\/IMG_1838-2048x1365.jpg 2048w, https:\/\/afalesc.com.br\/site\/wp-content\/uploads\/2024\/11\/IMG_1838-700x467.jpg 700w\" sizes=\"auto, (max-width: 1024px) 100vw, 1024px\" \/><\/a>\n\t\t\t<\/dt><\/dl><br style=\"clear: both\" \/><dl class='gallery-item'>\n\t\t\t<dt class='gallery-icon landscape'>\n\t\t\t\t<a href='https:\/\/afalesc.com.br\/site\/costelaco-e-dia-das-criancas-afalesc-2024\/img_1849\/'><img loading=\"lazy\" decoding=\"async\" width=\"1024\" height=\"683\" src=\"https:\/\/afalesc.com.br\/site\/wp-content\/uploads\/2024\/11\/IMG_1849-1024x683.jpg\" class=\"attachment-large size-large\" alt=\"\" srcset=\"https:\/\/afalesc.com.br\/site\/wp-content\/uploads\/2024\/11\/IMG_1849-1024x683.jpg 1024w, https:\/\/afalesc.com.br\/site\/wp-content\/uploads\/2024\/11\/IMG_1849-300x200.jpg 300w, https:\/\/afalesc.com.br\/site\/wp-content\/uploads\/2024\/11\/IMG_1849-768x512.jpg 768w, https:\/\/afalesc.com.br\/site\/wp-content\/uploads\/2024\/11\/IMG_1849-1536x1024.jpg 1536w, https:\/\/afalesc.com.br\/site\/wp-content\/uploads\/2024\/11\/IMG_1849-2048x1365.jpg 2048w, https:\/\/afalesc.com.br\/site\/wp-content\/uploads\/2024\/11\/IMG_1849-700x467.jpg 700w\" sizes=\"auto, (max-width: 1024px) 100vw, 1024px\" \/><\/a>\n\t\t\t<\/dt><\/dl><br style=\"clear: both\" \/><dl class='gallery-item'>\n\t\t\t<dt class='gallery-icon landscape'>\n\t\t\t\t<a href='https:\/\/afalesc.com.br\/site\/costelaco-e-dia-das-criancas-afalesc-2024\/img_1872\/'><img loading=\"lazy\" decoding=\"async\" width=\"1024\" height=\"683\" src=\"https:\/\/afalesc.com.br\/site\/wp-content\/uploads\/2024\/11\/IMG_1872-1024x683.jpg\" class=\"attachment-large size-large\" alt=\"\" srcset=\"https:\/\/afalesc.com.br\/site\/wp-content\/uploads\/2024\/11\/IMG_1872-1024x683.jpg 1024w, https:\/\/afalesc.com.br\/site\/wp-content\/uploads\/2024\/11\/IMG_1872-300x200.jpg 300w, https:\/\/afalesc.com.br\/site\/wp-content\/uploads\/2024\/11\/IMG_1872-768x512.jpg 768w, https:\/\/afalesc.com.br\/site\/wp-content\/uploads\/2024\/11\/IMG_1872-1536x1024.jpg 1536w, https:\/\/afalesc.com.br\/site\/wp-content\/uploads\/2024\/11\/IMG_1872-2048x1365.jpg 2048w, https:\/\/afalesc.com.br\/site\/wp-content\/uploads\/2024\/11\/IMG_1872-700x467.jpg 700w\" sizes=\"auto, (max-width: 1024px) 100vw, 1024px\" \/><\/a>\n\t\t\t<\/dt><\/dl><br style=\"clear: both\" \/><dl class='gallery-item'>\n\t\t\t<dt class='gallery-icon landscape'>\n\t\t\t\t<a href='https:\/\/afalesc.com.br\/site\/costelaco-e-dia-das-criancas-afalesc-2024\/img_1877\/'><img loading=\"lazy\" decoding=\"async\" width=\"1024\" height=\"683\" src=\"https:\/\/afalesc.com.br\/site\/wp-content\/uploads\/2024\/11\/IMG_1877-1024x683.jpg\" class=\"attachment-large size-large\" alt=\"\" srcset=\"https:\/\/afalesc.com.br\/site\/wp-content\/uploads\/2024\/11\/IMG_1877-1024x683.jpg 1024w, https:\/\/afalesc.com.br\/site\/wp-content\/uploads\/2024\/11\/IMG_1877-300x200.jpg 300w, https:\/\/afalesc.com.br\/site\/wp-content\/uploads\/2024\/11\/IMG_1877-768x512.jpg 768w, https:\/\/afalesc.com.br\/site\/wp-content\/uploads\/2024\/11\/IMG_1877-1536x1024.jpg 1536w, https:\/\/afalesc.com.br\/site\/wp-content\/uploads\/2024\/11\/IMG_1877-2048x1365.jpg 2048w, https:\/\/afalesc.com.br\/site\/wp-content\/uploads\/2024\/11\/IMG_1877-700x467.jpg 700w\" sizes=\"auto, (max-width: 1024px) 100vw, 1024px\" \/><\/a>\n\t\t\t<\/dt><\/dl><br style=\"clear: both\" \/><dl class='gallery-item'>\n\t\t\t<dt class='gallery-icon landscape'>\n\t\t\t\t<a href='https:\/\/afalesc.com.br\/site\/costelaco-e-dia-das-criancas-afalesc-2024\/img_1901\/'><img loading=\"lazy\" decoding=\"async\" width=\"1024\" height=\"683\" src=\"https:\/\/afalesc.com.br\/site\/wp-content\/uploads\/2024\/11\/IMG_1901-1024x683.jpg\" class=\"attachment-large size-large\" alt=\"\" srcset=\"https:\/\/afalesc.com.br\/site\/wp-content\/uploads\/2024\/11\/IMG_1901-1024x683.jpg 1024w, https:\/\/afalesc.com.br\/site\/wp-content\/uploads\/2024\/11\/IMG_1901-300x200.jpg 300w, https:\/\/afalesc.com.br\/site\/wp-content\/uploads\/2024\/11\/IMG_1901-768x512.jpg 768w, https:\/\/afalesc.com.br\/site\/wp-content\/uploads\/2024\/11\/IMG_1901-1536x1024.jpg 1536w, https:\/\/afalesc.com.br\/site\/wp-content\/uploads\/2024\/11\/IMG_1901-2048x1365.jpg 2048w, https:\/\/afalesc.com.br\/site\/wp-content\/uploads\/2024\/11\/IMG_1901-700x467.jpg 700w\" sizes=\"auto, (max-width: 1024px) 100vw, 1024px\" \/><\/a>\n\t\t\t<\/dt><\/dl><br style=\"clear: both\" \/><dl class='gallery-item'>\n\t\t\t<dt class='gallery-icon landscape'>\n\t\t\t\t<a href='https:\/\/afalesc.com.br\/site\/costelaco-e-dia-das-criancas-afalesc-2024\/img_1914\/'><img loading=\"lazy\" decoding=\"async\" width=\"1024\" height=\"683\" src=\"https:\/\/afalesc.com.br\/site\/wp-content\/uploads\/2024\/11\/IMG_1914-1024x683.jpg\" class=\"attachment-large size-large\" alt=\"\" srcset=\"https:\/\/afalesc.com.br\/site\/wp-content\/uploads\/2024\/11\/IMG_1914-1024x683.jpg 1024w, https:\/\/afalesc.com.br\/site\/wp-content\/uploads\/2024\/11\/IMG_1914-300x200.jpg 300w, https:\/\/afalesc.com.br\/site\/wp-content\/uploads\/2024\/11\/IMG_1914-768x512.jpg 768w, https:\/\/afalesc.com.br\/site\/wp-content\/uploads\/2024\/11\/IMG_1914-1536x1024.jpg 1536w, https:\/\/afalesc.com.br\/site\/wp-content\/uploads\/2024\/11\/IMG_1914-2048x1365.jpg 2048w, https:\/\/afalesc.com.br\/site\/wp-content\/uploads\/2024\/11\/IMG_1914-700x467.jpg 700w\" sizes=\"auto, (max-width: 1024px) 100vw, 1024px\" \/><\/a>\n\t\t\t<\/dt><\/dl><br style=\"clear: both\" \/><dl class='gallery-item'>\n\t\t\t<dt class='gallery-icon landscape'>\n\t\t\t\t<a href='https:\/\/afalesc.com.br\/site\/costelaco-e-dia-das-criancas-afalesc-2024\/img_1917\/'><img loading=\"lazy\" decoding=\"async\" width=\"1024\" height=\"683\" src=\"https:\/\/afalesc.com.br\/site\/wp-content\/uploads\/2024\/11\/IMG_1917-1024x683.jpg\" class=\"attachment-large size-large\" alt=\"\" srcset=\"https:\/\/afalesc.com.br\/site\/wp-content\/uploads\/2024\/11\/IMG_1917-1024x683.jpg 1024w, https:\/\/afalesc.com.br\/site\/wp-content\/uploads\/2024\/11\/IMG_1917-300x200.jpg 300w, https:\/\/afalesc.com.br\/site\/wp-content\/uploads\/2024\/11\/IMG_1917-768x512.jpg 768w, https:\/\/afalesc.com.br\/site\/wp-content\/uploads\/2024\/11\/IMG_1917-1536x1024.jpg 1536w, https:\/\/afalesc.com.br\/site\/wp-content\/uploads\/2024\/11\/IMG_1917-2048x1365.jpg 2048w, https:\/\/afalesc.com.br\/site\/wp-content\/uploads\/2024\/11\/IMG_1917-700x467.jpg 700w\" sizes=\"auto, (max-width: 1024px) 100vw, 1024px\" \/><\/a>\n\t\t\t<\/dt><\/dl><br style=\"clear: both\" \/><dl class='gallery-item'>\n\t\t\t<dt class='gallery-icon landscape'>\n\t\t\t\t<a href='https:\/\/afalesc.com.br\/site\/costelaco-e-dia-das-criancas-afalesc-2024\/img_1927\/'><img loading=\"lazy\" decoding=\"async\" width=\"1024\" height=\"683\" src=\"https:\/\/afalesc.com.br\/site\/wp-content\/uploads\/2024\/11\/IMG_1927-1024x683.jpg\" class=\"attachment-large size-large\" alt=\"\" srcset=\"https:\/\/afalesc.com.br\/site\/wp-content\/uploads\/2024\/11\/IMG_1927-1024x683.jpg 1024w, https:\/\/afalesc.com.br\/site\/wp-content\/uploads\/2024\/11\/IMG_1927-300x200.jpg 300w, https:\/\/afalesc.com.br\/site\/wp-content\/uploads\/2024\/11\/IMG_1927-768x512.jpg 768w, https:\/\/afalesc.com.br\/site\/wp-content\/uploads\/2024\/11\/IMG_1927-1536x1024.jpg 1536w, https:\/\/afalesc.com.br\/site\/wp-content\/uploads\/2024\/11\/IMG_1927-2048x1365.jpg 2048w, https:\/\/afalesc.com.br\/site\/wp-content\/uploads\/2024\/11\/IMG_1927-700x467.jpg 700w\" sizes=\"auto, (max-width: 1024px) 100vw, 1024px\" \/><\/a>\n\t\t\t<\/dt><\/dl><br style=\"clear: both\" \/><dl class='gallery-item'>\n\t\t\t<dt class='gallery-icon landscape'>\n\t\t\t\t<a href='https:\/\/afalesc.com.br\/site\/costelaco-e-dia-das-criancas-afalesc-2024\/img_2024\/'><img loading=\"lazy\" decoding=\"async\" width=\"1024\" height=\"683\" src=\"https:\/\/afalesc.com.br\/site\/wp-content\/uploads\/2024\/11\/IMG_2024-1024x683.jpg\" class=\"attachment-large size-large\" alt=\"\" srcset=\"https:\/\/afalesc.com.br\/site\/wp-content\/uploads\/2024\/11\/IMG_2024-1024x683.jpg 1024w, https:\/\/afalesc.com.br\/site\/wp-content\/uploads\/2024\/11\/IMG_2024-300x200.jpg 300w, https:\/\/afalesc.com.br\/site\/wp-content\/uploads\/2024\/11\/IMG_2024-768x512.jpg 768w, https:\/\/afalesc.com.br\/site\/wp-content\/uploads\/2024\/11\/IMG_2024-1536x1024.jpg 1536w, https:\/\/afalesc.com.br\/site\/wp-content\/uploads\/2024\/11\/IMG_2024-2048x1365.jpg 2048w, https:\/\/afalesc.com.br\/site\/wp-content\/uploads\/2024\/11\/IMG_2024-700x467.jpg 700w\" sizes=\"auto, (max-width: 1024px) 100vw, 1024px\" \/><\/a>\n\t\t\t<\/dt><\/dl><br style=\"clear: both\" \/><dl class='gallery-item'>\n\t\t\t<dt class='gallery-icon landscape'>\n\t\t\t\t<a href='https:\/\/afalesc.com.br\/site\/costelaco-e-dia-das-criancas-afalesc-2024\/img_1943\/'><img loading=\"lazy\" decoding=\"async\" width=\"1024\" height=\"683\" src=\"https:\/\/afalesc.com.br\/site\/wp-content\/uploads\/2024\/11\/IMG_1943-1024x683.jpg\" class=\"attachment-large size-large\" alt=\"\" srcset=\"https:\/\/afalesc.com.br\/site\/wp-content\/uploads\/2024\/11\/IMG_1943-1024x683.jpg 1024w, https:\/\/afalesc.com.br\/site\/wp-content\/uploads\/2024\/11\/IMG_1943-300x200.jpg 300w, https:\/\/afalesc.com.br\/site\/wp-content\/uploads\/2024\/11\/IMG_1943-768x512.jpg 768w, https:\/\/afalesc.com.br\/site\/wp-content\/uploads\/2024\/11\/IMG_1943-1536x1024.jpg 1536w, https:\/\/afalesc.com.br\/site\/wp-content\/uploads\/2024\/11\/IMG_1943-2048x1365.jpg 2048w, https:\/\/afalesc.com.br\/site\/wp-content\/uploads\/2024\/11\/IMG_1943-700x467.jpg 700w\" sizes=\"auto, (max-width: 1024px) 100vw, 1024px\" \/><\/a>\n\t\t\t<\/dt><\/dl><br style=\"clear: both\" \/><dl class='gallery-item'>\n\t\t\t<dt class='gallery-icon landscape'>\n\t\t\t\t<a href='https:\/\/afalesc.com.br\/site\/costelaco-e-dia-das-criancas-afalesc-2024\/img_2025\/'><img loading=\"lazy\" decoding=\"async\" width=\"1024\" height=\"683\" src=\"https:\/\/afalesc.com.br\/site\/wp-content\/uploads\/2024\/11\/IMG_2025-1024x683.jpg\" class=\"attachment-large size-large\" alt=\"\" srcset=\"https:\/\/afalesc.com.br\/site\/wp-content\/uploads\/2024\/11\/IMG_2025-1024x683.jpg 1024w, https:\/\/afalesc.com.br\/site\/wp-content\/uploads\/2024\/11\/IMG_2025-300x200.jpg 300w, https:\/\/afalesc.com.br\/site\/wp-content\/uploads\/2024\/11\/IMG_2025-768x512.jpg 768w, https:\/\/afalesc.com.br\/site\/wp-content\/uploads\/2024\/11\/IMG_2025-1536x1024.jpg 1536w, https:\/\/afalesc.com.br\/site\/wp-content\/uploads\/2024\/11\/IMG_2025-2048x1365.jpg 2048w, https:\/\/afalesc.com.br\/site\/wp-content\/uploads\/2024\/11\/IMG_2025-700x467.jpg 700w\" sizes=\"auto, (max-width: 1024px) 100vw, 1024px\" \/><\/a>\n\t\t\t<\/dt><\/dl><br style=\"clear: both\" \/><dl class='gallery-item'>\n\t\t\t<dt class='gallery-icon landscape'>\n\t\t\t\t<a href='https:\/\/afalesc.com.br\/site\/costelaco-e-dia-das-criancas-afalesc-2024\/img_2032\/'><img loading=\"lazy\" decoding=\"async\" width=\"1024\" height=\"683\" src=\"https:\/\/afalesc.com.br\/site\/wp-content\/uploads\/2024\/11\/IMG_2032-1024x683.jpg\" class=\"attachment-large size-large\" alt=\"\" srcset=\"https:\/\/afalesc.com.br\/site\/wp-content\/uploads\/2024\/11\/IMG_2032-1024x683.jpg 1024w, https:\/\/afalesc.com.br\/site\/wp-content\/uploads\/2024\/11\/IMG_2032-300x200.jpg 300w, https:\/\/afalesc.com.br\/site\/wp-content\/uploads\/2024\/11\/IMG_2032-768x512.jpg 768w, https:\/\/afalesc.com.br\/site\/wp-content\/uploads\/2024\/11\/IMG_2032-1536x1024.jpg 1536w, https:\/\/afalesc.com.br\/site\/wp-content\/uploads\/2024\/11\/IMG_2032-2048x1365.jpg 2048w, https:\/\/afalesc.com.br\/site\/wp-content\/uploads\/2024\/11\/IMG_2032-700x467.jpg 700w\" sizes=\"auto, (max-width: 1024px) 100vw, 1024px\" \/><\/a>\n\t\t\t<\/dt><\/dl><br style=\"clear: both\" \/><dl class='gallery-item'>\n\t\t\t<dt class='gallery-icon landscape'>\n\t\t\t\t<a href='https:\/\/afalesc.com.br\/site\/costelaco-e-dia-das-criancas-afalesc-2024\/img_2027\/'><img loading=\"lazy\" decoding=\"async\" width=\"1024\" height=\"683\" src=\"https:\/\/afalesc.com.br\/site\/wp-content\/uploads\/2024\/11\/IMG_2027-1024x683.jpg\" class=\"attachment-large size-large\" alt=\"\" srcset=\"https:\/\/afalesc.com.br\/site\/wp-content\/uploads\/2024\/11\/IMG_2027-1024x683.jpg 1024w, https:\/\/afalesc.com.br\/site\/wp-content\/uploads\/2024\/11\/IMG_2027-300x200.jpg 300w, https:\/\/afalesc.com.br\/site\/wp-content\/uploads\/2024\/11\/IMG_2027-768x512.jpg 768w, https:\/\/afalesc.com.br\/site\/wp-content\/uploads\/2024\/11\/IMG_2027-1536x1024.jpg 1536w, https:\/\/afalesc.com.br\/site\/wp-content\/uploads\/2024\/11\/IMG_2027-2048x1365.jpg 2048w, https:\/\/afalesc.com.br\/site\/wp-content\/uploads\/2024\/11\/IMG_2027-700x467.jpg 700w\" sizes=\"auto, (max-width: 1024px) 100vw, 1024px\" \/><\/a>\n\t\t\t<\/dt><\/dl><br style=\"clear: both\" \/><dl class='gallery-item'>\n\t\t\t<dt class='gallery-icon landscape'>\n\t\t\t\t<a href='https:\/\/afalesc.com.br\/site\/costelaco-e-dia-das-criancas-afalesc-2024\/img_1965\/'><img loading=\"lazy\" decoding=\"async\" width=\"1024\" height=\"683\" src=\"https:\/\/afalesc.com.br\/site\/wp-content\/uploads\/2024\/11\/IMG_1965-1024x683.jpg\" class=\"attachment-large size-large\" alt=\"\" srcset=\"https:\/\/afalesc.com.br\/site\/wp-content\/uploads\/2024\/11\/IMG_1965-1024x683.jpg 1024w, https:\/\/afalesc.com.br\/site\/wp-content\/uploads\/2024\/11\/IMG_1965-300x200.jpg 300w, https:\/\/afalesc.com.br\/site\/wp-content\/uploads\/2024\/11\/IMG_1965-768x512.jpg 768w, https:\/\/afalesc.com.br\/site\/wp-content\/uploads\/2024\/11\/IMG_1965-1536x1024.jpg 1536w, https:\/\/afalesc.com.br\/site\/wp-content\/uploads\/2024\/11\/IMG_1965-2048x1365.jpg 2048w, https:\/\/afalesc.com.br\/site\/wp-content\/uploads\/2024\/11\/IMG_1965-700x467.jpg 700w\" sizes=\"auto, (max-width: 1024px) 100vw, 1024px\" \/><\/a>\n\t\t\t<\/dt><\/dl><br style=\"clear: both\" \/><dl class='gallery-item'>\n\t\t\t<dt class='gallery-icon portrait'>\n\t\t\t\t<a href='https:\/\/afalesc.com.br\/site\/costelaco-e-dia-das-criancas-afalesc-2024\/dscf7845-2\/'><img loading=\"lazy\" decoding=\"async\" width=\"683\" height=\"1024\" src=\"https:\/\/afalesc.com.br\/site\/wp-content\/uploads\/2024\/11\/DSCF7845-1-683x1024.jpg\" class=\"attachment-large size-large\" alt=\"\" srcset=\"https:\/\/afalesc.com.br\/site\/wp-content\/uploads\/2024\/11\/DSCF7845-1-683x1024.jpg 683w, https:\/\/afalesc.com.br\/site\/wp-content\/uploads\/2024\/11\/DSCF7845-1-200x300.jpg 200w, https:\/\/afalesc.com.br\/site\/wp-content\/uploads\/2024\/11\/DSCF7845-1-768x1152.jpg 768w, https:\/\/afalesc.com.br\/site\/wp-content\/uploads\/2024\/11\/DSCF7845-1-1024x1536.jpg 1024w, https:\/\/afalesc.com.br\/site\/wp-content\/uploads\/2024\/11\/DSCF7845-1-1365x2048.jpg 1365w, https:\/\/afalesc.com.br\/site\/wp-content\/uploads\/2024\/11\/DSCF7845-1-700x1050.jpg 700w, https:\/\/afalesc.com.br\/site\/wp-content\/uploads\/2024\/11\/DSCF7845-1-scaled.jpg 1707w\" sizes=\"auto, (max-width: 683px) 100vw, 683px\" \/><\/a>\n\t\t\t<\/dt><\/dl><br style=\"clear: both\" \/><dl class='gallery-item'>\n\t\t\t<dt class='gallery-icon landscape'>\n\t\t\t\t<a href='https:\/\/afalesc.com.br\/site\/costelaco-e-dia-das-criancas-afalesc-2024\/dscf7846-2\/'><img loading=\"lazy\" decoding=\"async\" width=\"1024\" height=\"683\" src=\"https:\/\/afalesc.com.br\/site\/wp-content\/uploads\/2024\/11\/DSCF7846-1-1024x683.jpg\" class=\"attachment-large size-large\" alt=\"\" srcset=\"https:\/\/afalesc.com.br\/site\/wp-content\/uploads\/2024\/11\/DSCF7846-1-1024x683.jpg 1024w, https:\/\/afalesc.com.br\/site\/wp-content\/uploads\/2024\/11\/DSCF7846-1-300x200.jpg 300w, https:\/\/afalesc.com.br\/site\/wp-content\/uploads\/2024\/11\/DSCF7846-1-768x512.jpg 768w, https:\/\/afalesc.com.br\/site\/wp-content\/uploads\/2024\/11\/DSCF7846-1-1536x1024.jpg 1536w, https:\/\/afalesc.com.br\/site\/wp-content\/uploads\/2024\/11\/DSCF7846-1-2048x1365.jpg 2048w, https:\/\/afalesc.com.br\/site\/wp-content\/uploads\/2024\/11\/DSCF7846-1-700x467.jpg 700w\" sizes=\"auto, (max-width: 1024px) 100vw, 1024px\" \/><\/a>\n\t\t\t<\/dt><\/dl><br style=\"clear: both\" \/><dl class='gallery-item'>\n\t\t\t<dt class='gallery-icon landscape'>\n\t\t\t\t<a href='https:\/\/afalesc.com.br\/site\/costelaco-e-dia-das-criancas-afalesc-2024\/dscf7847-2\/'><img loading=\"lazy\" decoding=\"async\" width=\"1024\" height=\"683\" src=\"https:\/\/afalesc.com.br\/site\/wp-content\/uploads\/2024\/11\/DSCF7847-1-1024x683.jpg\" class=\"attachment-large size-large\" alt=\"\" srcset=\"https:\/\/afalesc.com.br\/site\/wp-content\/uploads\/2024\/11\/DSCF7847-1-1024x683.jpg 1024w, https:\/\/afalesc.com.br\/site\/wp-content\/uploads\/2024\/11\/DSCF7847-1-300x200.jpg 300w, https:\/\/afalesc.com.br\/site\/wp-content\/uploads\/2024\/11\/DSCF7847-1-768x512.jpg 768w, https:\/\/afalesc.com.br\/site\/wp-content\/uploads\/2024\/11\/DSCF7847-1-1536x1024.jpg 1536w, https:\/\/afalesc.com.br\/site\/wp-content\/uploads\/2024\/11\/DSCF7847-1-2048x1365.jpg 2048w, https:\/\/afalesc.com.br\/site\/wp-content\/uploads\/2024\/11\/DSCF7847-1-700x467.jpg 700w\" sizes=\"auto, (max-width: 1024px) 100vw, 1024px\" \/><\/a>\n\t\t\t<\/dt><\/dl><br style=\"clear: both\" \/><dl class='gallery-item'>\n\t\t\t<dt class='gallery-icon portrait'>\n\t\t\t\t<a href='https:\/\/afalesc.com.br\/site\/costelaco-e-dia-das-criancas-afalesc-2024\/dscf7850-2\/'><img loading=\"lazy\" decoding=\"async\" width=\"683\" height=\"1024\" src=\"https:\/\/afalesc.com.br\/site\/wp-content\/uploads\/2024\/11\/DSCF7850-1-683x1024.jpg\" class=\"attachment-large size-large\" alt=\"\" srcset=\"https:\/\/afalesc.com.br\/site\/wp-content\/uploads\/2024\/11\/DSCF7850-1-683x1024.jpg 683w, https:\/\/afalesc.com.br\/site\/wp-content\/uploads\/2024\/11\/DSCF7850-1-200x300.jpg 200w, https:\/\/afalesc.com.br\/site\/wp-content\/uploads\/2024\/11\/DSCF7850-1-768x1152.jpg 768w, https:\/\/afalesc.com.br\/site\/wp-content\/uploads\/2024\/11\/DSCF7850-1-1024x1536.jpg 1024w, https:\/\/afalesc.com.br\/site\/wp-content\/uploads\/2024\/11\/DSCF7850-1-1365x2048.jpg 1365w, https:\/\/afalesc.com.br\/site\/wp-content\/uploads\/2024\/11\/DSCF7850-1-700x1050.jpg 700w, https:\/\/afalesc.com.br\/site\/wp-content\/uploads\/2024\/11\/DSCF7850-1-scaled.jpg 1707w\" sizes=\"auto, (max-width: 683px) 100vw, 683px\" \/><\/a>\n\t\t\t<\/dt><\/dl><br style=\"clear: both\" \/><dl class='gallery-item'>\n\t\t\t<dt class='gallery-icon portrait'>\n\t\t\t\t<a href='https:\/\/afalesc.com.br\/site\/costelaco-e-dia-das-criancas-afalesc-2024\/dscf7854-2\/'><img loading=\"lazy\" decoding=\"async\" width=\"683\" height=\"1024\" src=\"https:\/\/afalesc.com.br\/site\/wp-content\/uploads\/2024\/11\/DSCF7854-1-683x1024.jpg\" class=\"attachment-large size-large\" alt=\"\" srcset=\"https:\/\/afalesc.com.br\/site\/wp-content\/uploads\/2024\/11\/DSCF7854-1-683x1024.jpg 683w, https:\/\/afalesc.com.br\/site\/wp-content\/uploads\/2024\/11\/DSCF7854-1-200x300.jpg 200w, https:\/\/afalesc.com.br\/site\/wp-content\/uploads\/2024\/11\/DSCF7854-1-768x1152.jpg 768w, https:\/\/afalesc.com.br\/site\/wp-content\/uploads\/2024\/11\/DSCF7854-1-1024x1536.jpg 1024w, https:\/\/afalesc.com.br\/site\/wp-content\/uploads\/2024\/11\/DSCF7854-1-1365x2048.jpg 1365w, https:\/\/afalesc.com.br\/site\/wp-content\/uploads\/2024\/11\/DSCF7854-1-700x1050.jpg 700w, https:\/\/afalesc.com.br\/site\/wp-content\/uploads\/2024\/11\/DSCF7854-1-scaled.jpg 1707w\" sizes=\"auto, (max-width: 683px) 100vw, 683px\" \/><\/a>\n\t\t\t<\/dt><\/dl><br style=\"clear: both\" \/><dl class='gallery-item'>\n\t\t\t<dt class='gallery-icon portrait'>\n\t\t\t\t<a href='https:\/\/afalesc.com.br\/site\/costelaco-e-dia-das-criancas-afalesc-2024\/dscf7862-2\/'><img loading=\"lazy\" decoding=\"async\" width=\"683\" height=\"1024\" src=\"https:\/\/afalesc.com.br\/site\/wp-content\/uploads\/2024\/11\/DSCF7862-1-683x1024.jpg\" class=\"attachment-large size-large\" alt=\"\" srcset=\"https:\/\/afalesc.com.br\/site\/wp-content\/uploads\/2024\/11\/DSCF7862-1-683x1024.jpg 683w, https:\/\/afalesc.com.br\/site\/wp-content\/uploads\/2024\/11\/DSCF7862-1-200x300.jpg 200w, https:\/\/afalesc.com.br\/site\/wp-content\/uploads\/2024\/11\/DSCF7862-1-768x1152.jpg 768w, https:\/\/afalesc.com.br\/site\/wp-content\/uploads\/2024\/11\/DSCF7862-1-1024x1536.jpg 1024w, https:\/\/afalesc.com.br\/site\/wp-content\/uploads\/2024\/11\/DSCF7862-1-1365x2048.jpg 1365w, https:\/\/afalesc.com.br\/site\/wp-content\/uploads\/2024\/11\/DSCF7862-1-700x1050.jpg 700w, https:\/\/afalesc.com.br\/site\/wp-content\/uploads\/2024\/11\/DSCF7862-1-scaled.jpg 1707w\" sizes=\"auto, (max-width: 683px) 100vw, 683px\" \/><\/a>\n\t\t\t<\/dt><\/dl><br style=\"clear: both\" \/><dl class='gallery-item'>\n\t\t\t<dt class='gallery-icon landscape'>\n\t\t\t\t<a href='https:\/\/afalesc.com.br\/site\/costelaco-e-dia-das-criancas-afalesc-2024\/dscf7869-2\/'><img loading=\"lazy\" decoding=\"async\" width=\"1024\" height=\"683\" src=\"https:\/\/afalesc.com.br\/site\/wp-content\/uploads\/2024\/11\/DSCF7869-1-1024x683.jpg\" class=\"attachment-large size-large\" alt=\"\" srcset=\"https:\/\/afalesc.com.br\/site\/wp-content\/uploads\/2024\/11\/DSCF7869-1-1024x683.jpg 1024w, https:\/\/afalesc.com.br\/site\/wp-content\/uploads\/2024\/11\/DSCF7869-1-300x200.jpg 300w, https:\/\/afalesc.com.br\/site\/wp-content\/uploads\/2024\/11\/DSCF7869-1-768x512.jpg 768w, https:\/\/afalesc.com.br\/site\/wp-content\/uploads\/2024\/11\/DSCF7869-1-1536x1024.jpg 1536w, https:\/\/afalesc.com.br\/site\/wp-content\/uploads\/2024\/11\/DSCF7869-1-2048x1365.jpg 2048w, https:\/\/afalesc.com.br\/site\/wp-content\/uploads\/2024\/11\/DSCF7869-1-700x467.jpg 700w\" sizes=\"auto, (max-width: 1024px) 100vw, 1024px\" \/><\/a>\n\t\t\t<\/dt><\/dl><br style=\"clear: both\" \/><dl class='gallery-item'>\n\t\t\t<dt class='gallery-icon portrait'>\n\t\t\t\t<a href='https:\/\/afalesc.com.br\/site\/costelaco-e-dia-das-criancas-afalesc-2024\/dscf7872-2\/'><img loading=\"lazy\" decoding=\"async\" width=\"683\" height=\"1024\" src=\"https:\/\/afalesc.com.br\/site\/wp-content\/uploads\/2024\/11\/DSCF7872-1-683x1024.jpg\" class=\"attachment-large size-large\" alt=\"\" srcset=\"https:\/\/afalesc.com.br\/site\/wp-content\/uploads\/2024\/11\/DSCF7872-1-683x1024.jpg 683w, https:\/\/afalesc.com.br\/site\/wp-content\/uploads\/2024\/11\/DSCF7872-1-200x300.jpg 200w, https:\/\/afalesc.com.br\/site\/wp-content\/uploads\/2024\/11\/DSCF7872-1-768x1152.jpg 768w, https:\/\/afalesc.com.br\/site\/wp-content\/uploads\/2024\/11\/DSCF7872-1-1024x1536.jpg 1024w, https:\/\/afalesc.com.br\/site\/wp-content\/uploads\/2024\/11\/DSCF7872-1-1365x2048.jpg 1365w, https:\/\/afalesc.com.br\/site\/wp-content\/uploads\/2024\/11\/DSCF7872-1-700x1050.jpg 700w, https:\/\/afalesc.com.br\/site\/wp-content\/uploads\/2024\/11\/DSCF7872-1-scaled.jpg 1707w\" sizes=\"auto, (max-width: 683px) 100vw, 683px\" \/><\/a>\n\t\t\t<\/dt><\/dl><br style=\"clear: both\" \/><dl class='gallery-item'>\n\t\t\t<dt class='gallery-icon portrait'>\n\t\t\t\t<a href='https:\/\/afalesc.com.br\/site\/costelaco-e-dia-das-criancas-afalesc-2024\/dscf7874-2\/'><img loading=\"lazy\" decoding=\"async\" width=\"683\" height=\"1024\" src=\"https:\/\/afalesc.com.br\/site\/wp-content\/uploads\/2024\/11\/DSCF7874-1-683x1024.jpg\" class=\"attachment-large size-large\" alt=\"\" srcset=\"https:\/\/afalesc.com.br\/site\/wp-content\/uploads\/2024\/11\/DSCF7874-1-683x1024.jpg 683w, https:\/\/afalesc.com.br\/site\/wp-content\/uploads\/2024\/11\/DSCF7874-1-200x300.jpg 200w, https:\/\/afalesc.com.br\/site\/wp-content\/uploads\/2024\/11\/DSCF7874-1-768x1152.jpg 768w, https:\/\/afalesc.com.br\/site\/wp-content\/uploads\/2024\/11\/DSCF7874-1-1024x1536.jpg 1024w, https:\/\/afalesc.com.br\/site\/wp-content\/uploads\/2024\/11\/DSCF7874-1-1365x2048.jpg 1365w, https:\/\/afalesc.com.br\/site\/wp-content\/uploads\/2024\/11\/DSCF7874-1-700x1050.jpg 700w, https:\/\/afalesc.com.br\/site\/wp-content\/uploads\/2024\/11\/DSCF7874-1-scaled.jpg 1707w\" sizes=\"auto, (max-width: 683px) 100vw, 683px\" \/><\/a>\n\t\t\t<\/dt><\/dl><br style=\"clear: both\" \/><dl class='gallery-item'>\n\t\t\t<dt class='gallery-icon portrait'>\n\t\t\t\t<a href='https:\/\/afalesc.com.br\/site\/costelaco-e-dia-das-criancas-afalesc-2024\/dscf7879-2\/'><img loading=\"lazy\" decoding=\"async\" width=\"683\" height=\"1024\" src=\"https:\/\/afalesc.com.br\/site\/wp-content\/uploads\/2024\/11\/DSCF7879-1-683x1024.jpg\" class=\"attachment-large size-large\" alt=\"\" srcset=\"https:\/\/afalesc.com.br\/site\/wp-content\/uploads\/2024\/11\/DSCF7879-1-683x1024.jpg 683w, https:\/\/afalesc.com.br\/site\/wp-content\/uploads\/2024\/11\/DSCF7879-1-200x300.jpg 200w, https:\/\/afalesc.com.br\/site\/wp-content\/uploads\/2024\/11\/DSCF7879-1-768x1152.jpg 768w, https:\/\/afalesc.com.br\/site\/wp-content\/uploads\/2024\/11\/DSCF7879-1-1024x1536.jpg 1024w, https:\/\/afalesc.com.br\/site\/wp-content\/uploads\/2024\/11\/DSCF7879-1-1365x2048.jpg 1365w, https:\/\/afalesc.com.br\/site\/wp-content\/uploads\/2024\/11\/DSCF7879-1-700x1050.jpg 700w, https:\/\/afalesc.com.br\/site\/wp-content\/uploads\/2024\/11\/DSCF7879-1-scaled.jpg 1707w\" sizes=\"auto, (max-width: 683px) 100vw, 683px\" \/><\/a>\n\t\t\t<\/dt><\/dl><br style=\"clear: both\" \/><dl class='gallery-item'>\n\t\t\t<dt class='gallery-icon portrait'>\n\t\t\t\t<a href='https:\/\/afalesc.com.br\/site\/costelaco-e-dia-das-criancas-afalesc-2024\/dscf7887-2\/'><img loading=\"lazy\" decoding=\"async\" width=\"683\" height=\"1024\" src=\"https:\/\/afalesc.com.br\/site\/wp-content\/uploads\/2024\/11\/DSCF7887-1-683x1024.jpg\" class=\"attachment-large size-large\" alt=\"\" srcset=\"https:\/\/afalesc.com.br\/site\/wp-content\/uploads\/2024\/11\/DSCF7887-1-683x1024.jpg 683w, https:\/\/afalesc.com.br\/site\/wp-content\/uploads\/2024\/11\/DSCF7887-1-200x300.jpg 200w, https:\/\/afalesc.com.br\/site\/wp-content\/uploads\/2024\/11\/DSCF7887-1-768x1152.jpg 768w, https:\/\/afalesc.com.br\/site\/wp-content\/uploads\/2024\/11\/DSCF7887-1-1024x1536.jpg 1024w, https:\/\/afalesc.com.br\/site\/wp-content\/uploads\/2024\/11\/DSCF7887-1-1365x2048.jpg 1365w, https:\/\/afalesc.com.br\/site\/wp-content\/uploads\/2024\/11\/DSCF7887-1-700x1050.jpg 700w, https:\/\/afalesc.com.br\/site\/wp-content\/uploads\/2024\/11\/DSCF7887-1-scaled.jpg 1707w\" sizes=\"auto, (max-width: 683px) 100vw, 683px\" \/><\/a>\n\t\t\t<\/dt><\/dl><br style=\"clear: both\" \/><dl class='gallery-item'>\n\t\t\t<dt class='gallery-icon portrait'>\n\t\t\t\t<a href='https:\/\/afalesc.com.br\/site\/costelaco-e-dia-das-criancas-afalesc-2024\/dscf7899-2\/'><img loading=\"lazy\" decoding=\"async\" width=\"683\" height=\"1024\" src=\"https:\/\/afalesc.com.br\/site\/wp-content\/uploads\/2024\/11\/DSCF7899-1-683x1024.jpg\" class=\"attachment-large size-large\" alt=\"\" srcset=\"https:\/\/afalesc.com.br\/site\/wp-content\/uploads\/2024\/11\/DSCF7899-1-683x1024.jpg 683w, https:\/\/afalesc.com.br\/site\/wp-content\/uploads\/2024\/11\/DSCF7899-1-200x300.jpg 200w, https:\/\/afalesc.com.br\/site\/wp-content\/uploads\/2024\/11\/DSCF7899-1-768x1152.jpg 768w, https:\/\/afalesc.com.br\/site\/wp-content\/uploads\/2024\/11\/DSCF7899-1-1024x1536.jpg 1024w, https:\/\/afalesc.com.br\/site\/wp-content\/uploads\/2024\/11\/DSCF7899-1-1365x2048.jpg 1365w, https:\/\/afalesc.com.br\/site\/wp-content\/uploads\/2024\/11\/DSCF7899-1-700x1050.jpg 700w, https:\/\/afalesc.com.br\/site\/wp-content\/uploads\/2024\/11\/DSCF7899-1-scaled.jpg 1707w\" sizes=\"auto, (max-width: 683px) 100vw, 683px\" \/><\/a>\n\t\t\t<\/dt><\/dl><br style=\"clear: both\" \/><dl class='gallery-item'>\n\t\t\t<dt class='gallery-icon portrait'>\n\t\t\t\t<a href='https:\/\/afalesc.com.br\/site\/costelaco-e-dia-das-criancas-afalesc-2024\/dscf7901-2\/'><img loading=\"lazy\" decoding=\"async\" width=\"683\" height=\"1024\" src=\"https:\/\/afalesc.com.br\/site\/wp-content\/uploads\/2024\/11\/DSCF7901-1-683x1024.jpg\" class=\"attachment-large size-large\" alt=\"\" srcset=\"https:\/\/afalesc.com.br\/site\/wp-content\/uploads\/2024\/11\/DSCF7901-1-683x1024.jpg 683w, https:\/\/afalesc.com.br\/site\/wp-content\/uploads\/2024\/11\/DSCF7901-1-200x300.jpg 200w, https:\/\/afalesc.com.br\/site\/wp-content\/uploads\/2024\/11\/DSCF7901-1-768x1152.jpg 768w, https:\/\/afalesc.com.br\/site\/wp-content\/uploads\/2024\/11\/DSCF7901-1-1024x1536.jpg 1024w, https:\/\/afalesc.com.br\/site\/wp-content\/uploads\/2024\/11\/DSCF7901-1-1365x2048.jpg 1365w, https:\/\/afalesc.com.br\/site\/wp-content\/uploads\/2024\/11\/DSCF7901-1-700x1050.jpg 700w, https:\/\/afalesc.com.br\/site\/wp-content\/uploads\/2024\/11\/DSCF7901-1-scaled.jpg 1707w\" sizes=\"auto, (max-width: 683px) 100vw, 683px\" \/><\/a>\n\t\t\t<\/dt><\/dl><br style=\"clear: both\" \/><dl class='gallery-item'>\n\t\t\t<dt class='gallery-icon landscape'>\n\t\t\t\t<a href='https:\/\/afalesc.com.br\/site\/costelaco-e-dia-das-criancas-afalesc-2024\/dscf7905-2\/'><img loading=\"lazy\" decoding=\"async\" width=\"1024\" height=\"683\" src=\"https:\/\/afalesc.com.br\/site\/wp-content\/uploads\/2024\/11\/DSCF7905-1-1024x683.jpg\" class=\"attachment-large size-large\" alt=\"\" srcset=\"https:\/\/afalesc.com.br\/site\/wp-content\/uploads\/2024\/11\/DSCF7905-1-1024x683.jpg 1024w, https:\/\/afalesc.com.br\/site\/wp-content\/uploads\/2024\/11\/DSCF7905-1-300x200.jpg 300w, https:\/\/afalesc.com.br\/site\/wp-content\/uploads\/2024\/11\/DSCF7905-1-768x512.jpg 768w, https:\/\/afalesc.com.br\/site\/wp-content\/uploads\/2024\/11\/DSCF7905-1-1536x1024.jpg 1536w, https:\/\/afalesc.com.br\/site\/wp-content\/uploads\/2024\/11\/DSCF7905-1-2048x1365.jpg 2048w, https:\/\/afalesc.com.br\/site\/wp-content\/uploads\/2024\/11\/DSCF7905-1-700x467.jpg 700w\" sizes=\"auto, (max-width: 1024px) 100vw, 1024px\" \/><\/a>\n\t\t\t<\/dt><\/dl><br style=\"clear: both\" \/><dl class='gallery-item'>\n\t\t\t<dt class='gallery-icon landscape'>\n\t\t\t\t<a href='https:\/\/afalesc.com.br\/site\/costelaco-e-dia-das-criancas-afalesc-2024\/dscf7914-2\/'><img loading=\"lazy\" decoding=\"async\" width=\"1024\" height=\"683\" src=\"https:\/\/afalesc.com.br\/site\/wp-content\/uploads\/2024\/11\/DSCF7914-1-1024x683.jpg\" class=\"attachment-large size-large\" alt=\"\" srcset=\"https:\/\/afalesc.com.br\/site\/wp-content\/uploads\/2024\/11\/DSCF7914-1-1024x683.jpg 1024w, https:\/\/afalesc.com.br\/site\/wp-content\/uploads\/2024\/11\/DSCF7914-1-300x200.jpg 300w, https:\/\/afalesc.com.br\/site\/wp-content\/uploads\/2024\/11\/DSCF7914-1-768x512.jpg 768w, https:\/\/afalesc.com.br\/site\/wp-content\/uploads\/2024\/11\/DSCF7914-1-1536x1024.jpg 1536w, https:\/\/afalesc.com.br\/site\/wp-content\/uploads\/2024\/11\/DSCF7914-1-2048x1365.jpg 2048w, https:\/\/afalesc.com.br\/site\/wp-content\/uploads\/2024\/11\/DSCF7914-1-700x467.jpg 700w\" sizes=\"auto, (max-width: 1024px) 100vw, 1024px\" \/><\/a>\n\t\t\t<\/dt><\/dl><br style=\"clear: both\" \/><dl class='gallery-item'>\n\t\t\t<dt class='gallery-icon portrait'>\n\t\t\t\t<a href='https:\/\/afalesc.com.br\/site\/costelaco-e-dia-das-criancas-afalesc-2024\/dscf7916-2\/'><img loading=\"lazy\" decoding=\"async\" width=\"683\" height=\"1024\" src=\"https:\/\/afalesc.com.br\/site\/wp-content\/uploads\/2024\/11\/DSCF7916-1-683x1024.jpg\" class=\"attachment-large size-large\" alt=\"\" srcset=\"https:\/\/afalesc.com.br\/site\/wp-content\/uploads\/2024\/11\/DSCF7916-1-683x1024.jpg 683w, https:\/\/afalesc.com.br\/site\/wp-content\/uploads\/2024\/11\/DSCF7916-1-200x300.jpg 200w, https:\/\/afalesc.com.br\/site\/wp-content\/uploads\/2024\/11\/DSCF7916-1-768x1152.jpg 768w, https:\/\/afalesc.com.br\/site\/wp-content\/uploads\/2024\/11\/DSCF7916-1-1024x1536.jpg 1024w, https:\/\/afalesc.com.br\/site\/wp-content\/uploads\/2024\/11\/DSCF7916-1-1365x2048.jpg 1365w, https:\/\/afalesc.com.br\/site\/wp-content\/uploads\/2024\/11\/DSCF7916-1-700x1050.jpg 700w, https:\/\/afalesc.com.br\/site\/wp-content\/uploads\/2024\/11\/DSCF7916-1-scaled.jpg 1707w\" sizes=\"auto, (max-width: 683px) 100vw, 683px\" \/><\/a>\n\t\t\t<\/dt><\/dl><br style=\"clear: both\" \/><dl class='gallery-item'>\n\t\t\t<dt class='gallery-icon portrait'>\n\t\t\t\t<a href='https:\/\/afalesc.com.br\/site\/costelaco-e-dia-das-criancas-afalesc-2024\/dscf7919-2\/'><img loading=\"lazy\" decoding=\"async\" width=\"683\" height=\"1024\" src=\"https:\/\/afalesc.com.br\/site\/wp-content\/uploads\/2024\/11\/DSCF7919-1-683x1024.jpg\" class=\"attachment-large size-large\" alt=\"\" srcset=\"https:\/\/afalesc.com.br\/site\/wp-content\/uploads\/2024\/11\/DSCF7919-1-683x1024.jpg 683w, https:\/\/afalesc.com.br\/site\/wp-content\/uploads\/2024\/11\/DSCF7919-1-200x300.jpg 200w, https:\/\/afalesc.com.br\/site\/wp-content\/uploads\/2024\/11\/DSCF7919-1-768x1152.jpg 768w, https:\/\/afalesc.com.br\/site\/wp-content\/uploads\/2024\/11\/DSCF7919-1-1024x1536.jpg 1024w, https:\/\/afalesc.com.br\/site\/wp-content\/uploads\/2024\/11\/DSCF7919-1-1365x2048.jpg 1365w, https:\/\/afalesc.com.br\/site\/wp-content\/uploads\/2024\/11\/DSCF7919-1-700x1050.jpg 700w, https:\/\/afalesc.com.br\/site\/wp-content\/uploads\/2024\/11\/DSCF7919-1-scaled.jpg 1707w\" sizes=\"auto, (max-width: 683px) 100vw, 683px\" \/><\/a>\n\t\t\t<\/dt><\/dl><br style=\"clear: both\" \/><dl class='gallery-item'>\n\t\t\t<dt class='gallery-icon portrait'>\n\t\t\t\t<a href='https:\/\/afalesc.com.br\/site\/costelaco-e-dia-das-criancas-afalesc-2024\/dscf7926-2\/'><img loading=\"lazy\" decoding=\"async\" width=\"683\" height=\"1024\" src=\"https:\/\/afalesc.com.br\/site\/wp-content\/uploads\/2024\/11\/DSCF7926-1-683x1024.jpg\" class=\"attachment-large size-large\" alt=\"\" srcset=\"https:\/\/afalesc.com.br\/site\/wp-content\/uploads\/2024\/11\/DSCF7926-1-683x1024.jpg 683w, https:\/\/afalesc.com.br\/site\/wp-content\/uploads\/2024\/11\/DSCF7926-1-200x300.jpg 200w, https:\/\/afalesc.com.br\/site\/wp-content\/uploads\/2024\/11\/DSCF7926-1-768x1152.jpg 768w, https:\/\/afalesc.com.br\/site\/wp-content\/uploads\/2024\/11\/DSCF7926-1-1024x1536.jpg 1024w, https:\/\/afalesc.com.br\/site\/wp-content\/uploads\/2024\/11\/DSCF7926-1-1365x2048.jpg 1365w, https:\/\/afalesc.com.br\/site\/wp-content\/uploads\/2024\/11\/DSCF7926-1-700x1050.jpg 700w, https:\/\/afalesc.com.br\/site\/wp-content\/uploads\/2024\/11\/DSCF7926-1-scaled.jpg 1707w\" sizes=\"auto, (max-width: 683px) 100vw, 683px\" \/><\/a>\n\t\t\t<\/dt><\/dl><br style=\"clear: both\" \/><dl class='gallery-item'>\n\t\t\t<dt class='gallery-icon landscape'>\n\t\t\t\t<a href='https:\/\/afalesc.com.br\/site\/costelaco-e-dia-das-criancas-afalesc-2024\/dscf7937-2\/'><img loading=\"lazy\" decoding=\"async\" width=\"1024\" height=\"683\" src=\"https:\/\/afalesc.com.br\/site\/wp-content\/uploads\/2024\/11\/DSCF7937-1-1024x683.jpg\" class=\"attachment-large size-large\" alt=\"\" srcset=\"https:\/\/afalesc.com.br\/site\/wp-content\/uploads\/2024\/11\/DSCF7937-1-1024x683.jpg 1024w, https:\/\/afalesc.com.br\/site\/wp-content\/uploads\/2024\/11\/DSCF7937-1-300x200.jpg 300w, https:\/\/afalesc.com.br\/site\/wp-content\/uploads\/2024\/11\/DSCF7937-1-768x512.jpg 768w, https:\/\/afalesc.com.br\/site\/wp-content\/uploads\/2024\/11\/DSCF7937-1-1536x1024.jpg 1536w, https:\/\/afalesc.com.br\/site\/wp-content\/uploads\/2024\/11\/DSCF7937-1-2048x1365.jpg 2048w, https:\/\/afalesc.com.br\/site\/wp-content\/uploads\/2024\/11\/DSCF7937-1-700x467.jpg 700w\" sizes=\"auto, (max-width: 1024px) 100vw, 1024px\" \/><\/a>\n\t\t\t<\/dt><\/dl><br style=\"clear: both\" \/><dl class='gallery-item'>\n\t\t\t<dt class='gallery-icon landscape'>\n\t\t\t\t<a href='https:\/\/afalesc.com.br\/site\/costelaco-e-dia-das-criancas-afalesc-2024\/dscf7938-2\/'><img loading=\"lazy\" decoding=\"async\" width=\"1024\" height=\"683\" src=\"https:\/\/afalesc.com.br\/site\/wp-content\/uploads\/2024\/11\/DSCF7938-1-1024x683.jpg\" class=\"attachment-large size-large\" alt=\"\" srcset=\"https:\/\/afalesc.com.br\/site\/wp-content\/uploads\/2024\/11\/DSCF7938-1-1024x683.jpg 1024w, https:\/\/afalesc.com.br\/site\/wp-content\/uploads\/2024\/11\/DSCF7938-1-300x200.jpg 300w, https:\/\/afalesc.com.br\/site\/wp-content\/uploads\/2024\/11\/DSCF7938-1-768x512.jpg 768w, https:\/\/afalesc.com.br\/site\/wp-content\/uploads\/2024\/11\/DSCF7938-1-1536x1024.jpg 1536w, https:\/\/afalesc.com.br\/site\/wp-content\/uploads\/2024\/11\/DSCF7938-1-2048x1365.jpg 2048w, https:\/\/afalesc.com.br\/site\/wp-content\/uploads\/2024\/11\/DSCF7938-1-700x467.jpg 700w\" sizes=\"auto, (max-width: 1024px) 100vw, 1024px\" \/><\/a>\n\t\t\t<\/dt><\/dl><br style=\"clear: both\" \/><dl class='gallery-item'>\n\t\t\t<dt class='gallery-icon portrait'>\n\t\t\t\t<a href='https:\/\/afalesc.com.br\/site\/costelaco-e-dia-das-criancas-afalesc-2024\/dscf7942-2\/'><img loading=\"lazy\" decoding=\"async\" width=\"683\" height=\"1024\" src=\"https:\/\/afalesc.com.br\/site\/wp-content\/uploads\/2024\/11\/DSCF7942-1-683x1024.jpg\" class=\"attachment-large size-large\" alt=\"\" srcset=\"https:\/\/afalesc.com.br\/site\/wp-content\/uploads\/2024\/11\/DSCF7942-1-683x1024.jpg 683w, https:\/\/afalesc.com.br\/site\/wp-content\/uploads\/2024\/11\/DSCF7942-1-200x300.jpg 200w, https:\/\/afalesc.com.br\/site\/wp-content\/uploads\/2024\/11\/DSCF7942-1-768x1152.jpg 768w, https:\/\/afalesc.com.br\/site\/wp-content\/uploads\/2024\/11\/DSCF7942-1-1024x1536.jpg 1024w, https:\/\/afalesc.com.br\/site\/wp-content\/uploads\/2024\/11\/DSCF7942-1-1365x2048.jpg 1365w, https:\/\/afalesc.com.br\/site\/wp-content\/uploads\/2024\/11\/DSCF7942-1-700x1050.jpg 700w, https:\/\/afalesc.com.br\/site\/wp-content\/uploads\/2024\/11\/DSCF7942-1-scaled.jpg 1707w\" sizes=\"auto, (max-width: 683px) 100vw, 683px\" \/><\/a>\n\t\t\t<\/dt><\/dl><br style=\"clear: both\" \/><dl class='gallery-item'>\n\t\t\t<dt class='gallery-icon landscape'>\n\t\t\t\t<a href='https:\/\/afalesc.com.br\/site\/costelaco-e-dia-das-criancas-afalesc-2024\/dscf7944-2\/'><img loading=\"lazy\" decoding=\"async\" width=\"1024\" height=\"683\" src=\"https:\/\/afalesc.com.br\/site\/wp-content\/uploads\/2024\/11\/DSCF7944-1-1024x683.jpg\" class=\"attachment-large size-large\" alt=\"\" srcset=\"https:\/\/afalesc.com.br\/site\/wp-content\/uploads\/2024\/11\/DSCF7944-1-1024x683.jpg 1024w, https:\/\/afalesc.com.br\/site\/wp-content\/uploads\/2024\/11\/DSCF7944-1-300x200.jpg 300w, https:\/\/afalesc.com.br\/site\/wp-content\/uploads\/2024\/11\/DSCF7944-1-768x512.jpg 768w, https:\/\/afalesc.com.br\/site\/wp-content\/uploads\/2024\/11\/DSCF7944-1-1536x1024.jpg 1536w, https:\/\/afalesc.com.br\/site\/wp-content\/uploads\/2024\/11\/DSCF7944-1-2048x1365.jpg 2048w, https:\/\/afalesc.com.br\/site\/wp-content\/uploads\/2024\/11\/DSCF7944-1-700x467.jpg 700w\" sizes=\"auto, (max-width: 1024px) 100vw, 1024px\" \/><\/a>\n\t\t\t<\/dt><\/dl><br style=\"clear: both\" \/><dl class='gallery-item'>\n\t\t\t<dt class='gallery-icon portrait'>\n\t\t\t\t<a href='https:\/\/afalesc.com.br\/site\/costelaco-e-dia-das-criancas-afalesc-2024\/dscf7948-2\/'><img loading=\"lazy\" decoding=\"async\" width=\"683\" height=\"1024\" src=\"https:\/\/afalesc.com.br\/site\/wp-content\/uploads\/2024\/11\/DSCF7948-1-683x1024.jpg\" class=\"attachment-large size-large\" alt=\"\" srcset=\"https:\/\/afalesc.com.br\/site\/wp-content\/uploads\/2024\/11\/DSCF7948-1-683x1024.jpg 683w, https:\/\/afalesc.com.br\/site\/wp-content\/uploads\/2024\/11\/DSCF7948-1-200x300.jpg 200w, https:\/\/afalesc.com.br\/site\/wp-content\/uploads\/2024\/11\/DSCF7948-1-768x1152.jpg 768w, https:\/\/afalesc.com.br\/site\/wp-content\/uploads\/2024\/11\/DSCF7948-1-1024x1536.jpg 1024w, https:\/\/afalesc.com.br\/site\/wp-content\/uploads\/2024\/11\/DSCF7948-1-1365x2048.jpg 1365w, https:\/\/afalesc.com.br\/site\/wp-content\/uploads\/2024\/11\/DSCF7948-1-700x1050.jpg 700w, https:\/\/afalesc.com.br\/site\/wp-content\/uploads\/2024\/11\/DSCF7948-1-scaled.jpg 1707w\" sizes=\"auto, (max-width: 683px) 100vw, 683px\" \/><\/a>\n\t\t\t<\/dt><\/dl><br style=\"clear: both\" \/><dl class='gallery-item'>\n\t\t\t<dt class='gallery-icon landscape'>\n\t\t\t\t<a href='https:\/\/afalesc.com.br\/site\/costelaco-e-dia-das-criancas-afalesc-2024\/dscf7950-2\/'><img loading=\"lazy\" decoding=\"async\" width=\"1024\" height=\"683\" src=\"https:\/\/afalesc.com.br\/site\/wp-content\/uploads\/2024\/11\/DSCF7950-1-1024x683.jpg\" class=\"attachment-large size-large\" alt=\"\" srcset=\"https:\/\/afalesc.com.br\/site\/wp-content\/uploads\/2024\/11\/DSCF7950-1-1024x683.jpg 1024w, https:\/\/afalesc.com.br\/site\/wp-content\/uploads\/2024\/11\/DSCF7950-1-300x200.jpg 300w, https:\/\/afalesc.com.br\/site\/wp-content\/uploads\/2024\/11\/DSCF7950-1-768x512.jpg 768w, https:\/\/afalesc.com.br\/site\/wp-content\/uploads\/2024\/11\/DSCF7950-1-1536x1024.jpg 1536w, https:\/\/afalesc.com.br\/site\/wp-content\/uploads\/2024\/11\/DSCF7950-1-2048x1365.jpg 2048w, https:\/\/afalesc.com.br\/site\/wp-content\/uploads\/2024\/11\/DSCF7950-1-700x467.jpg 700w\" sizes=\"auto, (max-width: 1024px) 100vw, 1024px\" \/><\/a>\n\t\t\t<\/dt><\/dl><br style=\"clear: both\" \/><dl class='gallery-item'>\n\t\t\t<dt class='gallery-icon landscape'>\n\t\t\t\t<a href='https:\/\/afalesc.com.br\/site\/costelaco-e-dia-das-criancas-afalesc-2024\/dscf7956-2\/'><img loading=\"lazy\" decoding=\"async\" width=\"1024\" height=\"683\" src=\"https:\/\/afalesc.com.br\/site\/wp-content\/uploads\/2024\/11\/DSCF7956-1-1024x683.jpg\" class=\"attachment-large size-large\" alt=\"\" srcset=\"https:\/\/afalesc.com.br\/site\/wp-content\/uploads\/2024\/11\/DSCF7956-1-1024x683.jpg 1024w, https:\/\/afalesc.com.br\/site\/wp-content\/uploads\/2024\/11\/DSCF7956-1-300x200.jpg 300w, https:\/\/afalesc.com.br\/site\/wp-content\/uploads\/2024\/11\/DSCF7956-1-768x512.jpg 768w, https:\/\/afalesc.com.br\/site\/wp-content\/uploads\/2024\/11\/DSCF7956-1-1536x1024.jpg 1536w, https:\/\/afalesc.com.br\/site\/wp-content\/uploads\/2024\/11\/DSCF7956-1-2048x1365.jpg 2048w, https:\/\/afalesc.com.br\/site\/wp-content\/uploads\/2024\/11\/DSCF7956-1-700x467.jpg 700w\" sizes=\"auto, (max-width: 1024px) 100vw, 1024px\" \/><\/a>\n\t\t\t<\/dt><\/dl><br style=\"clear: both\" \/><dl class='gallery-item'>\n\t\t\t<dt class='gallery-icon portrait'>\n\t\t\t\t<a href='https:\/\/afalesc.com.br\/site\/costelaco-e-dia-das-criancas-afalesc-2024\/dscf7970-2\/'><img loading=\"lazy\" decoding=\"async\" width=\"683\" height=\"1024\" src=\"https:\/\/afalesc.com.br\/site\/wp-content\/uploads\/2024\/11\/DSCF7970-1-683x1024.jpg\" class=\"attachment-large size-large\" alt=\"\" srcset=\"https:\/\/afalesc.com.br\/site\/wp-content\/uploads\/2024\/11\/DSCF7970-1-683x1024.jpg 683w, https:\/\/afalesc.com.br\/site\/wp-content\/uploads\/2024\/11\/DSCF7970-1-200x300.jpg 200w, https:\/\/afalesc.com.br\/site\/wp-content\/uploads\/2024\/11\/DSCF7970-1-768x1152.jpg 768w, https:\/\/afalesc.com.br\/site\/wp-content\/uploads\/2024\/11\/DSCF7970-1-1024x1536.jpg 1024w, https:\/\/afalesc.com.br\/site\/wp-content\/uploads\/2024\/11\/DSCF7970-1-1365x2048.jpg 1365w, https:\/\/afalesc.com.br\/site\/wp-content\/uploads\/2024\/11\/DSCF7970-1-700x1050.jpg 700w, https:\/\/afalesc.com.br\/site\/wp-content\/uploads\/2024\/11\/DSCF7970-1-scaled.jpg 1707w\" sizes=\"auto, (max-width: 683px) 100vw, 683px\" \/><\/a>\n\t\t\t<\/dt><\/dl><br style=\"clear: both\" \/><dl class='gallery-item'>\n\t\t\t<dt class='gallery-icon portrait'>\n\t\t\t\t<a href='https:\/\/afalesc.com.br\/site\/costelaco-e-dia-das-criancas-afalesc-2024\/dscf7976-2\/'><img loading=\"lazy\" decoding=\"async\" width=\"683\" height=\"1024\" src=\"https:\/\/afalesc.com.br\/site\/wp-content\/uploads\/2024\/11\/DSCF7976-1-683x1024.jpg\" class=\"attachment-large size-large\" alt=\"\" srcset=\"https:\/\/afalesc.com.br\/site\/wp-content\/uploads\/2024\/11\/DSCF7976-1-683x1024.jpg 683w, https:\/\/afalesc.com.br\/site\/wp-content\/uploads\/2024\/11\/DSCF7976-1-200x300.jpg 200w, https:\/\/afalesc.com.br\/site\/wp-content\/uploads\/2024\/11\/DSCF7976-1-768x1152.jpg 768w, https:\/\/afalesc.com.br\/site\/wp-content\/uploads\/2024\/11\/DSCF7976-1-1024x1536.jpg 1024w, https:\/\/afalesc.com.br\/site\/wp-content\/uploads\/2024\/11\/DSCF7976-1-1365x2048.jpg 1365w, https:\/\/afalesc.com.br\/site\/wp-content\/uploads\/2024\/11\/DSCF7976-1-700x1050.jpg 700w, https:\/\/afalesc.com.br\/site\/wp-content\/uploads\/2024\/11\/DSCF7976-1-scaled.jpg 1707w\" sizes=\"auto, (max-width: 683px) 100vw, 683px\" \/><\/a>\n\t\t\t<\/dt><\/dl><br style=\"clear: both\" \/><dl class='gallery-item'>\n\t\t\t<dt class='gallery-icon landscape'>\n\t\t\t\t<a href='https:\/\/afalesc.com.br\/site\/costelaco-e-dia-das-criancas-afalesc-2024\/dscf7977-2\/'><img loading=\"lazy\" decoding=\"async\" width=\"1024\" height=\"683\" src=\"https:\/\/afalesc.com.br\/site\/wp-content\/uploads\/2024\/11\/DSCF7977-1-1024x683.jpg\" class=\"attachment-large size-large\" alt=\"\" srcset=\"https:\/\/afalesc.com.br\/site\/wp-content\/uploads\/2024\/11\/DSCF7977-1-1024x683.jpg 1024w, https:\/\/afalesc.com.br\/site\/wp-content\/uploads\/2024\/11\/DSCF7977-1-300x200.jpg 300w, https:\/\/afalesc.com.br\/site\/wp-content\/uploads\/2024\/11\/DSCF7977-1-768x512.jpg 768w, https:\/\/afalesc.com.br\/site\/wp-content\/uploads\/2024\/11\/DSCF7977-1-1536x1024.jpg 1536w, https:\/\/afalesc.com.br\/site\/wp-content\/uploads\/2024\/11\/DSCF7977-1-2048x1365.jpg 2048w, https:\/\/afalesc.com.br\/site\/wp-content\/uploads\/2024\/11\/DSCF7977-1-700x467.jpg 700w\" sizes=\"auto, (max-width: 1024px) 100vw, 1024px\" \/><\/a>\n\t\t\t<\/dt><\/dl><br style=\"clear: both\" \/><dl class='gallery-item'>\n\t\t\t<dt class='gallery-icon landscape'>\n\t\t\t\t<a href='https:\/\/afalesc.com.br\/site\/costelaco-e-dia-das-criancas-afalesc-2024\/dscf7980-2\/'><img loading=\"lazy\" decoding=\"async\" width=\"1024\" height=\"683\" src=\"https:\/\/afalesc.com.br\/site\/wp-content\/uploads\/2024\/11\/DSCF7980-1-1024x683.jpg\" class=\"attachment-large size-large\" alt=\"\" srcset=\"https:\/\/afalesc.com.br\/site\/wp-content\/uploads\/2024\/11\/DSCF7980-1-1024x683.jpg 1024w, https:\/\/afalesc.com.br\/site\/wp-content\/uploads\/2024\/11\/DSCF7980-1-300x200.jpg 300w, https:\/\/afalesc.com.br\/site\/wp-content\/uploads\/2024\/11\/DSCF7980-1-768x512.jpg 768w, https:\/\/afalesc.com.br\/site\/wp-content\/uploads\/2024\/11\/DSCF7980-1-1536x1024.jpg 1536w, https:\/\/afalesc.com.br\/site\/wp-content\/uploads\/2024\/11\/DSCF7980-1-2048x1365.jpg 2048w, https:\/\/afalesc.com.br\/site\/wp-content\/uploads\/2024\/11\/DSCF7980-1-700x467.jpg 700w\" sizes=\"auto, (max-width: 1024px) 100vw, 1024px\" \/><\/a>\n\t\t\t<\/dt><\/dl><br style=\"clear: both\" \/><dl class='gallery-item'>\n\t\t\t<dt class='gallery-icon landscape'>\n\t\t\t\t<a href='https:\/\/afalesc.com.br\/site\/costelaco-e-dia-das-criancas-afalesc-2024\/dscf7984-2\/'><img loading=\"lazy\" decoding=\"async\" width=\"1024\" height=\"683\" src=\"https:\/\/afalesc.com.br\/site\/wp-content\/uploads\/2024\/11\/DSCF7984-1-1024x683.jpg\" class=\"attachment-large size-large\" alt=\"\" srcset=\"https:\/\/afalesc.com.br\/site\/wp-content\/uploads\/2024\/11\/DSCF7984-1-1024x683.jpg 1024w, https:\/\/afalesc.com.br\/site\/wp-content\/uploads\/2024\/11\/DSCF7984-1-300x200.jpg 300w, https:\/\/afalesc.com.br\/site\/wp-content\/uploads\/2024\/11\/DSCF7984-1-768x512.jpg 768w, https:\/\/afalesc.com.br\/site\/wp-content\/uploads\/2024\/11\/DSCF7984-1-1536x1024.jpg 1536w, https:\/\/afalesc.com.br\/site\/wp-content\/uploads\/2024\/11\/DSCF7984-1-2048x1365.jpg 2048w, https:\/\/afalesc.com.br\/site\/wp-content\/uploads\/2024\/11\/DSCF7984-1-700x467.jpg 700w\" sizes=\"auto, (max-width: 1024px) 100vw, 1024px\" \/><\/a>\n\t\t\t<\/dt><\/dl><br style=\"clear: both\" \/><dl class='gallery-item'>\n\t\t\t<dt class='gallery-icon landscape'>\n\t\t\t\t<a href='https:\/\/afalesc.com.br\/site\/costelaco-e-dia-das-criancas-afalesc-2024\/dscf7992-2\/'><img loading=\"lazy\" decoding=\"async\" width=\"1024\" height=\"683\" src=\"https:\/\/afalesc.com.br\/site\/wp-content\/uploads\/2024\/11\/DSCF7992-1-1024x683.jpg\" class=\"attachment-large size-large\" alt=\"\" srcset=\"https:\/\/afalesc.com.br\/site\/wp-content\/uploads\/2024\/11\/DSCF7992-1-1024x683.jpg 1024w, https:\/\/afalesc.com.br\/site\/wp-content\/uploads\/2024\/11\/DSCF7992-1-300x200.jpg 300w, https:\/\/afalesc.com.br\/site\/wp-content\/uploads\/2024\/11\/DSCF7992-1-768x512.jpg 768w, https:\/\/afalesc.com.br\/site\/wp-content\/uploads\/2024\/11\/DSCF7992-1-1536x1024.jpg 1536w, https:\/\/afalesc.com.br\/site\/wp-content\/uploads\/2024\/11\/DSCF7992-1-2048x1365.jpg 2048w, https:\/\/afalesc.com.br\/site\/wp-content\/uploads\/2024\/11\/DSCF7992-1-700x467.jpg 700w\" sizes=\"auto, (max-width: 1024px) 100vw, 1024px\" \/><\/a>\n\t\t\t<\/dt><\/dl><br style=\"clear: both\" \/><dl class='gallery-item'>\n\t\t\t<dt class='gallery-icon portrait'>\n\t\t\t\t<a href='https:\/\/afalesc.com.br\/site\/costelaco-e-dia-das-criancas-afalesc-2024\/dscf7995-2\/'><img loading=\"lazy\" decoding=\"async\" width=\"683\" height=\"1024\" src=\"https:\/\/afalesc.com.br\/site\/wp-content\/uploads\/2024\/11\/DSCF7995-1-683x1024.jpg\" class=\"attachment-large size-large\" alt=\"\" srcset=\"https:\/\/afalesc.com.br\/site\/wp-content\/uploads\/2024\/11\/DSCF7995-1-683x1024.jpg 683w, https:\/\/afalesc.com.br\/site\/wp-content\/uploads\/2024\/11\/DSCF7995-1-200x300.jpg 200w, https:\/\/afalesc.com.br\/site\/wp-content\/uploads\/2024\/11\/DSCF7995-1-768x1152.jpg 768w, https:\/\/afalesc.com.br\/site\/wp-content\/uploads\/2024\/11\/DSCF7995-1-1024x1536.jpg 1024w, https:\/\/afalesc.com.br\/site\/wp-content\/uploads\/2024\/11\/DSCF7995-1-1365x2048.jpg 1365w, https:\/\/afalesc.com.br\/site\/wp-content\/uploads\/2024\/11\/DSCF7995-1-700x1050.jpg 700w, https:\/\/afalesc.com.br\/site\/wp-content\/uploads\/2024\/11\/DSCF7995-1-scaled.jpg 1707w\" sizes=\"auto, (max-width: 683px) 100vw, 683px\" \/><\/a>\n\t\t\t<\/dt><\/dl><br style=\"clear: both\" \/><dl class='gallery-item'>\n\t\t\t<dt class='gallery-icon portrait'>\n\t\t\t\t<a href='https:\/\/afalesc.com.br\/site\/costelaco-e-dia-das-criancas-afalesc-2024\/dscf8007\/'><img loading=\"lazy\" decoding=\"async\" width=\"683\" height=\"1024\" src=\"https:\/\/afalesc.com.br\/site\/wp-content\/uploads\/2024\/11\/DSCF8007-683x1024.jpg\" class=\"attachment-large size-large\" alt=\"\" srcset=\"https:\/\/afalesc.com.br\/site\/wp-content\/uploads\/2024\/11\/DSCF8007-683x1024.jpg 683w, https:\/\/afalesc.com.br\/site\/wp-content\/uploads\/2024\/11\/DSCF8007-200x300.jpg 200w, https:\/\/afalesc.com.br\/site\/wp-content\/uploads\/2024\/11\/DSCF8007-768x1152.jpg 768w, https:\/\/afalesc.com.br\/site\/wp-content\/uploads\/2024\/11\/DSCF8007-1024x1536.jpg 1024w, https:\/\/afalesc.com.br\/site\/wp-content\/uploads\/2024\/11\/DSCF8007-1365x2048.jpg 1365w, https:\/\/afalesc.com.br\/site\/wp-content\/uploads\/2024\/11\/DSCF8007-700x1050.jpg 700w, https:\/\/afalesc.com.br\/site\/wp-content\/uploads\/2024\/11\/DSCF8007-scaled.jpg 1707w\" sizes=\"auto, (max-width: 683px) 100vw, 683px\" \/><\/a>\n\t\t\t<\/dt><\/dl><br style=\"clear: both\" \/><dl class='gallery-item'>\n\t\t\t<dt class='gallery-icon portrait'>\n\t\t\t\t<a href='https:\/\/afalesc.com.br\/site\/costelaco-e-dia-das-criancas-afalesc-2024\/dscf8015\/'><img loading=\"lazy\" decoding=\"async\" width=\"683\" height=\"1024\" src=\"https:\/\/afalesc.com.br\/site\/wp-content\/uploads\/2024\/11\/DSCF8015-683x1024.jpg\" class=\"attachment-large size-large\" alt=\"\" srcset=\"https:\/\/afalesc.com.br\/site\/wp-content\/uploads\/2024\/11\/DSCF8015-683x1024.jpg 683w, https:\/\/afalesc.com.br\/site\/wp-content\/uploads\/2024\/11\/DSCF8015-200x300.jpg 200w, https:\/\/afalesc.com.br\/site\/wp-content\/uploads\/2024\/11\/DSCF8015-768x1152.jpg 768w, https:\/\/afalesc.com.br\/site\/wp-content\/uploads\/2024\/11\/DSCF8015-1024x1536.jpg 1024w, https:\/\/afalesc.com.br\/site\/wp-content\/uploads\/2024\/11\/DSCF8015-1365x2048.jpg 1365w, https:\/\/afalesc.com.br\/site\/wp-content\/uploads\/2024\/11\/DSCF8015-700x1050.jpg 700w, https:\/\/afalesc.com.br\/site\/wp-content\/uploads\/2024\/11\/DSCF8015-scaled.jpg 1707w\" sizes=\"auto, (max-width: 683px) 100vw, 683px\" \/><\/a>\n\t\t\t<\/dt><\/dl><br style=\"clear: both\" \/><dl class='gallery-item'>\n\t\t\t<dt class='gallery-icon landscape'>\n\t\t\t\t<a href='https:\/\/afalesc.com.br\/site\/costelaco-e-dia-das-criancas-afalesc-2024\/dscf8016\/'><img loading=\"lazy\" decoding=\"async\" width=\"1024\" height=\"683\" src=\"https:\/\/afalesc.com.br\/site\/wp-content\/uploads\/2024\/11\/DSCF8016-1024x683.jpg\" class=\"attachment-large size-large\" alt=\"\" srcset=\"https:\/\/afalesc.com.br\/site\/wp-content\/uploads\/2024\/11\/DSCF8016-1024x683.jpg 1024w, https:\/\/afalesc.com.br\/site\/wp-content\/uploads\/2024\/11\/DSCF8016-300x200.jpg 300w, https:\/\/afalesc.com.br\/site\/wp-content\/uploads\/2024\/11\/DSCF8016-768x512.jpg 768w, https:\/\/afalesc.com.br\/site\/wp-content\/uploads\/2024\/11\/DSCF8016-1536x1024.jpg 1536w, https:\/\/afalesc.com.br\/site\/wp-content\/uploads\/2024\/11\/DSCF8016-2048x1365.jpg 2048w, https:\/\/afalesc.com.br\/site\/wp-content\/uploads\/2024\/11\/DSCF8016-700x467.jpg 700w\" sizes=\"auto, (max-width: 1024px) 100vw, 1024px\" \/><\/a>\n\t\t\t<\/dt><\/dl><br style=\"clear: both\" \/><dl class='gallery-item'>\n\t\t\t<dt class='gallery-icon portrait'>\n\t\t\t\t<a href='https:\/\/afalesc.com.br\/site\/costelaco-e-dia-das-criancas-afalesc-2024\/dscf8025\/'><img loading=\"lazy\" decoding=\"async\" width=\"683\" height=\"1024\" src=\"https:\/\/afalesc.com.br\/site\/wp-content\/uploads\/2024\/11\/DSCF8025-683x1024.jpg\" class=\"attachment-large size-large\" alt=\"\" srcset=\"https:\/\/afalesc.com.br\/site\/wp-content\/uploads\/2024\/11\/DSCF8025-683x1024.jpg 683w, https:\/\/afalesc.com.br\/site\/wp-content\/uploads\/2024\/11\/DSCF8025-200x300.jpg 200w, https:\/\/afalesc.com.br\/site\/wp-content\/uploads\/2024\/11\/DSCF8025-768x1152.jpg 768w, https:\/\/afalesc.com.br\/site\/wp-content\/uploads\/2024\/11\/DSCF8025-1024x1536.jpg 1024w, https:\/\/afalesc.com.br\/site\/wp-content\/uploads\/2024\/11\/DSCF8025-1365x2048.jpg 1365w, https:\/\/afalesc.com.br\/site\/wp-content\/uploads\/2024\/11\/DSCF8025-700x1050.jpg 700w, https:\/\/afalesc.com.br\/site\/wp-content\/uploads\/2024\/11\/DSCF8025-scaled.jpg 1707w\" sizes=\"auto, (max-width: 683px) 100vw, 683px\" \/><\/a>\n\t\t\t<\/dt><\/dl><br style=\"clear: both\" \/><dl class='gallery-item'>\n\t\t\t<dt class='gallery-icon landscape'>\n\t\t\t\t<a href='https:\/\/afalesc.com.br\/site\/costelaco-e-dia-das-criancas-afalesc-2024\/dscf8031\/'><img loading=\"lazy\" decoding=\"async\" width=\"1024\" height=\"683\" src=\"https:\/\/afalesc.com.br\/site\/wp-content\/uploads\/2024\/11\/DSCF8031-1024x683.jpg\" class=\"attachment-large size-large\" alt=\"\" srcset=\"https:\/\/afalesc.com.br\/site\/wp-content\/uploads\/2024\/11\/DSCF8031-1024x683.jpg 1024w, https:\/\/afalesc.com.br\/site\/wp-content\/uploads\/2024\/11\/DSCF8031-300x200.jpg 300w, https:\/\/afalesc.com.br\/site\/wp-content\/uploads\/2024\/11\/DSCF8031-768x512.jpg 768w, https:\/\/afalesc.com.br\/site\/wp-content\/uploads\/2024\/11\/DSCF8031-1536x1024.jpg 1536w, https:\/\/afalesc.com.br\/site\/wp-content\/uploads\/2024\/11\/DSCF8031-2048x1365.jpg 2048w, https:\/\/afalesc.com.br\/site\/wp-content\/uploads\/2024\/11\/DSCF8031-700x467.jpg 700w\" sizes=\"auto, (max-width: 1024px) 100vw, 1024px\" \/><\/a>\n\t\t\t<\/dt><\/dl><br style=\"clear: both\" \/><dl class='gallery-item'>\n\t\t\t<dt class='gallery-icon landscape'>\n\t\t\t\t<a href='https:\/\/afalesc.com.br\/site\/costelaco-e-dia-das-criancas-afalesc-2024\/dscf8036\/'><img loading=\"lazy\" decoding=\"async\" width=\"1024\" height=\"683\" src=\"https:\/\/afalesc.com.br\/site\/wp-content\/uploads\/2024\/11\/DSCF8036-1024x683.jpg\" class=\"attachment-large size-large\" alt=\"\" srcset=\"https:\/\/afalesc.com.br\/site\/wp-content\/uploads\/2024\/11\/DSCF8036-1024x683.jpg 1024w, https:\/\/afalesc.com.br\/site\/wp-content\/uploads\/2024\/11\/DSCF8036-300x200.jpg 300w, https:\/\/afalesc.com.br\/site\/wp-content\/uploads\/2024\/11\/DSCF8036-768x512.jpg 768w, https:\/\/afalesc.com.br\/site\/wp-content\/uploads\/2024\/11\/DSCF8036-1536x1024.jpg 1536w, https:\/\/afalesc.com.br\/site\/wp-content\/uploads\/2024\/11\/DSCF8036-2048x1365.jpg 2048w, https:\/\/afalesc.com.br\/site\/wp-content\/uploads\/2024\/11\/DSCF8036-700x467.jpg 700w\" sizes=\"auto, (max-width: 1024px) 100vw, 1024px\" \/><\/a>\n\t\t\t<\/dt><\/dl><br style=\"clear: both\" \/><dl class='gallery-item'>\n\t\t\t<dt class='gallery-icon portrait'>\n\t\t\t\t<a href='https:\/\/afalesc.com.br\/site\/costelaco-e-dia-das-criancas-afalesc-2024\/dscf8046\/'><img loading=\"lazy\" decoding=\"async\" width=\"683\" height=\"1024\" src=\"https:\/\/afalesc.com.br\/site\/wp-content\/uploads\/2024\/11\/DSCF8046-683x1024.jpg\" class=\"attachment-large size-large\" alt=\"\" srcset=\"https:\/\/afalesc.com.br\/site\/wp-content\/uploads\/2024\/11\/DSCF8046-683x1024.jpg 683w, https:\/\/afalesc.com.br\/site\/wp-content\/uploads\/2024\/11\/DSCF8046-200x300.jpg 200w, https:\/\/afalesc.com.br\/site\/wp-content\/uploads\/2024\/11\/DSCF8046-768x1152.jpg 768w, https:\/\/afalesc.com.br\/site\/wp-content\/uploads\/2024\/11\/DSCF8046-1024x1536.jpg 1024w, https:\/\/afalesc.com.br\/site\/wp-content\/uploads\/2024\/11\/DSCF8046-1365x2048.jpg 1365w, https:\/\/afalesc.com.br\/site\/wp-content\/uploads\/2024\/11\/DSCF8046-700x1050.jpg 700w, https:\/\/afalesc.com.br\/site\/wp-content\/uploads\/2024\/11\/DSCF8046-scaled.jpg 1707w\" sizes=\"auto, (max-width: 683px) 100vw, 683px\" \/><\/a>\n\t\t\t<\/dt><\/dl><br style=\"clear: both\" \/><dl class='gallery-item'>\n\t\t\t<dt class='gallery-icon landscape'>\n\t\t\t\t<a href='https:\/\/afalesc.com.br\/site\/costelaco-e-dia-das-criancas-afalesc-2024\/dscf8049\/'><img loading=\"lazy\" decoding=\"async\" width=\"1024\" height=\"683\" src=\"https:\/\/afalesc.com.br\/site\/wp-content\/uploads\/2024\/11\/DSCF8049-1024x683.jpg\" class=\"attachment-large size-large\" alt=\"\" srcset=\"https:\/\/afalesc.com.br\/site\/wp-content\/uploads\/2024\/11\/DSCF8049-1024x683.jpg 1024w, https:\/\/afalesc.com.br\/site\/wp-content\/uploads\/2024\/11\/DSCF8049-300x200.jpg 300w, https:\/\/afalesc.com.br\/site\/wp-content\/uploads\/2024\/11\/DSCF8049-768x512.jpg 768w, https:\/\/afalesc.com.br\/site\/wp-content\/uploads\/2024\/11\/DSCF8049-1536x1024.jpg 1536w, https:\/\/afalesc.com.br\/site\/wp-content\/uploads\/2024\/11\/DSCF8049-2048x1365.jpg 2048w, https:\/\/afalesc.com.br\/site\/wp-content\/uploads\/2024\/11\/DSCF8049-700x467.jpg 700w\" sizes=\"auto, (max-width: 1024px) 100vw, 1024px\" \/><\/a>\n\t\t\t<\/dt><\/dl><br style=\"clear: both\" \/><dl class='gallery-item'>\n\t\t\t<dt class='gallery-icon portrait'>\n\t\t\t\t<a href='https:\/\/afalesc.com.br\/site\/costelaco-e-dia-das-criancas-afalesc-2024\/dscf8056\/'><img loading=\"lazy\" decoding=\"async\" width=\"683\" height=\"1024\" src=\"https:\/\/afalesc.com.br\/site\/wp-content\/uploads\/2024\/11\/DSCF8056-683x1024.jpg\" class=\"attachment-large size-large\" alt=\"\" srcset=\"https:\/\/afalesc.com.br\/site\/wp-content\/uploads\/2024\/11\/DSCF8056-683x1024.jpg 683w, https:\/\/afalesc.com.br\/site\/wp-content\/uploads\/2024\/11\/DSCF8056-200x300.jpg 200w, https:\/\/afalesc.com.br\/site\/wp-content\/uploads\/2024\/11\/DSCF8056-768x1152.jpg 768w, https:\/\/afalesc.com.br\/site\/wp-content\/uploads\/2024\/11\/DSCF8056-1024x1536.jpg 1024w, https:\/\/afalesc.com.br\/site\/wp-content\/uploads\/2024\/11\/DSCF8056-1365x2048.jpg 1365w, https:\/\/afalesc.com.br\/site\/wp-content\/uploads\/2024\/11\/DSCF8056-700x1050.jpg 700w, https:\/\/afalesc.com.br\/site\/wp-content\/uploads\/2024\/11\/DSCF8056-scaled.jpg 1707w\" sizes=\"auto, (max-width: 683px) 100vw, 683px\" \/><\/a>\n\t\t\t<\/dt><\/dl><br style=\"clear: both\" \/><dl class='gallery-item'>\n\t\t\t<dt class='gallery-icon landscape'>\n\t\t\t\t<a href='https:\/\/afalesc.com.br\/site\/costelaco-e-dia-das-criancas-afalesc-2024\/dscf8068\/'><img loading=\"lazy\" decoding=\"async\" width=\"1024\" height=\"683\" src=\"https:\/\/afalesc.com.br\/site\/wp-content\/uploads\/2024\/11\/DSCF8068-1024x683.jpg\" class=\"attachment-large size-large\" alt=\"\" srcset=\"https:\/\/afalesc.com.br\/site\/wp-content\/uploads\/2024\/11\/DSCF8068-1024x683.jpg 1024w, https:\/\/afalesc.com.br\/site\/wp-content\/uploads\/2024\/11\/DSCF8068-300x200.jpg 300w, https:\/\/afalesc.com.br\/site\/wp-content\/uploads\/2024\/11\/DSCF8068-768x512.jpg 768w, https:\/\/afalesc.com.br\/site\/wp-content\/uploads\/2024\/11\/DSCF8068-1536x1024.jpg 1536w, https:\/\/afalesc.com.br\/site\/wp-content\/uploads\/2024\/11\/DSCF8068-2048x1365.jpg 2048w, https:\/\/afalesc.com.br\/site\/wp-content\/uploads\/2024\/11\/DSCF8068-700x467.jpg 700w\" sizes=\"auto, (max-width: 1024px) 100vw, 1024px\" \/><\/a>\n\t\t\t<\/dt><\/dl><br style=\"clear: both\" \/><dl class='gallery-item'>\n\t\t\t<dt class='gallery-icon landscape'>\n\t\t\t\t<a href='https:\/\/afalesc.com.br\/site\/costelaco-e-dia-das-criancas-afalesc-2024\/dscf8072\/'><img loading=\"lazy\" decoding=\"async\" width=\"1024\" height=\"683\" src=\"https:\/\/afalesc.com.br\/site\/wp-content\/uploads\/2024\/11\/DSCF8072-1024x683.jpg\" class=\"attachment-large size-large\" alt=\"\" srcset=\"https:\/\/afalesc.com.br\/site\/wp-content\/uploads\/2024\/11\/DSCF8072-1024x683.jpg 1024w, https:\/\/afalesc.com.br\/site\/wp-content\/uploads\/2024\/11\/DSCF8072-300x200.jpg 300w, https:\/\/afalesc.com.br\/site\/wp-content\/uploads\/2024\/11\/DSCF8072-768x512.jpg 768w, https:\/\/afalesc.com.br\/site\/wp-content\/uploads\/2024\/11\/DSCF8072-1536x1024.jpg 1536w, https:\/\/afalesc.com.br\/site\/wp-content\/uploads\/2024\/11\/DSCF8072-2048x1365.jpg 2048w, https:\/\/afalesc.com.br\/site\/wp-content\/uploads\/2024\/11\/DSCF8072-700x467.jpg 700w\" sizes=\"auto, (max-width: 1024px) 100vw, 1024px\" \/><\/a>\n\t\t\t<\/dt><\/dl><br style=\"clear: both\" \/><dl class='gallery-item'>\n\t\t\t<dt class='gallery-icon landscape'>\n\t\t\t\t<a href='https:\/\/afalesc.com.br\/site\/costelaco-e-dia-das-criancas-afalesc-2024\/dscf8076\/'><img loading=\"lazy\" decoding=\"async\" width=\"1024\" height=\"683\" src=\"https:\/\/afalesc.com.br\/site\/wp-content\/uploads\/2024\/11\/DSCF8076-1024x683.jpg\" class=\"attachment-large size-large\" alt=\"\" srcset=\"https:\/\/afalesc.com.br\/site\/wp-content\/uploads\/2024\/11\/DSCF8076-1024x683.jpg 1024w, https:\/\/afalesc.com.br\/site\/wp-content\/uploads\/2024\/11\/DSCF8076-300x200.jpg 300w, https:\/\/afalesc.com.br\/site\/wp-content\/uploads\/2024\/11\/DSCF8076-768x512.jpg 768w, https:\/\/afalesc.com.br\/site\/wp-content\/uploads\/2024\/11\/DSCF8076-1536x1024.jpg 1536w, https:\/\/afalesc.com.br\/site\/wp-content\/uploads\/2024\/11\/DSCF8076-2048x1365.jpg 2048w, https:\/\/afalesc.com.br\/site\/wp-content\/uploads\/2024\/11\/DSCF8076-700x467.jpg 700w\" sizes=\"auto, (max-width: 1024px) 100vw, 1024px\" \/><\/a>\n\t\t\t<\/dt><\/dl><br style=\"clear: both\" \/><dl class='gallery-item'>\n\t\t\t<dt class='gallery-icon landscape'>\n\t\t\t\t<a href='https:\/\/afalesc.com.br\/site\/costelaco-e-dia-das-criancas-afalesc-2024\/dscf8082\/'><img loading=\"lazy\" decoding=\"async\" width=\"1024\" height=\"683\" src=\"https:\/\/afalesc.com.br\/site\/wp-content\/uploads\/2024\/11\/DSCF8082-1024x683.jpg\" class=\"attachment-large size-large\" alt=\"\" srcset=\"https:\/\/afalesc.com.br\/site\/wp-content\/uploads\/2024\/11\/DSCF8082-1024x683.jpg 1024w, https:\/\/afalesc.com.br\/site\/wp-content\/uploads\/2024\/11\/DSCF8082-300x200.jpg 300w, https:\/\/afalesc.com.br\/site\/wp-content\/uploads\/2024\/11\/DSCF8082-768x512.jpg 768w, https:\/\/afalesc.com.br\/site\/wp-content\/uploads\/2024\/11\/DSCF8082-1536x1024.jpg 1536w, https:\/\/afalesc.com.br\/site\/wp-content\/uploads\/2024\/11\/DSCF8082-2048x1365.jpg 2048w, https:\/\/afalesc.com.br\/site\/wp-content\/uploads\/2024\/11\/DSCF8082-700x467.jpg 700w\" sizes=\"auto, (max-width: 1024px) 100vw, 1024px\" \/><\/a>\n\t\t\t<\/dt><\/dl><br style=\"clear: both\" \/><dl class='gallery-item'>\n\t\t\t<dt class='gallery-icon portrait'>\n\t\t\t\t<a href='https:\/\/afalesc.com.br\/site\/costelaco-e-dia-das-criancas-afalesc-2024\/dscf8088\/'><img loading=\"lazy\" decoding=\"async\" width=\"683\" height=\"1024\" src=\"https:\/\/afalesc.com.br\/site\/wp-content\/uploads\/2024\/11\/DSCF8088-683x1024.jpg\" class=\"attachment-large size-large\" alt=\"\" srcset=\"https:\/\/afalesc.com.br\/site\/wp-content\/uploads\/2024\/11\/DSCF8088-683x1024.jpg 683w, https:\/\/afalesc.com.br\/site\/wp-content\/uploads\/2024\/11\/DSCF8088-200x300.jpg 200w, https:\/\/afalesc.com.br\/site\/wp-content\/uploads\/2024\/11\/DSCF8088-768x1152.jpg 768w, https:\/\/afalesc.com.br\/site\/wp-content\/uploads\/2024\/11\/DSCF8088-1024x1536.jpg 1024w, https:\/\/afalesc.com.br\/site\/wp-content\/uploads\/2024\/11\/DSCF8088-1365x2048.jpg 1365w, https:\/\/afalesc.com.br\/site\/wp-content\/uploads\/2024\/11\/DSCF8088-700x1050.jpg 700w, https:\/\/afalesc.com.br\/site\/wp-content\/uploads\/2024\/11\/DSCF8088-scaled.jpg 1707w\" sizes=\"auto, (max-width: 683px) 100vw, 683px\" \/><\/a>\n\t\t\t<\/dt><\/dl><br style=\"clear: both\" \/><dl class='gallery-item'>\n\t\t\t<dt class='gallery-icon landscape'>\n\t\t\t\t<a href='https:\/\/afalesc.com.br\/site\/costelaco-e-dia-das-criancas-afalesc-2024\/dscf8096\/'><img loading=\"lazy\" decoding=\"async\" width=\"1024\" height=\"683\" src=\"https:\/\/afalesc.com.br\/site\/wp-content\/uploads\/2024\/11\/DSCF8096-1024x683.jpg\" class=\"attachment-large size-large\" alt=\"\" srcset=\"https:\/\/afalesc.com.br\/site\/wp-content\/uploads\/2024\/11\/DSCF8096-1024x683.jpg 1024w, https:\/\/afalesc.com.br\/site\/wp-content\/uploads\/2024\/11\/DSCF8096-300x200.jpg 300w, https:\/\/afalesc.com.br\/site\/wp-content\/uploads\/2024\/11\/DSCF8096-768x512.jpg 768w, https:\/\/afalesc.com.br\/site\/wp-content\/uploads\/2024\/11\/DSCF8096-1536x1024.jpg 1536w, https:\/\/afalesc.com.br\/site\/wp-content\/uploads\/2024\/11\/DSCF8096-2048x1365.jpg 2048w, https:\/\/afalesc.com.br\/site\/wp-content\/uploads\/2024\/11\/DSCF8096-700x467.jpg 700w\" sizes=\"auto, (max-width: 1024px) 100vw, 1024px\" \/><\/a>\n\t\t\t<\/dt><\/dl><br style=\"clear: both\" \/><dl class='gallery-item'>\n\t\t\t<dt class='gallery-icon landscape'>\n\t\t\t\t<a href='https:\/\/afalesc.com.br\/site\/costelaco-e-dia-das-criancas-afalesc-2024\/dscf8100\/'><img loading=\"lazy\" decoding=\"async\" width=\"1024\" height=\"683\" src=\"https:\/\/afalesc.com.br\/site\/wp-content\/uploads\/2024\/11\/DSCF8100-1024x683.jpg\" class=\"attachment-large size-large\" alt=\"\" srcset=\"https:\/\/afalesc.com.br\/site\/wp-content\/uploads\/2024\/11\/DSCF8100-1024x683.jpg 1024w, https:\/\/afalesc.com.br\/site\/wp-content\/uploads\/2024\/11\/DSCF8100-300x200.jpg 300w, https:\/\/afalesc.com.br\/site\/wp-content\/uploads\/2024\/11\/DSCF8100-768x512.jpg 768w, https:\/\/afalesc.com.br\/site\/wp-content\/uploads\/2024\/11\/DSCF8100-1536x1024.jpg 1536w, https:\/\/afalesc.com.br\/site\/wp-content\/uploads\/2024\/11\/DSCF8100-2048x1365.jpg 2048w, https:\/\/afalesc.com.br\/site\/wp-content\/uploads\/2024\/11\/DSCF8100-700x467.jpg 700w\" sizes=\"auto, (max-width: 1024px) 100vw, 1024px\" \/><\/a>\n\t\t\t<\/dt><\/dl><br style=\"clear: both\" \/><dl class='gallery-item'>\n\t\t\t<dt class='gallery-icon portrait'>\n\t\t\t\t<a href='https:\/\/afalesc.com.br\/site\/costelaco-e-dia-das-criancas-afalesc-2024\/dscf8112\/'><img loading=\"lazy\" decoding=\"async\" width=\"683\" height=\"1024\" src=\"https:\/\/afalesc.com.br\/site\/wp-content\/uploads\/2024\/11\/DSCF8112-683x1024.jpg\" class=\"attachment-large size-large\" alt=\"\" srcset=\"https:\/\/afalesc.com.br\/site\/wp-content\/uploads\/2024\/11\/DSCF8112-683x1024.jpg 683w, https:\/\/afalesc.com.br\/site\/wp-content\/uploads\/2024\/11\/DSCF8112-200x300.jpg 200w, https:\/\/afalesc.com.br\/site\/wp-content\/uploads\/2024\/11\/DSCF8112-768x1152.jpg 768w, https:\/\/afalesc.com.br\/site\/wp-content\/uploads\/2024\/11\/DSCF8112-1024x1536.jpg 1024w, https:\/\/afalesc.com.br\/site\/wp-content\/uploads\/2024\/11\/DSCF8112-1365x2048.jpg 1365w, https:\/\/afalesc.com.br\/site\/wp-content\/uploads\/2024\/11\/DSCF8112-700x1050.jpg 700w, https:\/\/afalesc.com.br\/site\/wp-content\/uploads\/2024\/11\/DSCF8112-scaled.jpg 1707w\" sizes=\"auto, (max-width: 683px) 100vw, 683px\" \/><\/a>\n\t\t\t<\/dt><\/dl><br style=\"clear: both\" \/><dl class='gallery-item'>\n\t\t\t<dt class='gallery-icon portrait'>\n\t\t\t\t<a href='https:\/\/afalesc.com.br\/site\/costelaco-e-dia-das-criancas-afalesc-2024\/dscf8117\/'><img loading=\"lazy\" decoding=\"async\" width=\"683\" height=\"1024\" src=\"https:\/\/afalesc.com.br\/site\/wp-content\/uploads\/2024\/11\/DSCF8117-683x1024.jpg\" class=\"attachment-large size-large\" alt=\"\" srcset=\"https:\/\/afalesc.com.br\/site\/wp-content\/uploads\/2024\/11\/DSCF8117-683x1024.jpg 683w, https:\/\/afalesc.com.br\/site\/wp-content\/uploads\/2024\/11\/DSCF8117-200x300.jpg 200w, https:\/\/afalesc.com.br\/site\/wp-content\/uploads\/2024\/11\/DSCF8117-768x1152.jpg 768w, https:\/\/afalesc.com.br\/site\/wp-content\/uploads\/2024\/11\/DSCF8117-1024x1536.jpg 1024w, https:\/\/afalesc.com.br\/site\/wp-content\/uploads\/2024\/11\/DSCF8117-1365x2048.jpg 1365w, https:\/\/afalesc.com.br\/site\/wp-content\/uploads\/2024\/11\/DSCF8117-700x1050.jpg 700w, https:\/\/afalesc.com.br\/site\/wp-content\/uploads\/2024\/11\/DSCF8117-scaled.jpg 1707w\" sizes=\"auto, (max-width: 683px) 100vw, 683px\" \/><\/a>\n\t\t\t<\/dt><\/dl><br style=\"clear: both\" \/><dl class='gallery-item'>\n\t\t\t<dt class='gallery-icon landscape'>\n\t\t\t\t<a href='https:\/\/afalesc.com.br\/site\/costelaco-e-dia-das-criancas-afalesc-2024\/dscf8118\/'><img loading=\"lazy\" decoding=\"async\" width=\"1024\" height=\"683\" src=\"https:\/\/afalesc.com.br\/site\/wp-content\/uploads\/2024\/11\/DSCF8118-1024x683.jpg\" class=\"attachment-large size-large\" alt=\"\" srcset=\"https:\/\/afalesc.com.br\/site\/wp-content\/uploads\/2024\/11\/DSCF8118-1024x683.jpg 1024w, https:\/\/afalesc.com.br\/site\/wp-content\/uploads\/2024\/11\/DSCF8118-300x200.jpg 300w, https:\/\/afalesc.com.br\/site\/wp-content\/uploads\/2024\/11\/DSCF8118-768x512.jpg 768w, https:\/\/afalesc.com.br\/site\/wp-content\/uploads\/2024\/11\/DSCF8118-1536x1024.jpg 1536w, https:\/\/afalesc.com.br\/site\/wp-content\/uploads\/2024\/11\/DSCF8118-2048x1365.jpg 2048w, https:\/\/afalesc.com.br\/site\/wp-content\/uploads\/2024\/11\/DSCF8118-700x467.jpg 700w\" sizes=\"auto, (max-width: 1024px) 100vw, 1024px\" \/><\/a>\n\t\t\t<\/dt><\/dl><br style=\"clear: both\" \/><dl class='gallery-item'>\n\t\t\t<dt class='gallery-icon landscape'>\n\t\t\t\t<a href='https:\/\/afalesc.com.br\/site\/costelaco-e-dia-das-criancas-afalesc-2024\/dscf8127\/'><img loading=\"lazy\" decoding=\"async\" width=\"1024\" height=\"683\" src=\"https:\/\/afalesc.com.br\/site\/wp-content\/uploads\/2024\/11\/DSCF8127-1024x683.jpg\" class=\"attachment-large size-large\" alt=\"\" srcset=\"https:\/\/afalesc.com.br\/site\/wp-content\/uploads\/2024\/11\/DSCF8127-1024x683.jpg 1024w, https:\/\/afalesc.com.br\/site\/wp-content\/uploads\/2024\/11\/DSCF8127-300x200.jpg 300w, https:\/\/afalesc.com.br\/site\/wp-content\/uploads\/2024\/11\/DSCF8127-768x512.jpg 768w, https:\/\/afalesc.com.br\/site\/wp-content\/uploads\/2024\/11\/DSCF8127-1536x1024.jpg 1536w, https:\/\/afalesc.com.br\/site\/wp-content\/uploads\/2024\/11\/DSCF8127-2048x1365.jpg 2048w, https:\/\/afalesc.com.br\/site\/wp-content\/uploads\/2024\/11\/DSCF8127-700x467.jpg 700w\" sizes=\"auto, (max-width: 1024px) 100vw, 1024px\" \/><\/a>\n\t\t\t<\/dt><\/dl><br style=\"clear: both\" \/><dl class='gallery-item'>\n\t\t\t<dt class='gallery-icon landscape'>\n\t\t\t\t<a href='https:\/\/afalesc.com.br\/site\/costelaco-e-dia-das-criancas-afalesc-2024\/dscf8132\/'><img loading=\"lazy\" decoding=\"async\" width=\"1024\" height=\"683\" src=\"https:\/\/afalesc.com.br\/site\/wp-content\/uploads\/2024\/11\/DSCF8132-1024x683.jpg\" class=\"attachment-large size-large\" alt=\"\" srcset=\"https:\/\/afalesc.com.br\/site\/wp-content\/uploads\/2024\/11\/DSCF8132-1024x683.jpg 1024w, https:\/\/afalesc.com.br\/site\/wp-content\/uploads\/2024\/11\/DSCF8132-300x200.jpg 300w, https:\/\/afalesc.com.br\/site\/wp-content\/uploads\/2024\/11\/DSCF8132-768x512.jpg 768w, https:\/\/afalesc.com.br\/site\/wp-content\/uploads\/2024\/11\/DSCF8132-1536x1024.jpg 1536w, https:\/\/afalesc.com.br\/site\/wp-content\/uploads\/2024\/11\/DSCF8132-2048x1365.jpg 2048w, https:\/\/afalesc.com.br\/site\/wp-content\/uploads\/2024\/11\/DSCF8132-700x467.jpg 700w\" sizes=\"auto, (max-width: 1024px) 100vw, 1024px\" \/><\/a>\n\t\t\t<\/dt><\/dl><br style=\"clear: both\" \/><dl class='gallery-item'>\n\t\t\t<dt class='gallery-icon landscape'>\n\t\t\t\t<a href='https:\/\/afalesc.com.br\/site\/costelaco-e-dia-das-criancas-afalesc-2024\/dscf8135\/'><img loading=\"lazy\" decoding=\"async\" width=\"1024\" height=\"683\" src=\"https:\/\/afalesc.com.br\/site\/wp-content\/uploads\/2024\/11\/DSCF8135-1024x683.jpg\" class=\"attachment-large size-large\" alt=\"\" srcset=\"https:\/\/afalesc.com.br\/site\/wp-content\/uploads\/2024\/11\/DSCF8135-1024x683.jpg 1024w, https:\/\/afalesc.com.br\/site\/wp-content\/uploads\/2024\/11\/DSCF8135-300x200.jpg 300w, https:\/\/afalesc.com.br\/site\/wp-content\/uploads\/2024\/11\/DSCF8135-768x512.jpg 768w, https:\/\/afalesc.com.br\/site\/wp-content\/uploads\/2024\/11\/DSCF8135-1536x1024.jpg 1536w, https:\/\/afalesc.com.br\/site\/wp-content\/uploads\/2024\/11\/DSCF8135-2048x1365.jpg 2048w, https:\/\/afalesc.com.br\/site\/wp-content\/uploads\/2024\/11\/DSCF8135-700x467.jpg 700w\" sizes=\"auto, (max-width: 1024px) 100vw, 1024px\" \/><\/a>\n\t\t\t<\/dt><\/dl><br style=\"clear: both\" \/><dl class='gallery-item'>\n\t\t\t<dt class='gallery-icon portrait'>\n\t\t\t\t<a href='https:\/\/afalesc.com.br\/site\/costelaco-e-dia-das-criancas-afalesc-2024\/dscf8140\/'><img loading=\"lazy\" decoding=\"async\" width=\"683\" height=\"1024\" src=\"https:\/\/afalesc.com.br\/site\/wp-content\/uploads\/2024\/11\/DSCF8140-683x1024.jpg\" class=\"attachment-large size-large\" alt=\"\" srcset=\"https:\/\/afalesc.com.br\/site\/wp-content\/uploads\/2024\/11\/DSCF8140-683x1024.jpg 683w, https:\/\/afalesc.com.br\/site\/wp-content\/uploads\/2024\/11\/DSCF8140-200x300.jpg 200w, https:\/\/afalesc.com.br\/site\/wp-content\/uploads\/2024\/11\/DSCF8140-768x1152.jpg 768w, https:\/\/afalesc.com.br\/site\/wp-content\/uploads\/2024\/11\/DSCF8140-1024x1536.jpg 1024w, https:\/\/afalesc.com.br\/site\/wp-content\/uploads\/2024\/11\/DSCF8140-1365x2048.jpg 1365w, https:\/\/afalesc.com.br\/site\/wp-content\/uploads\/2024\/11\/DSCF8140-700x1050.jpg 700w, https:\/\/afalesc.com.br\/site\/wp-content\/uploads\/2024\/11\/DSCF8140-scaled.jpg 1707w\" sizes=\"auto, (max-width: 683px) 100vw, 683px\" \/><\/a>\n\t\t\t<\/dt><\/dl><br style=\"clear: both\" \/><dl class='gallery-item'>\n\t\t\t<dt class='gallery-icon landscape'>\n\t\t\t\t<a href='https:\/\/afalesc.com.br\/site\/costelaco-e-dia-das-criancas-afalesc-2024\/dscf8162\/'><img loading=\"lazy\" decoding=\"async\" width=\"1024\" height=\"683\" src=\"https:\/\/afalesc.com.br\/site\/wp-content\/uploads\/2024\/11\/DSCF8162-1024x683.jpg\" class=\"attachment-large size-large\" alt=\"\" srcset=\"https:\/\/afalesc.com.br\/site\/wp-content\/uploads\/2024\/11\/DSCF8162-1024x683.jpg 1024w, https:\/\/afalesc.com.br\/site\/wp-content\/uploads\/2024\/11\/DSCF8162-300x200.jpg 300w, https:\/\/afalesc.com.br\/site\/wp-content\/uploads\/2024\/11\/DSCF8162-768x512.jpg 768w, https:\/\/afalesc.com.br\/site\/wp-content\/uploads\/2024\/11\/DSCF8162-1536x1024.jpg 1536w, https:\/\/afalesc.com.br\/site\/wp-content\/uploads\/2024\/11\/DSCF8162-2048x1365.jpg 2048w, https:\/\/afalesc.com.br\/site\/wp-content\/uploads\/2024\/11\/DSCF8162-700x467.jpg 700w\" sizes=\"auto, (max-width: 1024px) 100vw, 1024px\" \/><\/a>\n\t\t\t<\/dt><\/dl><br style=\"clear: both\" \/><dl class='gallery-item'>\n\t\t\t<dt class='gallery-icon landscape'>\n\t\t\t\t<a href='https:\/\/afalesc.com.br\/site\/costelaco-e-dia-das-criancas-afalesc-2024\/dscf8167\/'><img loading=\"lazy\" decoding=\"async\" width=\"1024\" height=\"683\" src=\"https:\/\/afalesc.com.br\/site\/wp-content\/uploads\/2024\/11\/DSCF8167-1024x683.jpg\" class=\"attachment-large size-large\" alt=\"\" srcset=\"https:\/\/afalesc.com.br\/site\/wp-content\/uploads\/2024\/11\/DSCF8167-1024x683.jpg 1024w, https:\/\/afalesc.com.br\/site\/wp-content\/uploads\/2024\/11\/DSCF8167-300x200.jpg 300w, https:\/\/afalesc.com.br\/site\/wp-content\/uploads\/2024\/11\/DSCF8167-768x512.jpg 768w, https:\/\/afalesc.com.br\/site\/wp-content\/uploads\/2024\/11\/DSCF8167-1536x1024.jpg 1536w, https:\/\/afalesc.com.br\/site\/wp-content\/uploads\/2024\/11\/DSCF8167-2048x1365.jpg 2048w, https:\/\/afalesc.com.br\/site\/wp-content\/uploads\/2024\/11\/DSCF8167-700x467.jpg 700w\" sizes=\"auto, (max-width: 1024px) 100vw, 1024px\" \/><\/a>\n\t\t\t<\/dt><\/dl><br style=\"clear: both\" \/><dl class='gallery-item'>\n\t\t\t<dt class='gallery-icon landscape'>\n\t\t\t\t<a href='https:\/\/afalesc.com.br\/site\/costelaco-e-dia-das-criancas-afalesc-2024\/dscf8169\/'><img loading=\"lazy\" decoding=\"async\" width=\"1024\" height=\"683\" src=\"https:\/\/afalesc.com.br\/site\/wp-content\/uploads\/2024\/11\/DSCF8169-1024x683.jpg\" class=\"attachment-large size-large\" alt=\"\" srcset=\"https:\/\/afalesc.com.br\/site\/wp-content\/uploads\/2024\/11\/DSCF8169-1024x683.jpg 1024w, https:\/\/afalesc.com.br\/site\/wp-content\/uploads\/2024\/11\/DSCF8169-300x200.jpg 300w, https:\/\/afalesc.com.br\/site\/wp-content\/uploads\/2024\/11\/DSCF8169-768x512.jpg 768w, https:\/\/afalesc.com.br\/site\/wp-content\/uploads\/2024\/11\/DSCF8169-1536x1024.jpg 1536w, https:\/\/afalesc.com.br\/site\/wp-content\/uploads\/2024\/11\/DSCF8169-2048x1365.jpg 2048w, https:\/\/afalesc.com.br\/site\/wp-content\/uploads\/2024\/11\/DSCF8169-700x467.jpg 700w\" sizes=\"auto, (max-width: 1024px) 100vw, 1024px\" \/><\/a>\n\t\t\t<\/dt><\/dl><br style=\"clear: both\" \/><dl class='gallery-item'>\n\t\t\t<dt class='gallery-icon portrait'>\n\t\t\t\t<a href='https:\/\/afalesc.com.br\/site\/costelaco-e-dia-das-criancas-afalesc-2024\/dscf8175\/'><img loading=\"lazy\" decoding=\"async\" width=\"683\" height=\"1024\" src=\"https:\/\/afalesc.com.br\/site\/wp-content\/uploads\/2024\/11\/DSCF8175-683x1024.jpg\" class=\"attachment-large size-large\" alt=\"\" srcset=\"https:\/\/afalesc.com.br\/site\/wp-content\/uploads\/2024\/11\/DSCF8175-683x1024.jpg 683w, https:\/\/afalesc.com.br\/site\/wp-content\/uploads\/2024\/11\/DSCF8175-200x300.jpg 200w, https:\/\/afalesc.com.br\/site\/wp-content\/uploads\/2024\/11\/DSCF8175-768x1152.jpg 768w, https:\/\/afalesc.com.br\/site\/wp-content\/uploads\/2024\/11\/DSCF8175-1024x1536.jpg 1024w, https:\/\/afalesc.com.br\/site\/wp-content\/uploads\/2024\/11\/DSCF8175-1365x2048.jpg 1365w, https:\/\/afalesc.com.br\/site\/wp-content\/uploads\/2024\/11\/DSCF8175-700x1050.jpg 700w, https:\/\/afalesc.com.br\/site\/wp-content\/uploads\/2024\/11\/DSCF8175-scaled.jpg 1707w\" sizes=\"auto, (max-width: 683px) 100vw, 683px\" \/><\/a>\n\t\t\t<\/dt><\/dl><br style=\"clear: both\" \/><dl class='gallery-item'>\n\t\t\t<dt class='gallery-icon landscape'>\n\t\t\t\t<a href='https:\/\/afalesc.com.br\/site\/costelaco-e-dia-das-criancas-afalesc-2024\/dscf8180\/'><img loading=\"lazy\" decoding=\"async\" width=\"1024\" height=\"683\" src=\"https:\/\/afalesc.com.br\/site\/wp-content\/uploads\/2024\/11\/DSCF8180-1024x683.jpg\" class=\"attachment-large size-large\" alt=\"\" srcset=\"https:\/\/afalesc.com.br\/site\/wp-content\/uploads\/2024\/11\/DSCF8180-1024x683.jpg 1024w, https:\/\/afalesc.com.br\/site\/wp-content\/uploads\/2024\/11\/DSCF8180-300x200.jpg 300w, https:\/\/afalesc.com.br\/site\/wp-content\/uploads\/2024\/11\/DSCF8180-768x512.jpg 768w, https:\/\/afalesc.com.br\/site\/wp-content\/uploads\/2024\/11\/DSCF8180-1536x1024.jpg 1536w, https:\/\/afalesc.com.br\/site\/wp-content\/uploads\/2024\/11\/DSCF8180-2048x1365.jpg 2048w, https:\/\/afalesc.com.br\/site\/wp-content\/uploads\/2024\/11\/DSCF8180-700x467.jpg 700w\" sizes=\"auto, (max-width: 1024px) 100vw, 1024px\" \/><\/a>\n\t\t\t<\/dt><\/dl><br style=\"clear: both\" \/><dl class='gallery-item'>\n\t\t\t<dt class='gallery-icon landscape'>\n\t\t\t\t<a href='https:\/\/afalesc.com.br\/site\/costelaco-e-dia-das-criancas-afalesc-2024\/dscf8184\/'><img loading=\"lazy\" decoding=\"async\" width=\"1024\" height=\"683\" src=\"https:\/\/afalesc.com.br\/site\/wp-content\/uploads\/2024\/11\/DSCF8184-1024x683.jpg\" class=\"attachment-large size-large\" alt=\"\" srcset=\"https:\/\/afalesc.com.br\/site\/wp-content\/uploads\/2024\/11\/DSCF8184-1024x683.jpg 1024w, https:\/\/afalesc.com.br\/site\/wp-content\/uploads\/2024\/11\/DSCF8184-300x200.jpg 300w, https:\/\/afalesc.com.br\/site\/wp-content\/uploads\/2024\/11\/DSCF8184-768x512.jpg 768w, https:\/\/afalesc.com.br\/site\/wp-content\/uploads\/2024\/11\/DSCF8184-1536x1024.jpg 1536w, https:\/\/afalesc.com.br\/site\/wp-content\/uploads\/2024\/11\/DSCF8184-2048x1365.jpg 2048w, https:\/\/afalesc.com.br\/site\/wp-content\/uploads\/2024\/11\/DSCF8184-700x467.jpg 700w\" sizes=\"auto, (max-width: 1024px) 100vw, 1024px\" \/><\/a>\n\t\t\t<\/dt><\/dl><br style=\"clear: both\" \/><dl class='gallery-item'>\n\t\t\t<dt class='gallery-icon portrait'>\n\t\t\t\t<a href='https:\/\/afalesc.com.br\/site\/costelaco-e-dia-das-criancas-afalesc-2024\/dscf8187\/'><img loading=\"lazy\" decoding=\"async\" width=\"683\" height=\"1024\" src=\"https:\/\/afalesc.com.br\/site\/wp-content\/uploads\/2024\/11\/DSCF8187-683x1024.jpg\" class=\"attachment-large size-large\" alt=\"\" srcset=\"https:\/\/afalesc.com.br\/site\/wp-content\/uploads\/2024\/11\/DSCF8187-683x1024.jpg 683w, https:\/\/afalesc.com.br\/site\/wp-content\/uploads\/2024\/11\/DSCF8187-200x300.jpg 200w, https:\/\/afalesc.com.br\/site\/wp-content\/uploads\/2024\/11\/DSCF8187-768x1152.jpg 768w, https:\/\/afalesc.com.br\/site\/wp-content\/uploads\/2024\/11\/DSCF8187-1024x1536.jpg 1024w, https:\/\/afalesc.com.br\/site\/wp-content\/uploads\/2024\/11\/DSCF8187-1365x2048.jpg 1365w, https:\/\/afalesc.com.br\/site\/wp-content\/uploads\/2024\/11\/DSCF8187-700x1050.jpg 700w, https:\/\/afalesc.com.br\/site\/wp-content\/uploads\/2024\/11\/DSCF8187-scaled.jpg 1707w\" sizes=\"auto, (max-width: 683px) 100vw, 683px\" \/><\/a>\n\t\t\t<\/dt><\/dl><br style=\"clear: both\" \/><dl class='gallery-item'>\n\t\t\t<dt class='gallery-icon landscape'>\n\t\t\t\t<a href='https:\/\/afalesc.com.br\/site\/costelaco-e-dia-das-criancas-afalesc-2024\/dscf8196\/'><img loading=\"lazy\" decoding=\"async\" width=\"1024\" height=\"683\" src=\"https:\/\/afalesc.com.br\/site\/wp-content\/uploads\/2024\/11\/DSCF8196-1024x683.jpg\" class=\"attachment-large size-large\" alt=\"\" srcset=\"https:\/\/afalesc.com.br\/site\/wp-content\/uploads\/2024\/11\/DSCF8196-1024x683.jpg 1024w, https:\/\/afalesc.com.br\/site\/wp-content\/uploads\/2024\/11\/DSCF8196-300x200.jpg 300w, https:\/\/afalesc.com.br\/site\/wp-content\/uploads\/2024\/11\/DSCF8196-768x512.jpg 768w, https:\/\/afalesc.com.br\/site\/wp-content\/uploads\/2024\/11\/DSCF8196-1536x1024.jpg 1536w, https:\/\/afalesc.com.br\/site\/wp-content\/uploads\/2024\/11\/DSCF8196-2048x1365.jpg 2048w, https:\/\/afalesc.com.br\/site\/wp-content\/uploads\/2024\/11\/DSCF8196-700x467.jpg 700w\" sizes=\"auto, (max-width: 1024px) 100vw, 1024px\" \/><\/a>\n\t\t\t<\/dt><\/dl><br style=\"clear: both\" \/><dl class='gallery-item'>\n\t\t\t<dt class='gallery-icon landscape'>\n\t\t\t\t<a href='https:\/\/afalesc.com.br\/site\/costelaco-e-dia-das-criancas-afalesc-2024\/dscf8200\/'><img loading=\"lazy\" decoding=\"async\" width=\"1024\" height=\"683\" src=\"https:\/\/afalesc.com.br\/site\/wp-content\/uploads\/2024\/11\/DSCF8200-1024x683.jpg\" class=\"attachment-large size-large\" alt=\"\" srcset=\"https:\/\/afalesc.com.br\/site\/wp-content\/uploads\/2024\/11\/DSCF8200-1024x683.jpg 1024w, https:\/\/afalesc.com.br\/site\/wp-content\/uploads\/2024\/11\/DSCF8200-300x200.jpg 300w, https:\/\/afalesc.com.br\/site\/wp-content\/uploads\/2024\/11\/DSCF8200-768x512.jpg 768w, https:\/\/afalesc.com.br\/site\/wp-content\/uploads\/2024\/11\/DSCF8200-1536x1024.jpg 1536w, https:\/\/afalesc.com.br\/site\/wp-content\/uploads\/2024\/11\/DSCF8200-2048x1365.jpg 2048w, https:\/\/afalesc.com.br\/site\/wp-content\/uploads\/2024\/11\/DSCF8200-700x467.jpg 700w\" sizes=\"auto, (max-width: 1024px) 100vw, 1024px\" \/><\/a>\n\t\t\t<\/dt><\/dl><br style=\"clear: both\" \/><dl class='gallery-item'>\n\t\t\t<dt class='gallery-icon portrait'>\n\t\t\t\t<a href='https:\/\/afalesc.com.br\/site\/costelaco-e-dia-das-criancas-afalesc-2024\/dscf8208\/'><img loading=\"lazy\" decoding=\"async\" width=\"683\" height=\"1024\" src=\"https:\/\/afalesc.com.br\/site\/wp-content\/uploads\/2024\/11\/DSCF8208-683x1024.jpg\" class=\"attachment-large size-large\" alt=\"\" srcset=\"https:\/\/afalesc.com.br\/site\/wp-content\/uploads\/2024\/11\/DSCF8208-683x1024.jpg 683w, https:\/\/afalesc.com.br\/site\/wp-content\/uploads\/2024\/11\/DSCF8208-200x300.jpg 200w, https:\/\/afalesc.com.br\/site\/wp-content\/uploads\/2024\/11\/DSCF8208-768x1152.jpg 768w, https:\/\/afalesc.com.br\/site\/wp-content\/uploads\/2024\/11\/DSCF8208-1024x1536.jpg 1024w, https:\/\/afalesc.com.br\/site\/wp-content\/uploads\/2024\/11\/DSCF8208-1365x2048.jpg 1365w, https:\/\/afalesc.com.br\/site\/wp-content\/uploads\/2024\/11\/DSCF8208-700x1050.jpg 700w, https:\/\/afalesc.com.br\/site\/wp-content\/uploads\/2024\/11\/DSCF8208-scaled.jpg 1707w\" sizes=\"auto, (max-width: 683px) 100vw, 683px\" \/><\/a>\n\t\t\t<\/dt><\/dl><br style=\"clear: both\" \/><dl class='gallery-item'>\n\t\t\t<dt class='gallery-icon portrait'>\n\t\t\t\t<a href='https:\/\/afalesc.com.br\/site\/costelaco-e-dia-das-criancas-afalesc-2024\/dscf8214\/'><img loading=\"lazy\" decoding=\"async\" width=\"683\" height=\"1024\" src=\"https:\/\/afalesc.com.br\/site\/wp-content\/uploads\/2024\/11\/DSCF8214-683x1024.jpg\" class=\"attachment-large size-large\" alt=\"\" srcset=\"https:\/\/afalesc.com.br\/site\/wp-content\/uploads\/2024\/11\/DSCF8214-683x1024.jpg 683w, https:\/\/afalesc.com.br\/site\/wp-content\/uploads\/2024\/11\/DSCF8214-200x300.jpg 200w, https:\/\/afalesc.com.br\/site\/wp-content\/uploads\/2024\/11\/DSCF8214-768x1152.jpg 768w, https:\/\/afalesc.com.br\/site\/wp-content\/uploads\/2024\/11\/DSCF8214-1024x1536.jpg 1024w, https:\/\/afalesc.com.br\/site\/wp-content\/uploads\/2024\/11\/DSCF8214-1365x2048.jpg 1365w, https:\/\/afalesc.com.br\/site\/wp-content\/uploads\/2024\/11\/DSCF8214-700x1050.jpg 700w, https:\/\/afalesc.com.br\/site\/wp-content\/uploads\/2024\/11\/DSCF8214-scaled.jpg 1707w\" sizes=\"auto, (max-width: 683px) 100vw, 683px\" \/><\/a>\n\t\t\t<\/dt><\/dl><br style=\"clear: both\" \/><dl class='gallery-item'>\n\t\t\t<dt class='gallery-icon landscape'>\n\t\t\t\t<a href='https:\/\/afalesc.com.br\/site\/costelaco-e-dia-das-criancas-afalesc-2024\/dscf8220\/'><img loading=\"lazy\" decoding=\"async\" width=\"1024\" height=\"683\" src=\"https:\/\/afalesc.com.br\/site\/wp-content\/uploads\/2024\/11\/DSCF8220-1024x683.jpg\" class=\"attachment-large size-large\" alt=\"\" srcset=\"https:\/\/afalesc.com.br\/site\/wp-content\/uploads\/2024\/11\/DSCF8220-1024x683.jpg 1024w, https:\/\/afalesc.com.br\/site\/wp-content\/uploads\/2024\/11\/DSCF8220-300x200.jpg 300w, https:\/\/afalesc.com.br\/site\/wp-content\/uploads\/2024\/11\/DSCF8220-768x512.jpg 768w, https:\/\/afalesc.com.br\/site\/wp-content\/uploads\/2024\/11\/DSCF8220-1536x1024.jpg 1536w, https:\/\/afalesc.com.br\/site\/wp-content\/uploads\/2024\/11\/DSCF8220-2048x1365.jpg 2048w, https:\/\/afalesc.com.br\/site\/wp-content\/uploads\/2024\/11\/DSCF8220-700x467.jpg 700w\" sizes=\"auto, (max-width: 1024px) 100vw, 1024px\" \/><\/a>\n\t\t\t<\/dt><\/dl><br style=\"clear: both\" \/><dl class='gallery-item'>\n\t\t\t<dt class='gallery-icon landscape'>\n\t\t\t\t<a href='https:\/\/afalesc.com.br\/site\/costelaco-e-dia-das-criancas-afalesc-2024\/dscf8223\/'><img loading=\"lazy\" decoding=\"async\" width=\"1024\" height=\"683\" src=\"https:\/\/afalesc.com.br\/site\/wp-content\/uploads\/2024\/11\/DSCF8223-1024x683.jpg\" class=\"attachment-large size-large\" alt=\"\" srcset=\"https:\/\/afalesc.com.br\/site\/wp-content\/uploads\/2024\/11\/DSCF8223-1024x683.jpg 1024w, https:\/\/afalesc.com.br\/site\/wp-content\/uploads\/2024\/11\/DSCF8223-300x200.jpg 300w, https:\/\/afalesc.com.br\/site\/wp-content\/uploads\/2024\/11\/DSCF8223-768x512.jpg 768w, https:\/\/afalesc.com.br\/site\/wp-content\/uploads\/2024\/11\/DSCF8223-1536x1024.jpg 1536w, https:\/\/afalesc.com.br\/site\/wp-content\/uploads\/2024\/11\/DSCF8223-2048x1365.jpg 2048w, https:\/\/afalesc.com.br\/site\/wp-content\/uploads\/2024\/11\/DSCF8223-700x467.jpg 700w\" sizes=\"auto, (max-width: 1024px) 100vw, 1024px\" \/><\/a>\n\t\t\t<\/dt><\/dl><br style=\"clear: both\" \/><dl class='gallery-item'>\n\t\t\t<dt class='gallery-icon landscape'>\n\t\t\t\t<a href='https:\/\/afalesc.com.br\/site\/costelaco-e-dia-das-criancas-afalesc-2024\/dscf8231\/'><img loading=\"lazy\" decoding=\"async\" width=\"1024\" height=\"683\" src=\"https:\/\/afalesc.com.br\/site\/wp-content\/uploads\/2024\/11\/DSCF8231-1024x683.jpg\" class=\"attachment-large size-large\" alt=\"\" srcset=\"https:\/\/afalesc.com.br\/site\/wp-content\/uploads\/2024\/11\/DSCF8231-1024x683.jpg 1024w, https:\/\/afalesc.com.br\/site\/wp-content\/uploads\/2024\/11\/DSCF8231-300x200.jpg 300w, https:\/\/afalesc.com.br\/site\/wp-content\/uploads\/2024\/11\/DSCF8231-768x512.jpg 768w, https:\/\/afalesc.com.br\/site\/wp-content\/uploads\/2024\/11\/DSCF8231-1536x1024.jpg 1536w, https:\/\/afalesc.com.br\/site\/wp-content\/uploads\/2024\/11\/DSCF8231-2048x1365.jpg 2048w, https:\/\/afalesc.com.br\/site\/wp-content\/uploads\/2024\/11\/DSCF8231-700x467.jpg 700w\" sizes=\"auto, (max-width: 1024px) 100vw, 1024px\" \/><\/a>\n\t\t\t<\/dt><\/dl><br style=\"clear: both\" \/><dl class='gallery-item'>\n\t\t\t<dt class='gallery-icon landscape'>\n\t\t\t\t<a href='https:\/\/afalesc.com.br\/site\/costelaco-e-dia-das-criancas-afalesc-2024\/dscf8232\/'><img loading=\"lazy\" decoding=\"async\" width=\"1024\" height=\"683\" src=\"https:\/\/afalesc.com.br\/site\/wp-content\/uploads\/2024\/11\/DSCF8232-1024x683.jpg\" class=\"attachment-large size-large\" alt=\"\" srcset=\"https:\/\/afalesc.com.br\/site\/wp-content\/uploads\/2024\/11\/DSCF8232-1024x683.jpg 1024w, https:\/\/afalesc.com.br\/site\/wp-content\/uploads\/2024\/11\/DSCF8232-300x200.jpg 300w, https:\/\/afalesc.com.br\/site\/wp-content\/uploads\/2024\/11\/DSCF8232-768x512.jpg 768w, https:\/\/afalesc.com.br\/site\/wp-content\/uploads\/2024\/11\/DSCF8232-1536x1024.jpg 1536w, https:\/\/afalesc.com.br\/site\/wp-content\/uploads\/2024\/11\/DSCF8232-2048x1365.jpg 2048w, https:\/\/afalesc.com.br\/site\/wp-content\/uploads\/2024\/11\/DSCF8232-700x467.jpg 700w\" sizes=\"auto, (max-width: 1024px) 100vw, 1024px\" \/><\/a>\n\t\t\t<\/dt><\/dl><br style=\"clear: both\" \/><dl class='gallery-item'>\n\t\t\t<dt class='gallery-icon landscape'>\n\t\t\t\t<a href='https:\/\/afalesc.com.br\/site\/costelaco-e-dia-das-criancas-afalesc-2024\/dscf8236\/'><img loading=\"lazy\" decoding=\"async\" width=\"1024\" height=\"683\" src=\"https:\/\/afalesc.com.br\/site\/wp-content\/uploads\/2024\/11\/DSCF8236-1024x683.jpg\" class=\"attachment-large size-large\" alt=\"\" srcset=\"https:\/\/afalesc.com.br\/site\/wp-content\/uploads\/2024\/11\/DSCF8236-1024x683.jpg 1024w, https:\/\/afalesc.com.br\/site\/wp-content\/uploads\/2024\/11\/DSCF8236-300x200.jpg 300w, https:\/\/afalesc.com.br\/site\/wp-content\/uploads\/2024\/11\/DSCF8236-768x512.jpg 768w, https:\/\/afalesc.com.br\/site\/wp-content\/uploads\/2024\/11\/DSCF8236-1536x1024.jpg 1536w, https:\/\/afalesc.com.br\/site\/wp-content\/uploads\/2024\/11\/DSCF8236-2048x1365.jpg 2048w, https:\/\/afalesc.com.br\/site\/wp-content\/uploads\/2024\/11\/DSCF8236-700x467.jpg 700w\" sizes=\"auto, (max-width: 1024px) 100vw, 1024px\" \/><\/a>\n\t\t\t<\/dt><\/dl><br style=\"clear: both\" \/><dl class='gallery-item'>\n\t\t\t<dt class='gallery-icon portrait'>\n\t\t\t\t<a href='https:\/\/afalesc.com.br\/site\/costelaco-e-dia-das-criancas-afalesc-2024\/dscf8240\/'><img loading=\"lazy\" decoding=\"async\" width=\"683\" height=\"1024\" src=\"https:\/\/afalesc.com.br\/site\/wp-content\/uploads\/2024\/11\/DSCF8240-683x1024.jpg\" class=\"attachment-large size-large\" alt=\"\" srcset=\"https:\/\/afalesc.com.br\/site\/wp-content\/uploads\/2024\/11\/DSCF8240-683x1024.jpg 683w, https:\/\/afalesc.com.br\/site\/wp-content\/uploads\/2024\/11\/DSCF8240-200x300.jpg 200w, https:\/\/afalesc.com.br\/site\/wp-content\/uploads\/2024\/11\/DSCF8240-768x1152.jpg 768w, https:\/\/afalesc.com.br\/site\/wp-content\/uploads\/2024\/11\/DSCF8240-1024x1536.jpg 1024w, https:\/\/afalesc.com.br\/site\/wp-content\/uploads\/2024\/11\/DSCF8240-1365x2048.jpg 1365w, https:\/\/afalesc.com.br\/site\/wp-content\/uploads\/2024\/11\/DSCF8240-700x1050.jpg 700w, https:\/\/afalesc.com.br\/site\/wp-content\/uploads\/2024\/11\/DSCF8240-scaled.jpg 1707w\" sizes=\"auto, (max-width: 683px) 100vw, 683px\" \/><\/a>\n\t\t\t<\/dt><\/dl><br style=\"clear: both\" \/><dl class='gallery-item'>\n\t\t\t<dt class='gallery-icon landscape'>\n\t\t\t\t<a href='https:\/\/afalesc.com.br\/site\/costelaco-e-dia-das-criancas-afalesc-2024\/dscf8248\/'><img loading=\"lazy\" decoding=\"async\" width=\"1024\" height=\"683\" src=\"https:\/\/afalesc.com.br\/site\/wp-content\/uploads\/2024\/11\/DSCF8248-1024x683.jpg\" class=\"attachment-large size-large\" alt=\"\" srcset=\"https:\/\/afalesc.com.br\/site\/wp-content\/uploads\/2024\/11\/DSCF8248-1024x683.jpg 1024w, https:\/\/afalesc.com.br\/site\/wp-content\/uploads\/2024\/11\/DSCF8248-300x200.jpg 300w, https:\/\/afalesc.com.br\/site\/wp-content\/uploads\/2024\/11\/DSCF8248-768x512.jpg 768w, https:\/\/afalesc.com.br\/site\/wp-content\/uploads\/2024\/11\/DSCF8248-1536x1024.jpg 1536w, https:\/\/afalesc.com.br\/site\/wp-content\/uploads\/2024\/11\/DSCF8248-2048x1365.jpg 2048w, https:\/\/afalesc.com.br\/site\/wp-content\/uploads\/2024\/11\/DSCF8248-700x467.jpg 700w\" sizes=\"auto, (max-width: 1024px) 100vw, 1024px\" \/><\/a>\n\t\t\t<\/dt><\/dl><br style=\"clear: both\" \/><dl class='gallery-item'>\n\t\t\t<dt class='gallery-icon landscape'>\n\t\t\t\t<a href='https:\/\/afalesc.com.br\/site\/costelaco-e-dia-das-criancas-afalesc-2024\/dscf8254\/'><img loading=\"lazy\" decoding=\"async\" width=\"1024\" height=\"683\" src=\"https:\/\/afalesc.com.br\/site\/wp-content\/uploads\/2024\/11\/DSCF8254-1024x683.jpg\" class=\"attachment-large size-large\" alt=\"\" srcset=\"https:\/\/afalesc.com.br\/site\/wp-content\/uploads\/2024\/11\/DSCF8254-1024x683.jpg 1024w, https:\/\/afalesc.com.br\/site\/wp-content\/uploads\/2024\/11\/DSCF8254-300x200.jpg 300w, https:\/\/afalesc.com.br\/site\/wp-content\/uploads\/2024\/11\/DSCF8254-768x512.jpg 768w, https:\/\/afalesc.com.br\/site\/wp-content\/uploads\/2024\/11\/DSCF8254-1536x1024.jpg 1536w, https:\/\/afalesc.com.br\/site\/wp-content\/uploads\/2024\/11\/DSCF8254-2048x1365.jpg 2048w, https:\/\/afalesc.com.br\/site\/wp-content\/uploads\/2024\/11\/DSCF8254-700x467.jpg 700w\" sizes=\"auto, (max-width: 1024px) 100vw, 1024px\" \/><\/a>\n\t\t\t<\/dt><\/dl><br style=\"clear: both\" \/><dl class='gallery-item'>\n\t\t\t<dt class='gallery-icon landscape'>\n\t\t\t\t<a href='https:\/\/afalesc.com.br\/site\/costelaco-e-dia-das-criancas-afalesc-2024\/dscf8255\/'><img loading=\"lazy\" decoding=\"async\" width=\"1024\" height=\"683\" src=\"https:\/\/afalesc.com.br\/site\/wp-content\/uploads\/2024\/11\/DSCF8255-1024x683.jpg\" class=\"attachment-large size-large\" alt=\"\" srcset=\"https:\/\/afalesc.com.br\/site\/wp-content\/uploads\/2024\/11\/DSCF8255-1024x683.jpg 1024w, https:\/\/afalesc.com.br\/site\/wp-content\/uploads\/2024\/11\/DSCF8255-300x200.jpg 300w, https:\/\/afalesc.com.br\/site\/wp-content\/uploads\/2024\/11\/DSCF8255-768x512.jpg 768w, https:\/\/afalesc.com.br\/site\/wp-content\/uploads\/2024\/11\/DSCF8255-1536x1024.jpg 1536w, https:\/\/afalesc.com.br\/site\/wp-content\/uploads\/2024\/11\/DSCF8255-2048x1365.jpg 2048w, https:\/\/afalesc.com.br\/site\/wp-content\/uploads\/2024\/11\/DSCF8255-700x467.jpg 700w\" sizes=\"auto, (max-width: 1024px) 100vw, 1024px\" \/><\/a>\n\t\t\t<\/dt><\/dl><br style=\"clear: both\" \/><dl class='gallery-item'>\n\t\t\t<dt class='gallery-icon landscape'>\n\t\t\t\t<a href='https:\/\/afalesc.com.br\/site\/costelaco-e-dia-das-criancas-afalesc-2024\/dscf8256\/'><img loading=\"lazy\" decoding=\"async\" width=\"1024\" height=\"683\" src=\"https:\/\/afalesc.com.br\/site\/wp-content\/uploads\/2024\/11\/DSCF8256-1024x683.jpg\" class=\"attachment-large size-large\" alt=\"\" srcset=\"https:\/\/afalesc.com.br\/site\/wp-content\/uploads\/2024\/11\/DSCF8256-1024x683.jpg 1024w, https:\/\/afalesc.com.br\/site\/wp-content\/uploads\/2024\/11\/DSCF8256-300x200.jpg 300w, https:\/\/afalesc.com.br\/site\/wp-content\/uploads\/2024\/11\/DSCF8256-768x512.jpg 768w, https:\/\/afalesc.com.br\/site\/wp-content\/uploads\/2024\/11\/DSCF8256-1536x1024.jpg 1536w, https:\/\/afalesc.com.br\/site\/wp-content\/uploads\/2024\/11\/DSCF8256-2048x1365.jpg 2048w, https:\/\/afalesc.com.br\/site\/wp-content\/uploads\/2024\/11\/DSCF8256-700x467.jpg 700w\" sizes=\"auto, (max-width: 1024px) 100vw, 1024px\" \/><\/a>\n\t\t\t<\/dt><\/dl><br style=\"clear: both\" \/><dl class='gallery-item'>\n\t\t\t<dt class='gallery-icon landscape'>\n\t\t\t\t<a href='https:\/\/afalesc.com.br\/site\/costelaco-e-dia-das-criancas-afalesc-2024\/dscf8260\/'><img loading=\"lazy\" decoding=\"async\" width=\"1024\" height=\"683\" src=\"https:\/\/afalesc.com.br\/site\/wp-content\/uploads\/2024\/11\/DSCF8260-1024x683.jpg\" class=\"attachment-large size-large\" alt=\"\" srcset=\"https:\/\/afalesc.com.br\/site\/wp-content\/uploads\/2024\/11\/DSCF8260-1024x683.jpg 1024w, https:\/\/afalesc.com.br\/site\/wp-content\/uploads\/2024\/11\/DSCF8260-300x200.jpg 300w, https:\/\/afalesc.com.br\/site\/wp-content\/uploads\/2024\/11\/DSCF8260-768x512.jpg 768w, https:\/\/afalesc.com.br\/site\/wp-content\/uploads\/2024\/11\/DSCF8260-1536x1024.jpg 1536w, https:\/\/afalesc.com.br\/site\/wp-content\/uploads\/2024\/11\/DSCF8260-2048x1365.jpg 2048w, https:\/\/afalesc.com.br\/site\/wp-content\/uploads\/2024\/11\/DSCF8260-700x467.jpg 700w\" sizes=\"auto, (max-width: 1024px) 100vw, 1024px\" \/><\/a>\n\t\t\t<\/dt><\/dl><br style=\"clear: both\" \/><dl class='gallery-item'>\n\t\t\t<dt class='gallery-icon landscape'>\n\t\t\t\t<a href='https:\/\/afalesc.com.br\/site\/costelaco-e-dia-das-criancas-afalesc-2024\/dscf8267\/'><img loading=\"lazy\" decoding=\"async\" width=\"1024\" height=\"683\" src=\"https:\/\/afalesc.com.br\/site\/wp-content\/uploads\/2024\/11\/DSCF8267-1024x683.jpg\" class=\"attachment-large size-large\" alt=\"\" srcset=\"https:\/\/afalesc.com.br\/site\/wp-content\/uploads\/2024\/11\/DSCF8267-1024x683.jpg 1024w, https:\/\/afalesc.com.br\/site\/wp-content\/uploads\/2024\/11\/DSCF8267-300x200.jpg 300w, https:\/\/afalesc.com.br\/site\/wp-content\/uploads\/2024\/11\/DSCF8267-768x512.jpg 768w, https:\/\/afalesc.com.br\/site\/wp-content\/uploads\/2024\/11\/DSCF8267-1536x1024.jpg 1536w, https:\/\/afalesc.com.br\/site\/wp-content\/uploads\/2024\/11\/DSCF8267-2048x1365.jpg 2048w, https:\/\/afalesc.com.br\/site\/wp-content\/uploads\/2024\/11\/DSCF8267-700x467.jpg 700w\" sizes=\"auto, (max-width: 1024px) 100vw, 1024px\" \/><\/a>\n\t\t\t<\/dt><\/dl><br style=\"clear: both\" \/><dl class='gallery-item'>\n\t\t\t<dt class='gallery-icon landscape'>\n\t\t\t\t<a href='https:\/\/afalesc.com.br\/site\/costelaco-e-dia-das-criancas-afalesc-2024\/dscf8271\/'><img loading=\"lazy\" decoding=\"async\" width=\"1024\" height=\"683\" src=\"https:\/\/afalesc.com.br\/site\/wp-content\/uploads\/2024\/11\/DSCF8271-1024x683.jpg\" class=\"attachment-large size-large\" alt=\"\" srcset=\"https:\/\/afalesc.com.br\/site\/wp-content\/uploads\/2024\/11\/DSCF8271-1024x683.jpg 1024w, https:\/\/afalesc.com.br\/site\/wp-content\/uploads\/2024\/11\/DSCF8271-300x200.jpg 300w, https:\/\/afalesc.com.br\/site\/wp-content\/uploads\/2024\/11\/DSCF8271-768x512.jpg 768w, https:\/\/afalesc.com.br\/site\/wp-content\/uploads\/2024\/11\/DSCF8271-1536x1024.jpg 1536w, https:\/\/afalesc.com.br\/site\/wp-content\/uploads\/2024\/11\/DSCF8271-2048x1365.jpg 2048w, https:\/\/afalesc.com.br\/site\/wp-content\/uploads\/2024\/11\/DSCF8271-700x467.jpg 700w\" sizes=\"auto, (max-width: 1024px) 100vw, 1024px\" \/><\/a>\n\t\t\t<\/dt><\/dl><br style=\"clear: both\" \/><dl class='gallery-item'>\n\t\t\t<dt class='gallery-icon landscape'>\n\t\t\t\t<a href='https:\/\/afalesc.com.br\/site\/costelaco-e-dia-das-criancas-afalesc-2024\/dscf8282\/'><img loading=\"lazy\" decoding=\"async\" width=\"1024\" height=\"683\" src=\"https:\/\/afalesc.com.br\/site\/wp-content\/uploads\/2024\/11\/DSCF8282-1024x683.jpg\" class=\"attachment-large size-large\" alt=\"\" srcset=\"https:\/\/afalesc.com.br\/site\/wp-content\/uploads\/2024\/11\/DSCF8282-1024x683.jpg 1024w, https:\/\/afalesc.com.br\/site\/wp-content\/uploads\/2024\/11\/DSCF8282-300x200.jpg 300w, https:\/\/afalesc.com.br\/site\/wp-content\/uploads\/2024\/11\/DSCF8282-768x512.jpg 768w, https:\/\/afalesc.com.br\/site\/wp-content\/uploads\/2024\/11\/DSCF8282-1536x1024.jpg 1536w, https:\/\/afalesc.com.br\/site\/wp-content\/uploads\/2024\/11\/DSCF8282-2048x1365.jpg 2048w, https:\/\/afalesc.com.br\/site\/wp-content\/uploads\/2024\/11\/DSCF8282-700x467.jpg 700w\" sizes=\"auto, (max-width: 1024px) 100vw, 1024px\" \/><\/a>\n\t\t\t<\/dt><\/dl><br style=\"clear: both\" \/><dl class='gallery-item'>\n\t\t\t<dt class='gallery-icon landscape'>\n\t\t\t\t<a href='https:\/\/afalesc.com.br\/site\/costelaco-e-dia-das-criancas-afalesc-2024\/dscf8287\/'><img loading=\"lazy\" decoding=\"async\" width=\"1024\" height=\"683\" src=\"https:\/\/afalesc.com.br\/site\/wp-content\/uploads\/2024\/11\/DSCF8287-1024x683.jpg\" class=\"attachment-large size-large\" alt=\"\" srcset=\"https:\/\/afalesc.com.br\/site\/wp-content\/uploads\/2024\/11\/DSCF8287-1024x683.jpg 1024w, https:\/\/afalesc.com.br\/site\/wp-content\/uploads\/2024\/11\/DSCF8287-300x200.jpg 300w, https:\/\/afalesc.com.br\/site\/wp-content\/uploads\/2024\/11\/DSCF8287-768x512.jpg 768w, https:\/\/afalesc.com.br\/site\/wp-content\/uploads\/2024\/11\/DSCF8287-1536x1024.jpg 1536w, https:\/\/afalesc.com.br\/site\/wp-content\/uploads\/2024\/11\/DSCF8287-2048x1365.jpg 2048w, https:\/\/afalesc.com.br\/site\/wp-content\/uploads\/2024\/11\/DSCF8287-700x467.jpg 700w\" sizes=\"auto, (max-width: 1024px) 100vw, 1024px\" \/><\/a>\n\t\t\t<\/dt><\/dl><br style=\"clear: both\" \/><dl class='gallery-item'>\n\t\t\t<dt class='gallery-icon landscape'>\n\t\t\t\t<a href='https:\/\/afalesc.com.br\/site\/costelaco-e-dia-das-criancas-afalesc-2024\/dscf8290\/'><img loading=\"lazy\" decoding=\"async\" width=\"1024\" height=\"683\" src=\"https:\/\/afalesc.com.br\/site\/wp-content\/uploads\/2024\/11\/DSCF8290-1024x683.jpg\" class=\"attachment-large size-large\" alt=\"\" srcset=\"https:\/\/afalesc.com.br\/site\/wp-content\/uploads\/2024\/11\/DSCF8290-1024x683.jpg 1024w, https:\/\/afalesc.com.br\/site\/wp-content\/uploads\/2024\/11\/DSCF8290-300x200.jpg 300w, https:\/\/afalesc.com.br\/site\/wp-content\/uploads\/2024\/11\/DSCF8290-768x512.jpg 768w, https:\/\/afalesc.com.br\/site\/wp-content\/uploads\/2024\/11\/DSCF8290-1536x1024.jpg 1536w, https:\/\/afalesc.com.br\/site\/wp-content\/uploads\/2024\/11\/DSCF8290-2048x1365.jpg 2048w, https:\/\/afalesc.com.br\/site\/wp-content\/uploads\/2024\/11\/DSCF8290-700x467.jpg 700w\" sizes=\"auto, (max-width: 1024px) 100vw, 1024px\" \/><\/a>\n\t\t\t<\/dt><\/dl><br style=\"clear: both\" \/><dl class='gallery-item'>\n\t\t\t<dt class='gallery-icon portrait'>\n\t\t\t\t<a href='https:\/\/afalesc.com.br\/site\/costelaco-e-dia-das-criancas-afalesc-2024\/dscf8292\/'><img loading=\"lazy\" decoding=\"async\" width=\"683\" height=\"1024\" src=\"https:\/\/afalesc.com.br\/site\/wp-content\/uploads\/2024\/11\/DSCF8292-683x1024.jpg\" class=\"attachment-large size-large\" alt=\"\" srcset=\"https:\/\/afalesc.com.br\/site\/wp-content\/uploads\/2024\/11\/DSCF8292-683x1024.jpg 683w, https:\/\/afalesc.com.br\/site\/wp-content\/uploads\/2024\/11\/DSCF8292-200x300.jpg 200w, https:\/\/afalesc.com.br\/site\/wp-content\/uploads\/2024\/11\/DSCF8292-768x1152.jpg 768w, https:\/\/afalesc.com.br\/site\/wp-content\/uploads\/2024\/11\/DSCF8292-1024x1536.jpg 1024w, https:\/\/afalesc.com.br\/site\/wp-content\/uploads\/2024\/11\/DSCF8292-1365x2048.jpg 1365w, https:\/\/afalesc.com.br\/site\/wp-content\/uploads\/2024\/11\/DSCF8292-700x1050.jpg 700w, https:\/\/afalesc.com.br\/site\/wp-content\/uploads\/2024\/11\/DSCF8292-scaled.jpg 1707w\" sizes=\"auto, (max-width: 683px) 100vw, 683px\" \/><\/a>\n\t\t\t<\/dt><\/dl><br style=\"clear: both\" \/><dl class='gallery-item'>\n\t\t\t<dt class='gallery-icon landscape'>\n\t\t\t\t<a href='https:\/\/afalesc.com.br\/site\/costelaco-e-dia-das-criancas-afalesc-2024\/dscf8303\/'><img loading=\"lazy\" decoding=\"async\" width=\"1024\" height=\"683\" src=\"https:\/\/afalesc.com.br\/site\/wp-content\/uploads\/2024\/11\/DSCF8303-1024x683.jpg\" class=\"attachment-large size-large\" alt=\"\" srcset=\"https:\/\/afalesc.com.br\/site\/wp-content\/uploads\/2024\/11\/DSCF8303-1024x683.jpg 1024w, https:\/\/afalesc.com.br\/site\/wp-content\/uploads\/2024\/11\/DSCF8303-300x200.jpg 300w, https:\/\/afalesc.com.br\/site\/wp-content\/uploads\/2024\/11\/DSCF8303-768x512.jpg 768w, https:\/\/afalesc.com.br\/site\/wp-content\/uploads\/2024\/11\/DSCF8303-1536x1024.jpg 1536w, https:\/\/afalesc.com.br\/site\/wp-content\/uploads\/2024\/11\/DSCF8303-2048x1365.jpg 2048w, https:\/\/afalesc.com.br\/site\/wp-content\/uploads\/2024\/11\/DSCF8303-700x467.jpg 700w\" sizes=\"auto, (max-width: 1024px) 100vw, 1024px\" \/><\/a>\n\t\t\t<\/dt><\/dl><br style=\"clear: both\" \/><dl class='gallery-item'>\n\t\t\t<dt class='gallery-icon landscape'>\n\t\t\t\t<a href='https:\/\/afalesc.com.br\/site\/costelaco-e-dia-das-criancas-afalesc-2024\/dscf8304\/'><img loading=\"lazy\" decoding=\"async\" width=\"1024\" height=\"683\" src=\"https:\/\/afalesc.com.br\/site\/wp-content\/uploads\/2024\/11\/DSCF8304-1024x683.jpg\" class=\"attachment-large size-large\" alt=\"\" srcset=\"https:\/\/afalesc.com.br\/site\/wp-content\/uploads\/2024\/11\/DSCF8304-1024x683.jpg 1024w, https:\/\/afalesc.com.br\/site\/wp-content\/uploads\/2024\/11\/DSCF8304-300x200.jpg 300w, https:\/\/afalesc.com.br\/site\/wp-content\/uploads\/2024\/11\/DSCF8304-768x512.jpg 768w, https:\/\/afalesc.com.br\/site\/wp-content\/uploads\/2024\/11\/DSCF8304-1536x1024.jpg 1536w, https:\/\/afalesc.com.br\/site\/wp-content\/uploads\/2024\/11\/DSCF8304-2048x1365.jpg 2048w, https:\/\/afalesc.com.br\/site\/wp-content\/uploads\/2024\/11\/DSCF8304-700x467.jpg 700w\" sizes=\"auto, (max-width: 1024px) 100vw, 1024px\" \/><\/a>\n\t\t\t<\/dt><\/dl><br style=\"clear: both\" \/><dl class='gallery-item'>\n\t\t\t<dt class='gallery-icon landscape'>\n\t\t\t\t<a href='https:\/\/afalesc.com.br\/site\/costelaco-e-dia-das-criancas-afalesc-2024\/dscf8310\/'><img loading=\"lazy\" decoding=\"async\" width=\"1024\" height=\"683\" src=\"https:\/\/afalesc.com.br\/site\/wp-content\/uploads\/2024\/11\/DSCF8310-1024x683.jpg\" class=\"attachment-large size-large\" alt=\"\" srcset=\"https:\/\/afalesc.com.br\/site\/wp-content\/uploads\/2024\/11\/DSCF8310-1024x683.jpg 1024w, https:\/\/afalesc.com.br\/site\/wp-content\/uploads\/2024\/11\/DSCF8310-300x200.jpg 300w, https:\/\/afalesc.com.br\/site\/wp-content\/uploads\/2024\/11\/DSCF8310-768x512.jpg 768w, https:\/\/afalesc.com.br\/site\/wp-content\/uploads\/2024\/11\/DSCF8310-1536x1024.jpg 1536w, https:\/\/afalesc.com.br\/site\/wp-content\/uploads\/2024\/11\/DSCF8310-2048x1365.jpg 2048w, https:\/\/afalesc.com.br\/site\/wp-content\/uploads\/2024\/11\/DSCF8310-700x467.jpg 700w\" sizes=\"auto, (max-width: 1024px) 100vw, 1024px\" \/><\/a>\n\t\t\t<\/dt><\/dl><br style=\"clear: both\" \/><dl class='gallery-item'>\n\t\t\t<dt class='gallery-icon landscape'>\n\t\t\t\t<a href='https:\/\/afalesc.com.br\/site\/costelaco-e-dia-das-criancas-afalesc-2024\/dscf8316\/'><img loading=\"lazy\" decoding=\"async\" width=\"1024\" height=\"683\" src=\"https:\/\/afalesc.com.br\/site\/wp-content\/uploads\/2024\/11\/DSCF8316-1024x683.jpg\" class=\"attachment-large size-large\" alt=\"\" srcset=\"https:\/\/afalesc.com.br\/site\/wp-content\/uploads\/2024\/11\/DSCF8316-1024x683.jpg 1024w, https:\/\/afalesc.com.br\/site\/wp-content\/uploads\/2024\/11\/DSCF8316-300x200.jpg 300w, https:\/\/afalesc.com.br\/site\/wp-content\/uploads\/2024\/11\/DSCF8316-768x512.jpg 768w, https:\/\/afalesc.com.br\/site\/wp-content\/uploads\/2024\/11\/DSCF8316-1536x1024.jpg 1536w, https:\/\/afalesc.com.br\/site\/wp-content\/uploads\/2024\/11\/DSCF8316-2048x1365.jpg 2048w, https:\/\/afalesc.com.br\/site\/wp-content\/uploads\/2024\/11\/DSCF8316-700x467.jpg 700w\" sizes=\"auto, (max-width: 1024px) 100vw, 1024px\" \/><\/a>\n\t\t\t<\/dt><\/dl><br style=\"clear: both\" \/><dl class='gallery-item'>\n\t\t\t<dt class='gallery-icon landscape'>\n\t\t\t\t<a href='https:\/\/afalesc.com.br\/site\/costelaco-e-dia-das-criancas-afalesc-2024\/dscf8321\/'><img loading=\"lazy\" decoding=\"async\" width=\"1024\" height=\"683\" src=\"https:\/\/afalesc.com.br\/site\/wp-content\/uploads\/2024\/11\/DSCF8321-1024x683.jpg\" class=\"attachment-large size-large\" alt=\"\" srcset=\"https:\/\/afalesc.com.br\/site\/wp-content\/uploads\/2024\/11\/DSCF8321-1024x683.jpg 1024w, https:\/\/afalesc.com.br\/site\/wp-content\/uploads\/2024\/11\/DSCF8321-300x200.jpg 300w, https:\/\/afalesc.com.br\/site\/wp-content\/uploads\/2024\/11\/DSCF8321-768x512.jpg 768w, https:\/\/afalesc.com.br\/site\/wp-content\/uploads\/2024\/11\/DSCF8321-1536x1024.jpg 1536w, https:\/\/afalesc.com.br\/site\/wp-content\/uploads\/2024\/11\/DSCF8321-2048x1365.jpg 2048w, https:\/\/afalesc.com.br\/site\/wp-content\/uploads\/2024\/11\/DSCF8321-700x467.jpg 700w\" sizes=\"auto, (max-width: 1024px) 100vw, 1024px\" \/><\/a>\n\t\t\t<\/dt><\/dl><br style=\"clear: both\" \/><dl class='gallery-item'>\n\t\t\t<dt class='gallery-icon landscape'>\n\t\t\t\t<a href='https:\/\/afalesc.com.br\/site\/costelaco-e-dia-das-criancas-afalesc-2024\/dscf8326\/'><img loading=\"lazy\" decoding=\"async\" width=\"1024\" height=\"683\" src=\"https:\/\/afalesc.com.br\/site\/wp-content\/uploads\/2024\/11\/DSCF8326-1024x683.jpg\" class=\"attachment-large size-large\" alt=\"\" srcset=\"https:\/\/afalesc.com.br\/site\/wp-content\/uploads\/2024\/11\/DSCF8326-1024x683.jpg 1024w, https:\/\/afalesc.com.br\/site\/wp-content\/uploads\/2024\/11\/DSCF8326-300x200.jpg 300w, https:\/\/afalesc.com.br\/site\/wp-content\/uploads\/2024\/11\/DSCF8326-768x512.jpg 768w, https:\/\/afalesc.com.br\/site\/wp-content\/uploads\/2024\/11\/DSCF8326-1536x1024.jpg 1536w, https:\/\/afalesc.com.br\/site\/wp-content\/uploads\/2024\/11\/DSCF8326-2048x1365.jpg 2048w, https:\/\/afalesc.com.br\/site\/wp-content\/uploads\/2024\/11\/DSCF8326-700x467.jpg 700w\" sizes=\"auto, (max-width: 1024px) 100vw, 1024px\" \/><\/a>\n\t\t\t<\/dt><\/dl><br style=\"clear: both\" \/><dl class='gallery-item'>\n\t\t\t<dt class='gallery-icon landscape'>\n\t\t\t\t<a href='https:\/\/afalesc.com.br\/site\/costelaco-e-dia-das-criancas-afalesc-2024\/dscf8330\/'><img loading=\"lazy\" decoding=\"async\" width=\"1024\" height=\"683\" src=\"https:\/\/afalesc.com.br\/site\/wp-content\/uploads\/2024\/11\/DSCF8330-1024x683.jpg\" class=\"attachment-large size-large\" alt=\"\" srcset=\"https:\/\/afalesc.com.br\/site\/wp-content\/uploads\/2024\/11\/DSCF8330-1024x683.jpg 1024w, https:\/\/afalesc.com.br\/site\/wp-content\/uploads\/2024\/11\/DSCF8330-300x200.jpg 300w, https:\/\/afalesc.com.br\/site\/wp-content\/uploads\/2024\/11\/DSCF8330-768x512.jpg 768w, https:\/\/afalesc.com.br\/site\/wp-content\/uploads\/2024\/11\/DSCF8330-1536x1024.jpg 1536w, https:\/\/afalesc.com.br\/site\/wp-content\/uploads\/2024\/11\/DSCF8330-2048x1365.jpg 2048w, https:\/\/afalesc.com.br\/site\/wp-content\/uploads\/2024\/11\/DSCF8330-700x467.jpg 700w\" sizes=\"auto, (max-width: 1024px) 100vw, 1024px\" \/><\/a>\n\t\t\t<\/dt><\/dl><br style=\"clear: both\" \/><dl class='gallery-item'>\n\t\t\t<dt class='gallery-icon landscape'>\n\t\t\t\t<a href='https:\/\/afalesc.com.br\/site\/costelaco-e-dia-das-criancas-afalesc-2024\/dscf8333\/'><img loading=\"lazy\" decoding=\"async\" width=\"1024\" height=\"683\" src=\"https:\/\/afalesc.com.br\/site\/wp-content\/uploads\/2024\/11\/DSCF8333-1024x683.jpg\" class=\"attachment-large size-large\" alt=\"\" srcset=\"https:\/\/afalesc.com.br\/site\/wp-content\/uploads\/2024\/11\/DSCF8333-1024x683.jpg 1024w, https:\/\/afalesc.com.br\/site\/wp-content\/uploads\/2024\/11\/DSCF8333-300x200.jpg 300w, https:\/\/afalesc.com.br\/site\/wp-content\/uploads\/2024\/11\/DSCF8333-768x512.jpg 768w, https:\/\/afalesc.com.br\/site\/wp-content\/uploads\/2024\/11\/DSCF8333-1536x1024.jpg 1536w, https:\/\/afalesc.com.br\/site\/wp-content\/uploads\/2024\/11\/DSCF8333-2048x1365.jpg 2048w, https:\/\/afalesc.com.br\/site\/wp-content\/uploads\/2024\/11\/DSCF8333-700x467.jpg 700w\" sizes=\"auto, (max-width: 1024px) 100vw, 1024px\" \/><\/a>\n\t\t\t<\/dt><\/dl><br style=\"clear: both\" \/><dl class='gallery-item'>\n\t\t\t<dt class='gallery-icon landscape'>\n\t\t\t\t<a href='https:\/\/afalesc.com.br\/site\/costelaco-e-dia-das-criancas-afalesc-2024\/dscf8337\/'><img loading=\"lazy\" decoding=\"async\" width=\"1024\" height=\"683\" src=\"https:\/\/afalesc.com.br\/site\/wp-content\/uploads\/2024\/11\/DSCF8337-1024x683.jpg\" class=\"attachment-large size-large\" alt=\"\" srcset=\"https:\/\/afalesc.com.br\/site\/wp-content\/uploads\/2024\/11\/DSCF8337-1024x683.jpg 1024w, https:\/\/afalesc.com.br\/site\/wp-content\/uploads\/2024\/11\/DSCF8337-300x200.jpg 300w, https:\/\/afalesc.com.br\/site\/wp-content\/uploads\/2024\/11\/DSCF8337-768x512.jpg 768w, https:\/\/afalesc.com.br\/site\/wp-content\/uploads\/2024\/11\/DSCF8337-1536x1024.jpg 1536w, https:\/\/afalesc.com.br\/site\/wp-content\/uploads\/2024\/11\/DSCF8337-2048x1365.jpg 2048w, https:\/\/afalesc.com.br\/site\/wp-content\/uploads\/2024\/11\/DSCF8337-700x467.jpg 700w\" sizes=\"auto, (max-width: 1024px) 100vw, 1024px\" \/><\/a>\n\t\t\t<\/dt><\/dl><br style=\"clear: both\" \/><dl class='gallery-item'>\n\t\t\t<dt class='gallery-icon landscape'>\n\t\t\t\t<a href='https:\/\/afalesc.com.br\/site\/costelaco-e-dia-das-criancas-afalesc-2024\/dscf8340\/'><img loading=\"lazy\" decoding=\"async\" width=\"1024\" height=\"683\" src=\"https:\/\/afalesc.com.br\/site\/wp-content\/uploads\/2024\/11\/DSCF8340-1024x683.jpg\" class=\"attachment-large size-large\" alt=\"\" srcset=\"https:\/\/afalesc.com.br\/site\/wp-content\/uploads\/2024\/11\/DSCF8340-1024x683.jpg 1024w, https:\/\/afalesc.com.br\/site\/wp-content\/uploads\/2024\/11\/DSCF8340-300x200.jpg 300w, https:\/\/afalesc.com.br\/site\/wp-content\/uploads\/2024\/11\/DSCF8340-768x512.jpg 768w, https:\/\/afalesc.com.br\/site\/wp-content\/uploads\/2024\/11\/DSCF8340-1536x1024.jpg 1536w, https:\/\/afalesc.com.br\/site\/wp-content\/uploads\/2024\/11\/DSCF8340-2048x1365.jpg 2048w, https:\/\/afalesc.com.br\/site\/wp-content\/uploads\/2024\/11\/DSCF8340-700x467.jpg 700w\" sizes=\"auto, (max-width: 1024px) 100vw, 1024px\" \/><\/a>\n\t\t\t<\/dt><\/dl><br style=\"clear: both\" \/><dl class='gallery-item'>\n\t\t\t<dt class='gallery-icon landscape'>\n\t\t\t\t<a href='https:\/\/afalesc.com.br\/site\/costelaco-e-dia-das-criancas-afalesc-2024\/dscf8346\/'><img loading=\"lazy\" decoding=\"async\" width=\"1024\" height=\"683\" src=\"https:\/\/afalesc.com.br\/site\/wp-content\/uploads\/2024\/11\/DSCF8346-1024x683.jpg\" class=\"attachment-large size-large\" alt=\"\" srcset=\"https:\/\/afalesc.com.br\/site\/wp-content\/uploads\/2024\/11\/DSCF8346-1024x683.jpg 1024w, https:\/\/afalesc.com.br\/site\/wp-content\/uploads\/2024\/11\/DSCF8346-300x200.jpg 300w, https:\/\/afalesc.com.br\/site\/wp-content\/uploads\/2024\/11\/DSCF8346-768x512.jpg 768w, https:\/\/afalesc.com.br\/site\/wp-content\/uploads\/2024\/11\/DSCF8346-1536x1024.jpg 1536w, https:\/\/afalesc.com.br\/site\/wp-content\/uploads\/2024\/11\/DSCF8346-2048x1365.jpg 2048w, https:\/\/afalesc.com.br\/site\/wp-content\/uploads\/2024\/11\/DSCF8346-700x467.jpg 700w\" sizes=\"auto, (max-width: 1024px) 100vw, 1024px\" \/><\/a>\n\t\t\t<\/dt><\/dl><br style=\"clear: both\" \/><dl class='gallery-item'>\n\t\t\t<dt class='gallery-icon portrait'>\n\t\t\t\t<a href='https:\/\/afalesc.com.br\/site\/costelaco-e-dia-das-criancas-afalesc-2024\/dscf8352\/'><img loading=\"lazy\" decoding=\"async\" width=\"683\" height=\"1024\" src=\"https:\/\/afalesc.com.br\/site\/wp-content\/uploads\/2024\/11\/DSCF8352-683x1024.jpg\" class=\"attachment-large size-large\" alt=\"\" srcset=\"https:\/\/afalesc.com.br\/site\/wp-content\/uploads\/2024\/11\/DSCF8352-683x1024.jpg 683w, https:\/\/afalesc.com.br\/site\/wp-content\/uploads\/2024\/11\/DSCF8352-200x300.jpg 200w, https:\/\/afalesc.com.br\/site\/wp-content\/uploads\/2024\/11\/DSCF8352-768x1152.jpg 768w, https:\/\/afalesc.com.br\/site\/wp-content\/uploads\/2024\/11\/DSCF8352-1024x1536.jpg 1024w, https:\/\/afalesc.com.br\/site\/wp-content\/uploads\/2024\/11\/DSCF8352-1365x2048.jpg 1365w, https:\/\/afalesc.com.br\/site\/wp-content\/uploads\/2024\/11\/DSCF8352-700x1050.jpg 700w, https:\/\/afalesc.com.br\/site\/wp-content\/uploads\/2024\/11\/DSCF8352-scaled.jpg 1707w\" sizes=\"auto, (max-width: 683px) 100vw, 683px\" \/><\/a>\n\t\t\t<\/dt><\/dl><br style=\"clear: both\" \/><dl class='gallery-item'>\n\t\t\t<dt class='gallery-icon landscape'>\n\t\t\t\t<a href='https:\/\/afalesc.com.br\/site\/costelaco-e-dia-das-criancas-afalesc-2024\/dscf8362\/'><img loading=\"lazy\" decoding=\"async\" width=\"1024\" height=\"683\" src=\"https:\/\/afalesc.com.br\/site\/wp-content\/uploads\/2024\/11\/DSCF8362-1024x683.jpg\" class=\"attachment-large size-large\" alt=\"\" srcset=\"https:\/\/afalesc.com.br\/site\/wp-content\/uploads\/2024\/11\/DSCF8362-1024x683.jpg 1024w, https:\/\/afalesc.com.br\/site\/wp-content\/uploads\/2024\/11\/DSCF8362-300x200.jpg 300w, https:\/\/afalesc.com.br\/site\/wp-content\/uploads\/2024\/11\/DSCF8362-768x512.jpg 768w, https:\/\/afalesc.com.br\/site\/wp-content\/uploads\/2024\/11\/DSCF8362-1536x1024.jpg 1536w, https:\/\/afalesc.com.br\/site\/wp-content\/uploads\/2024\/11\/DSCF8362-2048x1365.jpg 2048w, https:\/\/afalesc.com.br\/site\/wp-content\/uploads\/2024\/11\/DSCF8362-700x467.jpg 700w\" sizes=\"auto, (max-width: 1024px) 100vw, 1024px\" \/><\/a>\n\t\t\t<\/dt><\/dl><br style=\"clear: both\" \/><dl class='gallery-item'>\n\t\t\t<dt class='gallery-icon portrait'>\n\t\t\t\t<a href='https:\/\/afalesc.com.br\/site\/costelaco-e-dia-das-criancas-afalesc-2024\/dscf8368\/'><img loading=\"lazy\" decoding=\"async\" width=\"683\" height=\"1024\" src=\"https:\/\/afalesc.com.br\/site\/wp-content\/uploads\/2024\/11\/DSCF8368-683x1024.jpg\" class=\"attachment-large size-large\" alt=\"\" srcset=\"https:\/\/afalesc.com.br\/site\/wp-content\/uploads\/2024\/11\/DSCF8368-683x1024.jpg 683w, https:\/\/afalesc.com.br\/site\/wp-content\/uploads\/2024\/11\/DSCF8368-200x300.jpg 200w, https:\/\/afalesc.com.br\/site\/wp-content\/uploads\/2024\/11\/DSCF8368-768x1152.jpg 768w, https:\/\/afalesc.com.br\/site\/wp-content\/uploads\/2024\/11\/DSCF8368-1024x1536.jpg 1024w, https:\/\/afalesc.com.br\/site\/wp-content\/uploads\/2024\/11\/DSCF8368-1365x2048.jpg 1365w, https:\/\/afalesc.com.br\/site\/wp-content\/uploads\/2024\/11\/DSCF8368-700x1050.jpg 700w, https:\/\/afalesc.com.br\/site\/wp-content\/uploads\/2024\/11\/DSCF8368-scaled.jpg 1707w\" sizes=\"auto, (max-width: 683px) 100vw, 683px\" \/><\/a>\n\t\t\t<\/dt><\/dl><br style=\"clear: both\" \/><dl class='gallery-item'>\n\t\t\t<dt class='gallery-icon landscape'>\n\t\t\t\t<a href='https:\/\/afalesc.com.br\/site\/costelaco-e-dia-das-criancas-afalesc-2024\/dscf8378\/'><img loading=\"lazy\" decoding=\"async\" width=\"1024\" height=\"683\" src=\"https:\/\/afalesc.com.br\/site\/wp-content\/uploads\/2024\/11\/DSCF8378-1024x683.jpg\" class=\"attachment-large size-large\" alt=\"\" srcset=\"https:\/\/afalesc.com.br\/site\/wp-content\/uploads\/2024\/11\/DSCF8378-1024x683.jpg 1024w, https:\/\/afalesc.com.br\/site\/wp-content\/uploads\/2024\/11\/DSCF8378-300x200.jpg 300w, https:\/\/afalesc.com.br\/site\/wp-content\/uploads\/2024\/11\/DSCF8378-768x512.jpg 768w, https:\/\/afalesc.com.br\/site\/wp-content\/uploads\/2024\/11\/DSCF8378-1536x1024.jpg 1536w, https:\/\/afalesc.com.br\/site\/wp-content\/uploads\/2024\/11\/DSCF8378-2048x1365.jpg 2048w, https:\/\/afalesc.com.br\/site\/wp-content\/uploads\/2024\/11\/DSCF8378-700x467.jpg 700w\" sizes=\"auto, (max-width: 1024px) 100vw, 1024px\" \/><\/a>\n\t\t\t<\/dt><\/dl><br style=\"clear: both\" \/><dl class='gallery-item'>\n\t\t\t<dt class='gallery-icon landscape'>\n\t\t\t\t<a href='https:\/\/afalesc.com.br\/site\/costelaco-e-dia-das-criancas-afalesc-2024\/dscf8382\/'><img loading=\"lazy\" decoding=\"async\" width=\"1024\" height=\"683\" src=\"https:\/\/afalesc.com.br\/site\/wp-content\/uploads\/2024\/11\/DSCF8382-1024x683.jpg\" class=\"attachment-large size-large\" alt=\"\" srcset=\"https:\/\/afalesc.com.br\/site\/wp-content\/uploads\/2024\/11\/DSCF8382-1024x683.jpg 1024w, https:\/\/afalesc.com.br\/site\/wp-content\/uploads\/2024\/11\/DSCF8382-300x200.jpg 300w, https:\/\/afalesc.com.br\/site\/wp-content\/uploads\/2024\/11\/DSCF8382-768x512.jpg 768w, https:\/\/afalesc.com.br\/site\/wp-content\/uploads\/2024\/11\/DSCF8382-1536x1024.jpg 1536w, https:\/\/afalesc.com.br\/site\/wp-content\/uploads\/2024\/11\/DSCF8382-2048x1365.jpg 2048w, https:\/\/afalesc.com.br\/site\/wp-content\/uploads\/2024\/11\/DSCF8382-700x467.jpg 700w\" sizes=\"auto, (max-width: 1024px) 100vw, 1024px\" \/><\/a>\n\t\t\t<\/dt><\/dl><br style=\"clear: both\" \/><dl class='gallery-item'>\n\t\t\t<dt class='gallery-icon landscape'>\n\t\t\t\t<a href='https:\/\/afalesc.com.br\/site\/costelaco-e-dia-das-criancas-afalesc-2024\/dscf8385\/'><img loading=\"lazy\" decoding=\"async\" width=\"1024\" height=\"683\" src=\"https:\/\/afalesc.com.br\/site\/wp-content\/uploads\/2024\/11\/DSCF8385-1024x683.jpg\" class=\"attachment-large size-large\" alt=\"\" srcset=\"https:\/\/afalesc.com.br\/site\/wp-content\/uploads\/2024\/11\/DSCF8385-1024x683.jpg 1024w, https:\/\/afalesc.com.br\/site\/wp-content\/uploads\/2024\/11\/DSCF8385-300x200.jpg 300w, https:\/\/afalesc.com.br\/site\/wp-content\/uploads\/2024\/11\/DSCF8385-768x512.jpg 768w, https:\/\/afalesc.com.br\/site\/wp-content\/uploads\/2024\/11\/DSCF8385-1536x1024.jpg 1536w, https:\/\/afalesc.com.br\/site\/wp-content\/uploads\/2024\/11\/DSCF8385-2048x1365.jpg 2048w, https:\/\/afalesc.com.br\/site\/wp-content\/uploads\/2024\/11\/DSCF8385-700x467.jpg 700w\" sizes=\"auto, (max-width: 1024px) 100vw, 1024px\" \/><\/a>\n\t\t\t<\/dt><\/dl><br style=\"clear: both\" \/><dl class='gallery-item'>\n\t\t\t<dt class='gallery-icon landscape'>\n\t\t\t\t<a href='https:\/\/afalesc.com.br\/site\/costelaco-e-dia-das-criancas-afalesc-2024\/dscf8389\/'><img loading=\"lazy\" decoding=\"async\" width=\"1024\" height=\"683\" src=\"https:\/\/afalesc.com.br\/site\/wp-content\/uploads\/2024\/11\/DSCF8389-1024x683.jpg\" class=\"attachment-large size-large\" alt=\"\" srcset=\"https:\/\/afalesc.com.br\/site\/wp-content\/uploads\/2024\/11\/DSCF8389-1024x683.jpg 1024w, https:\/\/afalesc.com.br\/site\/wp-content\/uploads\/2024\/11\/DSCF8389-300x200.jpg 300w, https:\/\/afalesc.com.br\/site\/wp-content\/uploads\/2024\/11\/DSCF8389-768x512.jpg 768w, https:\/\/afalesc.com.br\/site\/wp-content\/uploads\/2024\/11\/DSCF8389-1536x1024.jpg 1536w, https:\/\/afalesc.com.br\/site\/wp-content\/uploads\/2024\/11\/DSCF8389-2048x1365.jpg 2048w, https:\/\/afalesc.com.br\/site\/wp-content\/uploads\/2024\/11\/DSCF8389-700x467.jpg 700w\" sizes=\"auto, (max-width: 1024px) 100vw, 1024px\" \/><\/a>\n\t\t\t<\/dt><\/dl><br style=\"clear: both\" \/><dl class='gallery-item'>\n\t\t\t<dt class='gallery-icon landscape'>\n\t\t\t\t<a href='https:\/\/afalesc.com.br\/site\/costelaco-e-dia-das-criancas-afalesc-2024\/dscf8391\/'><img loading=\"lazy\" decoding=\"async\" width=\"1024\" height=\"683\" src=\"https:\/\/afalesc.com.br\/site\/wp-content\/uploads\/2024\/11\/DSCF8391-1024x683.jpg\" class=\"attachment-large size-large\" alt=\"\" srcset=\"https:\/\/afalesc.com.br\/site\/wp-content\/uploads\/2024\/11\/DSCF8391-1024x683.jpg 1024w, https:\/\/afalesc.com.br\/site\/wp-content\/uploads\/2024\/11\/DSCF8391-300x200.jpg 300w, https:\/\/afalesc.com.br\/site\/wp-content\/uploads\/2024\/11\/DSCF8391-768x512.jpg 768w, https:\/\/afalesc.com.br\/site\/wp-content\/uploads\/2024\/11\/DSCF8391-1536x1024.jpg 1536w, https:\/\/afalesc.com.br\/site\/wp-content\/uploads\/2024\/11\/DSCF8391-2048x1365.jpg 2048w, https:\/\/afalesc.com.br\/site\/wp-content\/uploads\/2024\/11\/DSCF8391-700x467.jpg 700w\" sizes=\"auto, (max-width: 1024px) 100vw, 1024px\" \/><\/a>\n\t\t\t<\/dt><\/dl><br style=\"clear: both\" \/><dl class='gallery-item'>\n\t\t\t<dt class='gallery-icon landscape'>\n\t\t\t\t<a href='https:\/\/afalesc.com.br\/site\/costelaco-e-dia-das-criancas-afalesc-2024\/dscf8394\/'><img loading=\"lazy\" decoding=\"async\" width=\"1024\" height=\"683\" src=\"https:\/\/afalesc.com.br\/site\/wp-content\/uploads\/2024\/11\/DSCF8394-1024x683.jpg\" class=\"attachment-large size-large\" alt=\"\" srcset=\"https:\/\/afalesc.com.br\/site\/wp-content\/uploads\/2024\/11\/DSCF8394-1024x683.jpg 1024w, https:\/\/afalesc.com.br\/site\/wp-content\/uploads\/2024\/11\/DSCF8394-300x200.jpg 300w, https:\/\/afalesc.com.br\/site\/wp-content\/uploads\/2024\/11\/DSCF8394-768x512.jpg 768w, https:\/\/afalesc.com.br\/site\/wp-content\/uploads\/2024\/11\/DSCF8394-1536x1024.jpg 1536w, https:\/\/afalesc.com.br\/site\/wp-content\/uploads\/2024\/11\/DSCF8394-2048x1365.jpg 2048w, https:\/\/afalesc.com.br\/site\/wp-content\/uploads\/2024\/11\/DSCF8394-700x467.jpg 700w\" sizes=\"auto, (max-width: 1024px) 100vw, 1024px\" \/><\/a>\n\t\t\t<\/dt><\/dl><br style=\"clear: both\" \/><dl class='gallery-item'>\n\t\t\t<dt class='gallery-icon landscape'>\n\t\t\t\t<a href='https:\/\/afalesc.com.br\/site\/costelaco-e-dia-das-criancas-afalesc-2024\/dscf8402\/'><img loading=\"lazy\" decoding=\"async\" width=\"1024\" height=\"683\" src=\"https:\/\/afalesc.com.br\/site\/wp-content\/uploads\/2024\/11\/DSCF8402-1024x683.jpg\" class=\"attachment-large size-large\" alt=\"\" srcset=\"https:\/\/afalesc.com.br\/site\/wp-content\/uploads\/2024\/11\/DSCF8402-1024x683.jpg 1024w, https:\/\/afalesc.com.br\/site\/wp-content\/uploads\/2024\/11\/DSCF8402-300x200.jpg 300w, https:\/\/afalesc.com.br\/site\/wp-content\/uploads\/2024\/11\/DSCF8402-768x512.jpg 768w, https:\/\/afalesc.com.br\/site\/wp-content\/uploads\/2024\/11\/DSCF8402-1536x1024.jpg 1536w, https:\/\/afalesc.com.br\/site\/wp-content\/uploads\/2024\/11\/DSCF8402-2048x1365.jpg 2048w, https:\/\/afalesc.com.br\/site\/wp-content\/uploads\/2024\/11\/DSCF8402-700x467.jpg 700w\" sizes=\"auto, (max-width: 1024px) 100vw, 1024px\" \/><\/a>\n\t\t\t<\/dt><\/dl><br style=\"clear: both\" \/><dl class='gallery-item'>\n\t\t\t<dt class='gallery-icon landscape'>\n\t\t\t\t<a href='https:\/\/afalesc.com.br\/site\/costelaco-e-dia-das-criancas-afalesc-2024\/dscf8405\/'><img loading=\"lazy\" decoding=\"async\" width=\"1024\" height=\"683\" src=\"https:\/\/afalesc.com.br\/site\/wp-content\/uploads\/2024\/11\/DSCF8405-1024x683.jpg\" class=\"attachment-large size-large\" alt=\"\" srcset=\"https:\/\/afalesc.com.br\/site\/wp-content\/uploads\/2024\/11\/DSCF8405-1024x683.jpg 1024w, https:\/\/afalesc.com.br\/site\/wp-content\/uploads\/2024\/11\/DSCF8405-300x200.jpg 300w, https:\/\/afalesc.com.br\/site\/wp-content\/uploads\/2024\/11\/DSCF8405-768x512.jpg 768w, https:\/\/afalesc.com.br\/site\/wp-content\/uploads\/2024\/11\/DSCF8405-1536x1024.jpg 1536w, https:\/\/afalesc.com.br\/site\/wp-content\/uploads\/2024\/11\/DSCF8405-2048x1365.jpg 2048w, https:\/\/afalesc.com.br\/site\/wp-content\/uploads\/2024\/11\/DSCF8405-700x467.jpg 700w\" sizes=\"auto, (max-width: 1024px) 100vw, 1024px\" \/><\/a>\n\t\t\t<\/dt><\/dl><br style=\"clear: both\" \/><dl class='gallery-item'>\n\t\t\t<dt class='gallery-icon landscape'>\n\t\t\t\t<a href='https:\/\/afalesc.com.br\/site\/costelaco-e-dia-das-criancas-afalesc-2024\/dscf8409\/'><img loading=\"lazy\" decoding=\"async\" width=\"1024\" height=\"683\" src=\"https:\/\/afalesc.com.br\/site\/wp-content\/uploads\/2024\/11\/DSCF8409-1024x683.jpg\" class=\"attachment-large size-large\" alt=\"\" srcset=\"https:\/\/afalesc.com.br\/site\/wp-content\/uploads\/2024\/11\/DSCF8409-1024x683.jpg 1024w, https:\/\/afalesc.com.br\/site\/wp-content\/uploads\/2024\/11\/DSCF8409-300x200.jpg 300w, https:\/\/afalesc.com.br\/site\/wp-content\/uploads\/2024\/11\/DSCF8409-768x512.jpg 768w, https:\/\/afalesc.com.br\/site\/wp-content\/uploads\/2024\/11\/DSCF8409-1536x1024.jpg 1536w, https:\/\/afalesc.com.br\/site\/wp-content\/uploads\/2024\/11\/DSCF8409-2048x1365.jpg 2048w, https:\/\/afalesc.com.br\/site\/wp-content\/uploads\/2024\/11\/DSCF8409-700x467.jpg 700w\" sizes=\"auto, (max-width: 1024px) 100vw, 1024px\" \/><\/a>\n\t\t\t<\/dt><\/dl><br style=\"clear: both\" \/><dl class='gallery-item'>\n\t\t\t<dt class='gallery-icon landscape'>\n\t\t\t\t<a href='https:\/\/afalesc.com.br\/site\/costelaco-e-dia-das-criancas-afalesc-2024\/dscf8414\/'><img loading=\"lazy\" decoding=\"async\" width=\"1024\" height=\"683\" src=\"https:\/\/afalesc.com.br\/site\/wp-content\/uploads\/2024\/11\/DSCF8414-1024x683.jpg\" class=\"attachment-large size-large\" alt=\"\" srcset=\"https:\/\/afalesc.com.br\/site\/wp-content\/uploads\/2024\/11\/DSCF8414-1024x683.jpg 1024w, https:\/\/afalesc.com.br\/site\/wp-content\/uploads\/2024\/11\/DSCF8414-300x200.jpg 300w, https:\/\/afalesc.com.br\/site\/wp-content\/uploads\/2024\/11\/DSCF8414-768x512.jpg 768w, https:\/\/afalesc.com.br\/site\/wp-content\/uploads\/2024\/11\/DSCF8414-1536x1024.jpg 1536w, https:\/\/afalesc.com.br\/site\/wp-content\/uploads\/2024\/11\/DSCF8414-2048x1365.jpg 2048w, https:\/\/afalesc.com.br\/site\/wp-content\/uploads\/2024\/11\/DSCF8414-700x467.jpg 700w\" sizes=\"auto, (max-width: 1024px) 100vw, 1024px\" \/><\/a>\n\t\t\t<\/dt><\/dl><br style=\"clear: both\" \/><dl class='gallery-item'>\n\t\t\t<dt class='gallery-icon landscape'>\n\t\t\t\t<a href='https:\/\/afalesc.com.br\/site\/costelaco-e-dia-das-criancas-afalesc-2024\/dscf8421\/'><img loading=\"lazy\" decoding=\"async\" width=\"1024\" height=\"683\" src=\"https:\/\/afalesc.com.br\/site\/wp-content\/uploads\/2024\/11\/DSCF8421-1024x683.jpg\" class=\"attachment-large size-large\" alt=\"\" srcset=\"https:\/\/afalesc.com.br\/site\/wp-content\/uploads\/2024\/11\/DSCF8421-1024x683.jpg 1024w, https:\/\/afalesc.com.br\/site\/wp-content\/uploads\/2024\/11\/DSCF8421-300x200.jpg 300w, https:\/\/afalesc.com.br\/site\/wp-content\/uploads\/2024\/11\/DSCF8421-768x512.jpg 768w, https:\/\/afalesc.com.br\/site\/wp-content\/uploads\/2024\/11\/DSCF8421-1536x1024.jpg 1536w, https:\/\/afalesc.com.br\/site\/wp-content\/uploads\/2024\/11\/DSCF8421-2048x1365.jpg 2048w, https:\/\/afalesc.com.br\/site\/wp-content\/uploads\/2024\/11\/DSCF8421-700x467.jpg 700w\" sizes=\"auto, (max-width: 1024px) 100vw, 1024px\" \/><\/a>\n\t\t\t<\/dt><\/dl><br style=\"clear: both\" \/><dl class='gallery-item'>\n\t\t\t<dt class='gallery-icon landscape'>\n\t\t\t\t<a href='https:\/\/afalesc.com.br\/site\/costelaco-e-dia-das-criancas-afalesc-2024\/dscf8424\/'><img loading=\"lazy\" decoding=\"async\" width=\"1024\" height=\"683\" src=\"https:\/\/afalesc.com.br\/site\/wp-content\/uploads\/2024\/11\/DSCF8424-1024x683.jpg\" class=\"attachment-large size-large\" alt=\"\" srcset=\"https:\/\/afalesc.com.br\/site\/wp-content\/uploads\/2024\/11\/DSCF8424-1024x683.jpg 1024w, https:\/\/afalesc.com.br\/site\/wp-content\/uploads\/2024\/11\/DSCF8424-300x200.jpg 300w, https:\/\/afalesc.com.br\/site\/wp-content\/uploads\/2024\/11\/DSCF8424-768x512.jpg 768w, https:\/\/afalesc.com.br\/site\/wp-content\/uploads\/2024\/11\/DSCF8424-1536x1024.jpg 1536w, https:\/\/afalesc.com.br\/site\/wp-content\/uploads\/2024\/11\/DSCF8424-2048x1365.jpg 2048w, https:\/\/afalesc.com.br\/site\/wp-content\/uploads\/2024\/11\/DSCF8424-700x467.jpg 700w\" sizes=\"auto, (max-width: 1024px) 100vw, 1024px\" \/><\/a>\n\t\t\t<\/dt><\/dl><br style=\"clear: both\" \/><dl class='gallery-item'>\n\t\t\t<dt class='gallery-icon landscape'>\n\t\t\t\t<a href='https:\/\/afalesc.com.br\/site\/costelaco-e-dia-das-criancas-afalesc-2024\/dscf8431\/'><img loading=\"lazy\" decoding=\"async\" width=\"1024\" height=\"683\" src=\"https:\/\/afalesc.com.br\/site\/wp-content\/uploads\/2024\/11\/DSCF8431-1024x683.jpg\" class=\"attachment-large size-large\" alt=\"\" srcset=\"https:\/\/afalesc.com.br\/site\/wp-content\/uploads\/2024\/11\/DSCF8431-1024x683.jpg 1024w, https:\/\/afalesc.com.br\/site\/wp-content\/uploads\/2024\/11\/DSCF8431-300x200.jpg 300w, https:\/\/afalesc.com.br\/site\/wp-content\/uploads\/2024\/11\/DSCF8431-768x512.jpg 768w, https:\/\/afalesc.com.br\/site\/wp-content\/uploads\/2024\/11\/DSCF8431-1536x1024.jpg 1536w, https:\/\/afalesc.com.br\/site\/wp-content\/uploads\/2024\/11\/DSCF8431-2048x1365.jpg 2048w, https:\/\/afalesc.com.br\/site\/wp-content\/uploads\/2024\/11\/DSCF8431-700x467.jpg 700w\" sizes=\"auto, (max-width: 1024px) 100vw, 1024px\" \/><\/a>\n\t\t\t<\/dt><\/dl><br style=\"clear: both\" \/><dl class='gallery-item'>\n\t\t\t<dt class='gallery-icon portrait'>\n\t\t\t\t<a href='https:\/\/afalesc.com.br\/site\/costelaco-e-dia-das-criancas-afalesc-2024\/dscf8436\/'><img loading=\"lazy\" decoding=\"async\" width=\"683\" height=\"1024\" src=\"https:\/\/afalesc.com.br\/site\/wp-content\/uploads\/2024\/11\/DSCF8436-683x1024.jpg\" class=\"attachment-large size-large\" alt=\"\" srcset=\"https:\/\/afalesc.com.br\/site\/wp-content\/uploads\/2024\/11\/DSCF8436-683x1024.jpg 683w, https:\/\/afalesc.com.br\/site\/wp-content\/uploads\/2024\/11\/DSCF8436-200x300.jpg 200w, https:\/\/afalesc.com.br\/site\/wp-content\/uploads\/2024\/11\/DSCF8436-768x1152.jpg 768w, https:\/\/afalesc.com.br\/site\/wp-content\/uploads\/2024\/11\/DSCF8436-1024x1536.jpg 1024w, https:\/\/afalesc.com.br\/site\/wp-content\/uploads\/2024\/11\/DSCF8436-1365x2048.jpg 1365w, https:\/\/afalesc.com.br\/site\/wp-content\/uploads\/2024\/11\/DSCF8436-700x1050.jpg 700w, https:\/\/afalesc.com.br\/site\/wp-content\/uploads\/2024\/11\/DSCF8436-scaled.jpg 1707w\" sizes=\"auto, (max-width: 683px) 100vw, 683px\" \/><\/a>\n\t\t\t<\/dt><\/dl><br style=\"clear: both\" \/><dl class='gallery-item'>\n\t\t\t<dt class='gallery-icon landscape'>\n\t\t\t\t<a href='https:\/\/afalesc.com.br\/site\/costelaco-e-dia-das-criancas-afalesc-2024\/dscf8441\/'><img loading=\"lazy\" decoding=\"async\" width=\"1024\" height=\"683\" src=\"https:\/\/afalesc.com.br\/site\/wp-content\/uploads\/2024\/11\/DSCF8441-1024x683.jpg\" class=\"attachment-large size-large\" alt=\"\" srcset=\"https:\/\/afalesc.com.br\/site\/wp-content\/uploads\/2024\/11\/DSCF8441-1024x683.jpg 1024w, https:\/\/afalesc.com.br\/site\/wp-content\/uploads\/2024\/11\/DSCF8441-300x200.jpg 300w, https:\/\/afalesc.com.br\/site\/wp-content\/uploads\/2024\/11\/DSCF8441-768x512.jpg 768w, https:\/\/afalesc.com.br\/site\/wp-content\/uploads\/2024\/11\/DSCF8441-1536x1024.jpg 1536w, https:\/\/afalesc.com.br\/site\/wp-content\/uploads\/2024\/11\/DSCF8441-2048x1365.jpg 2048w, https:\/\/afalesc.com.br\/site\/wp-content\/uploads\/2024\/11\/DSCF8441-700x467.jpg 700w\" sizes=\"auto, (max-width: 1024px) 100vw, 1024px\" \/><\/a>\n\t\t\t<\/dt><\/dl><br style=\"clear: both\" \/><dl class='gallery-item'>\n\t\t\t<dt class='gallery-icon landscape'>\n\t\t\t\t<a href='https:\/\/afalesc.com.br\/site\/costelaco-e-dia-das-criancas-afalesc-2024\/dscf8448\/'><img loading=\"lazy\" decoding=\"async\" width=\"1024\" height=\"683\" src=\"https:\/\/afalesc.com.br\/site\/wp-content\/uploads\/2024\/11\/DSCF8448-1024x683.jpg\" class=\"attachment-large size-large\" alt=\"\" srcset=\"https:\/\/afalesc.com.br\/site\/wp-content\/uploads\/2024\/11\/DSCF8448-1024x683.jpg 1024w, https:\/\/afalesc.com.br\/site\/wp-content\/uploads\/2024\/11\/DSCF8448-300x200.jpg 300w, https:\/\/afalesc.com.br\/site\/wp-content\/uploads\/2024\/11\/DSCF8448-768x512.jpg 768w, https:\/\/afalesc.com.br\/site\/wp-content\/uploads\/2024\/11\/DSCF8448-1536x1024.jpg 1536w, https:\/\/afalesc.com.br\/site\/wp-content\/uploads\/2024\/11\/DSCF8448-2048x1365.jpg 2048w, https:\/\/afalesc.com.br\/site\/wp-content\/uploads\/2024\/11\/DSCF8448-700x467.jpg 700w\" sizes=\"auto, (max-width: 1024px) 100vw, 1024px\" \/><\/a>\n\t\t\t<\/dt><\/dl><br style=\"clear: both\" \/><dl class='gallery-item'>\n\t\t\t<dt class='gallery-icon landscape'>\n\t\t\t\t<a href='https:\/\/afalesc.com.br\/site\/costelaco-e-dia-das-criancas-afalesc-2024\/dscf8451\/'><img loading=\"lazy\" decoding=\"async\" width=\"1024\" height=\"683\" src=\"https:\/\/afalesc.com.br\/site\/wp-content\/uploads\/2024\/11\/DSCF8451-1024x683.jpg\" class=\"attachment-large size-large\" alt=\"\" srcset=\"https:\/\/afalesc.com.br\/site\/wp-content\/uploads\/2024\/11\/DSCF8451-1024x683.jpg 1024w, https:\/\/afalesc.com.br\/site\/wp-content\/uploads\/2024\/11\/DSCF8451-300x200.jpg 300w, https:\/\/afalesc.com.br\/site\/wp-content\/uploads\/2024\/11\/DSCF8451-768x512.jpg 768w, https:\/\/afalesc.com.br\/site\/wp-content\/uploads\/2024\/11\/DSCF8451-1536x1024.jpg 1536w, https:\/\/afalesc.com.br\/site\/wp-content\/uploads\/2024\/11\/DSCF8451-2048x1365.jpg 2048w, https:\/\/afalesc.com.br\/site\/wp-content\/uploads\/2024\/11\/DSCF8451-700x467.jpg 700w\" sizes=\"auto, (max-width: 1024px) 100vw, 1024px\" \/><\/a>\n\t\t\t<\/dt><\/dl><br style=\"clear: both\" \/><dl class='gallery-item'>\n\t\t\t<dt class='gallery-icon landscape'>\n\t\t\t\t<a href='https:\/\/afalesc.com.br\/site\/costelaco-e-dia-das-criancas-afalesc-2024\/dscf8460\/'><img loading=\"lazy\" decoding=\"async\" width=\"1024\" height=\"683\" src=\"https:\/\/afalesc.com.br\/site\/wp-content\/uploads\/2024\/11\/DSCF8460-1024x683.jpg\" class=\"attachment-large size-large\" alt=\"\" srcset=\"https:\/\/afalesc.com.br\/site\/wp-content\/uploads\/2024\/11\/DSCF8460-1024x683.jpg 1024w, https:\/\/afalesc.com.br\/site\/wp-content\/uploads\/2024\/11\/DSCF8460-300x200.jpg 300w, https:\/\/afalesc.com.br\/site\/wp-content\/uploads\/2024\/11\/DSCF8460-768x512.jpg 768w, https:\/\/afalesc.com.br\/site\/wp-content\/uploads\/2024\/11\/DSCF8460-1536x1024.jpg 1536w, https:\/\/afalesc.com.br\/site\/wp-content\/uploads\/2024\/11\/DSCF8460-2048x1365.jpg 2048w, https:\/\/afalesc.com.br\/site\/wp-content\/uploads\/2024\/11\/DSCF8460-700x467.jpg 700w\" sizes=\"auto, (max-width: 1024px) 100vw, 1024px\" \/><\/a>\n\t\t\t<\/dt><\/dl><br style=\"clear: both\" \/><dl class='gallery-item'>\n\t\t\t<dt class='gallery-icon landscape'>\n\t\t\t\t<a href='https:\/\/afalesc.com.br\/site\/costelaco-e-dia-das-criancas-afalesc-2024\/dscf8465\/'><img loading=\"lazy\" decoding=\"async\" width=\"1024\" height=\"683\" src=\"https:\/\/afalesc.com.br\/site\/wp-content\/uploads\/2024\/11\/DSCF8465-1024x683.jpg\" class=\"attachment-large size-large\" alt=\"\" srcset=\"https:\/\/afalesc.com.br\/site\/wp-content\/uploads\/2024\/11\/DSCF8465-1024x683.jpg 1024w, https:\/\/afalesc.com.br\/site\/wp-content\/uploads\/2024\/11\/DSCF8465-300x200.jpg 300w, https:\/\/afalesc.com.br\/site\/wp-content\/uploads\/2024\/11\/DSCF8465-768x512.jpg 768w, https:\/\/afalesc.com.br\/site\/wp-content\/uploads\/2024\/11\/DSCF8465-1536x1024.jpg 1536w, https:\/\/afalesc.com.br\/site\/wp-content\/uploads\/2024\/11\/DSCF8465-2048x1365.jpg 2048w, https:\/\/afalesc.com.br\/site\/wp-content\/uploads\/2024\/11\/DSCF8465-700x467.jpg 700w\" sizes=\"auto, (max-width: 1024px) 100vw, 1024px\" \/><\/a>\n\t\t\t<\/dt><\/dl><br style=\"clear: both\" \/><dl class='gallery-item'>\n\t\t\t<dt class='gallery-icon landscape'>\n\t\t\t\t<a href='https:\/\/afalesc.com.br\/site\/costelaco-e-dia-das-criancas-afalesc-2024\/dscf8469\/'><img loading=\"lazy\" decoding=\"async\" width=\"1024\" height=\"683\" src=\"https:\/\/afalesc.com.br\/site\/wp-content\/uploads\/2024\/11\/DSCF8469-1024x683.jpg\" class=\"attachment-large size-large\" alt=\"\" srcset=\"https:\/\/afalesc.com.br\/site\/wp-content\/uploads\/2024\/11\/DSCF8469-1024x683.jpg 1024w, https:\/\/afalesc.com.br\/site\/wp-content\/uploads\/2024\/11\/DSCF8469-300x200.jpg 300w, https:\/\/afalesc.com.br\/site\/wp-content\/uploads\/2024\/11\/DSCF8469-768x512.jpg 768w, https:\/\/afalesc.com.br\/site\/wp-content\/uploads\/2024\/11\/DSCF8469-1536x1024.jpg 1536w, https:\/\/afalesc.com.br\/site\/wp-content\/uploads\/2024\/11\/DSCF8469-2048x1365.jpg 2048w, https:\/\/afalesc.com.br\/site\/wp-content\/uploads\/2024\/11\/DSCF8469-700x467.jpg 700w\" sizes=\"auto, (max-width: 1024px) 100vw, 1024px\" \/><\/a>\n\t\t\t<\/dt><\/dl><br style=\"clear: both\" \/><dl class='gallery-item'>\n\t\t\t<dt class='gallery-icon landscape'>\n\t\t\t\t<a href='https:\/\/afalesc.com.br\/site\/costelaco-e-dia-das-criancas-afalesc-2024\/dscf8472\/'><img loading=\"lazy\" decoding=\"async\" width=\"1024\" height=\"683\" src=\"https:\/\/afalesc.com.br\/site\/wp-content\/uploads\/2024\/11\/DSCF8472-1024x683.jpg\" class=\"attachment-large size-large\" alt=\"\" srcset=\"https:\/\/afalesc.com.br\/site\/wp-content\/uploads\/2024\/11\/DSCF8472-1024x683.jpg 1024w, https:\/\/afalesc.com.br\/site\/wp-content\/uploads\/2024\/11\/DSCF8472-300x200.jpg 300w, https:\/\/afalesc.com.br\/site\/wp-content\/uploads\/2024\/11\/DSCF8472-768x512.jpg 768w, https:\/\/afalesc.com.br\/site\/wp-content\/uploads\/2024\/11\/DSCF8472-1536x1024.jpg 1536w, https:\/\/afalesc.com.br\/site\/wp-content\/uploads\/2024\/11\/DSCF8472-2048x1365.jpg 2048w, https:\/\/afalesc.com.br\/site\/wp-content\/uploads\/2024\/11\/DSCF8472-700x467.jpg 700w\" sizes=\"auto, (max-width: 1024px) 100vw, 1024px\" \/><\/a>\n\t\t\t<\/dt><\/dl><br style=\"clear: both\" \/><dl class='gallery-item'>\n\t\t\t<dt class='gallery-icon landscape'>\n\t\t\t\t<a href='https:\/\/afalesc.com.br\/site\/costelaco-e-dia-das-criancas-afalesc-2024\/dscf8476\/'><img loading=\"lazy\" decoding=\"async\" width=\"1024\" height=\"683\" src=\"https:\/\/afalesc.com.br\/site\/wp-content\/uploads\/2024\/11\/DSCF8476-1024x683.jpg\" class=\"attachment-large size-large\" alt=\"\" srcset=\"https:\/\/afalesc.com.br\/site\/wp-content\/uploads\/2024\/11\/DSCF8476-1024x683.jpg 1024w, https:\/\/afalesc.com.br\/site\/wp-content\/uploads\/2024\/11\/DSCF8476-300x200.jpg 300w, https:\/\/afalesc.com.br\/site\/wp-content\/uploads\/2024\/11\/DSCF8476-768x512.jpg 768w, https:\/\/afalesc.com.br\/site\/wp-content\/uploads\/2024\/11\/DSCF8476-1536x1024.jpg 1536w, https:\/\/afalesc.com.br\/site\/wp-content\/uploads\/2024\/11\/DSCF8476-2048x1365.jpg 2048w, https:\/\/afalesc.com.br\/site\/wp-content\/uploads\/2024\/11\/DSCF8476-700x467.jpg 700w\" sizes=\"auto, (max-width: 1024px) 100vw, 1024px\" \/><\/a>\n\t\t\t<\/dt><\/dl><br style=\"clear: both\" \/><dl class='gallery-item'>\n\t\t\t<dt class='gallery-icon landscape'>\n\t\t\t\t<a href='https:\/\/afalesc.com.br\/site\/costelaco-e-dia-das-criancas-afalesc-2024\/dscf8480\/'><img loading=\"lazy\" decoding=\"async\" width=\"1024\" height=\"683\" src=\"https:\/\/afalesc.com.br\/site\/wp-content\/uploads\/2024\/11\/DSCF8480-1024x683.jpg\" class=\"attachment-large size-large\" alt=\"\" srcset=\"https:\/\/afalesc.com.br\/site\/wp-content\/uploads\/2024\/11\/DSCF8480-1024x683.jpg 1024w, https:\/\/afalesc.com.br\/site\/wp-content\/uploads\/2024\/11\/DSCF8480-300x200.jpg 300w, https:\/\/afalesc.com.br\/site\/wp-content\/uploads\/2024\/11\/DSCF8480-768x512.jpg 768w, https:\/\/afalesc.com.br\/site\/wp-content\/uploads\/2024\/11\/DSCF8480-1536x1024.jpg 1536w, https:\/\/afalesc.com.br\/site\/wp-content\/uploads\/2024\/11\/DSCF8480-2048x1365.jpg 2048w, https:\/\/afalesc.com.br\/site\/wp-content\/uploads\/2024\/11\/DSCF8480-700x467.jpg 700w\" sizes=\"auto, (max-width: 1024px) 100vw, 1024px\" \/><\/a>\n\t\t\t<\/dt><\/dl><br style=\"clear: both\" \/><dl class='gallery-item'>\n\t\t\t<dt class='gallery-icon portrait'>\n\t\t\t\t<a href='https:\/\/afalesc.com.br\/site\/costelaco-e-dia-das-criancas-afalesc-2024\/dscf8487\/'><img loading=\"lazy\" decoding=\"async\" width=\"683\" height=\"1024\" src=\"https:\/\/afalesc.com.br\/site\/wp-content\/uploads\/2024\/11\/DSCF8487-683x1024.jpg\" class=\"attachment-large size-large\" alt=\"\" srcset=\"https:\/\/afalesc.com.br\/site\/wp-content\/uploads\/2024\/11\/DSCF8487-683x1024.jpg 683w, https:\/\/afalesc.com.br\/site\/wp-content\/uploads\/2024\/11\/DSCF8487-200x300.jpg 200w, https:\/\/afalesc.com.br\/site\/wp-content\/uploads\/2024\/11\/DSCF8487-768x1152.jpg 768w, https:\/\/afalesc.com.br\/site\/wp-content\/uploads\/2024\/11\/DSCF8487-1024x1536.jpg 1024w, https:\/\/afalesc.com.br\/site\/wp-content\/uploads\/2024\/11\/DSCF8487-1365x2048.jpg 1365w, https:\/\/afalesc.com.br\/site\/wp-content\/uploads\/2024\/11\/DSCF8487-700x1050.jpg 700w, https:\/\/afalesc.com.br\/site\/wp-content\/uploads\/2024\/11\/DSCF8487-scaled.jpg 1707w\" sizes=\"auto, (max-width: 683px) 100vw, 683px\" \/><\/a>\n\t\t\t<\/dt><\/dl><br style=\"clear: both\" \/><dl class='gallery-item'>\n\t\t\t<dt class='gallery-icon landscape'>\n\t\t\t\t<a href='https:\/\/afalesc.com.br\/site\/costelaco-e-dia-das-criancas-afalesc-2024\/dscf8496\/'><img loading=\"lazy\" decoding=\"async\" width=\"1024\" height=\"683\" src=\"https:\/\/afalesc.com.br\/site\/wp-content\/uploads\/2024\/11\/DSCF8496-1024x683.jpg\" class=\"attachment-large size-large\" alt=\"\" srcset=\"https:\/\/afalesc.com.br\/site\/wp-content\/uploads\/2024\/11\/DSCF8496-1024x683.jpg 1024w, https:\/\/afalesc.com.br\/site\/wp-content\/uploads\/2024\/11\/DSCF8496-300x200.jpg 300w, https:\/\/afalesc.com.br\/site\/wp-content\/uploads\/2024\/11\/DSCF8496-768x512.jpg 768w, https:\/\/afalesc.com.br\/site\/wp-content\/uploads\/2024\/11\/DSCF8496-1536x1024.jpg 1536w, https:\/\/afalesc.com.br\/site\/wp-content\/uploads\/2024\/11\/DSCF8496-2048x1365.jpg 2048w, https:\/\/afalesc.com.br\/site\/wp-content\/uploads\/2024\/11\/DSCF8496-700x467.jpg 700w\" sizes=\"auto, (max-width: 1024px) 100vw, 1024px\" \/><\/a>\n\t\t\t<\/dt><\/dl><br style=\"clear: both\" \/><dl class='gallery-item'>\n\t\t\t<dt class='gallery-icon portrait'>\n\t\t\t\t<a href='https:\/\/afalesc.com.br\/site\/costelaco-e-dia-das-criancas-afalesc-2024\/dscf8501\/'><img loading=\"lazy\" decoding=\"async\" width=\"683\" height=\"1024\" src=\"https:\/\/afalesc.com.br\/site\/wp-content\/uploads\/2024\/11\/DSCF8501-683x1024.jpg\" class=\"attachment-large size-large\" alt=\"\" srcset=\"https:\/\/afalesc.com.br\/site\/wp-content\/uploads\/2024\/11\/DSCF8501-683x1024.jpg 683w, https:\/\/afalesc.com.br\/site\/wp-content\/uploads\/2024\/11\/DSCF8501-200x300.jpg 200w, https:\/\/afalesc.com.br\/site\/wp-content\/uploads\/2024\/11\/DSCF8501-768x1152.jpg 768w, https:\/\/afalesc.com.br\/site\/wp-content\/uploads\/2024\/11\/DSCF8501-1024x1536.jpg 1024w, https:\/\/afalesc.com.br\/site\/wp-content\/uploads\/2024\/11\/DSCF8501-1365x2048.jpg 1365w, https:\/\/afalesc.com.br\/site\/wp-content\/uploads\/2024\/11\/DSCF8501-700x1050.jpg 700w, https:\/\/afalesc.com.br\/site\/wp-content\/uploads\/2024\/11\/DSCF8501-scaled.jpg 1707w\" sizes=\"auto, (max-width: 683px) 100vw, 683px\" \/><\/a>\n\t\t\t<\/dt><\/dl><br style=\"clear: both\" \/><dl class='gallery-item'>\n\t\t\t<dt class='gallery-icon portrait'>\n\t\t\t\t<a href='https:\/\/afalesc.com.br\/site\/costelaco-e-dia-das-criancas-afalesc-2024\/dscf8505\/'><img loading=\"lazy\" decoding=\"async\" width=\"683\" height=\"1024\" src=\"https:\/\/afalesc.com.br\/site\/wp-content\/uploads\/2024\/11\/DSCF8505-683x1024.jpg\" class=\"attachment-large size-large\" alt=\"\" srcset=\"https:\/\/afalesc.com.br\/site\/wp-content\/uploads\/2024\/11\/DSCF8505-683x1024.jpg 683w, https:\/\/afalesc.com.br\/site\/wp-content\/uploads\/2024\/11\/DSCF8505-200x300.jpg 200w, https:\/\/afalesc.com.br\/site\/wp-content\/uploads\/2024\/11\/DSCF8505-768x1152.jpg 768w, https:\/\/afalesc.com.br\/site\/wp-content\/uploads\/2024\/11\/DSCF8505-1024x1536.jpg 1024w, https:\/\/afalesc.com.br\/site\/wp-content\/uploads\/2024\/11\/DSCF8505-1365x2048.jpg 1365w, https:\/\/afalesc.com.br\/site\/wp-content\/uploads\/2024\/11\/DSCF8505-700x1050.jpg 700w, https:\/\/afalesc.com.br\/site\/wp-content\/uploads\/2024\/11\/DSCF8505-scaled.jpg 1707w\" sizes=\"auto, (max-width: 683px) 100vw, 683px\" \/><\/a>\n\t\t\t<\/dt><\/dl><br style=\"clear: both\" \/><dl class='gallery-item'>\n\t\t\t<dt class='gallery-icon portrait'>\n\t\t\t\t<a href='https:\/\/afalesc.com.br\/site\/costelaco-e-dia-das-criancas-afalesc-2024\/dscf8508\/'><img loading=\"lazy\" decoding=\"async\" width=\"683\" height=\"1024\" src=\"https:\/\/afalesc.com.br\/site\/wp-content\/uploads\/2024\/11\/DSCF8508-683x1024.jpg\" class=\"attachment-large size-large\" alt=\"\" srcset=\"https:\/\/afalesc.com.br\/site\/wp-content\/uploads\/2024\/11\/DSCF8508-683x1024.jpg 683w, https:\/\/afalesc.com.br\/site\/wp-content\/uploads\/2024\/11\/DSCF8508-200x300.jpg 200w, https:\/\/afalesc.com.br\/site\/wp-content\/uploads\/2024\/11\/DSCF8508-768x1152.jpg 768w, https:\/\/afalesc.com.br\/site\/wp-content\/uploads\/2024\/11\/DSCF8508-1024x1536.jpg 1024w, https:\/\/afalesc.com.br\/site\/wp-content\/uploads\/2024\/11\/DSCF8508-1365x2048.jpg 1365w, https:\/\/afalesc.com.br\/site\/wp-content\/uploads\/2024\/11\/DSCF8508-700x1050.jpg 700w, https:\/\/afalesc.com.br\/site\/wp-content\/uploads\/2024\/11\/DSCF8508-scaled.jpg 1707w\" sizes=\"auto, (max-width: 683px) 100vw, 683px\" \/><\/a>\n\t\t\t<\/dt><\/dl><br style=\"clear: both\" \/><dl class='gallery-item'>\n\t\t\t<dt class='gallery-icon portrait'>\n\t\t\t\t<a href='https:\/\/afalesc.com.br\/site\/costelaco-e-dia-das-criancas-afalesc-2024\/dscf8513\/'><img loading=\"lazy\" decoding=\"async\" width=\"683\" height=\"1024\" src=\"https:\/\/afalesc.com.br\/site\/wp-content\/uploads\/2024\/11\/DSCF8513-683x1024.jpg\" class=\"attachment-large size-large\" alt=\"\" srcset=\"https:\/\/afalesc.com.br\/site\/wp-content\/uploads\/2024\/11\/DSCF8513-683x1024.jpg 683w, https:\/\/afalesc.com.br\/site\/wp-content\/uploads\/2024\/11\/DSCF8513-200x300.jpg 200w, https:\/\/afalesc.com.br\/site\/wp-content\/uploads\/2024\/11\/DSCF8513-768x1152.jpg 768w, https:\/\/afalesc.com.br\/site\/wp-content\/uploads\/2024\/11\/DSCF8513-1024x1536.jpg 1024w, https:\/\/afalesc.com.br\/site\/wp-content\/uploads\/2024\/11\/DSCF8513-1365x2048.jpg 1365w, https:\/\/afalesc.com.br\/site\/wp-content\/uploads\/2024\/11\/DSCF8513-700x1050.jpg 700w, https:\/\/afalesc.com.br\/site\/wp-content\/uploads\/2024\/11\/DSCF8513-scaled.jpg 1707w\" sizes=\"auto, (max-width: 683px) 100vw, 683px\" \/><\/a>\n\t\t\t<\/dt><\/dl><br style=\"clear: both\" \/><dl class='gallery-item'>\n\t\t\t<dt class='gallery-icon landscape'>\n\t\t\t\t<a href='https:\/\/afalesc.com.br\/site\/costelaco-e-dia-das-criancas-afalesc-2024\/dscf8514\/'><img loading=\"lazy\" decoding=\"async\" width=\"1024\" height=\"683\" src=\"https:\/\/afalesc.com.br\/site\/wp-content\/uploads\/2024\/11\/DSCF8514-1024x683.jpg\" class=\"attachment-large size-large\" alt=\"\" srcset=\"https:\/\/afalesc.com.br\/site\/wp-content\/uploads\/2024\/11\/DSCF8514-1024x683.jpg 1024w, https:\/\/afalesc.com.br\/site\/wp-content\/uploads\/2024\/11\/DSCF8514-300x200.jpg 300w, https:\/\/afalesc.com.br\/site\/wp-content\/uploads\/2024\/11\/DSCF8514-768x512.jpg 768w, https:\/\/afalesc.com.br\/site\/wp-content\/uploads\/2024\/11\/DSCF8514-1536x1024.jpg 1536w, https:\/\/afalesc.com.br\/site\/wp-content\/uploads\/2024\/11\/DSCF8514-2048x1365.jpg 2048w, https:\/\/afalesc.com.br\/site\/wp-content\/uploads\/2024\/11\/DSCF8514-700x467.jpg 700w\" sizes=\"auto, (max-width: 1024px) 100vw, 1024px\" \/><\/a>\n\t\t\t<\/dt><\/dl><br style=\"clear: both\" \/><dl class='gallery-item'>\n\t\t\t<dt class='gallery-icon landscape'>\n\t\t\t\t<a href='https:\/\/afalesc.com.br\/site\/costelaco-e-dia-das-criancas-afalesc-2024\/dscf8517\/'><img loading=\"lazy\" decoding=\"async\" width=\"1024\" height=\"683\" src=\"https:\/\/afalesc.com.br\/site\/wp-content\/uploads\/2024\/11\/DSCF8517-1024x683.jpg\" class=\"attachment-large size-large\" alt=\"\" srcset=\"https:\/\/afalesc.com.br\/site\/wp-content\/uploads\/2024\/11\/DSCF8517-1024x683.jpg 1024w, https:\/\/afalesc.com.br\/site\/wp-content\/uploads\/2024\/11\/DSCF8517-300x200.jpg 300w, https:\/\/afalesc.com.br\/site\/wp-content\/uploads\/2024\/11\/DSCF8517-768x512.jpg 768w, https:\/\/afalesc.com.br\/site\/wp-content\/uploads\/2024\/11\/DSCF8517-1536x1024.jpg 1536w, https:\/\/afalesc.com.br\/site\/wp-content\/uploads\/2024\/11\/DSCF8517-2048x1365.jpg 2048w, https:\/\/afalesc.com.br\/site\/wp-content\/uploads\/2024\/11\/DSCF8517-700x467.jpg 700w\" sizes=\"auto, (max-width: 1024px) 100vw, 1024px\" \/><\/a>\n\t\t\t<\/dt><\/dl><br style=\"clear: both\" \/><dl class='gallery-item'>\n\t\t\t<dt class='gallery-icon landscape'>\n\t\t\t\t<a href='https:\/\/afalesc.com.br\/site\/costelaco-e-dia-das-criancas-afalesc-2024\/dscf8519\/'><img loading=\"lazy\" decoding=\"async\" width=\"1024\" height=\"683\" src=\"https:\/\/afalesc.com.br\/site\/wp-content\/uploads\/2024\/11\/DSCF8519-1024x683.jpg\" class=\"attachment-large size-large\" alt=\"\" srcset=\"https:\/\/afalesc.com.br\/site\/wp-content\/uploads\/2024\/11\/DSCF8519-1024x683.jpg 1024w, https:\/\/afalesc.com.br\/site\/wp-content\/uploads\/2024\/11\/DSCF8519-300x200.jpg 300w, https:\/\/afalesc.com.br\/site\/wp-content\/uploads\/2024\/11\/DSCF8519-768x512.jpg 768w, https:\/\/afalesc.com.br\/site\/wp-content\/uploads\/2024\/11\/DSCF8519-1536x1024.jpg 1536w, https:\/\/afalesc.com.br\/site\/wp-content\/uploads\/2024\/11\/DSCF8519-2048x1365.jpg 2048w, https:\/\/afalesc.com.br\/site\/wp-content\/uploads\/2024\/11\/DSCF8519-700x467.jpg 700w\" sizes=\"auto, (max-width: 1024px) 100vw, 1024px\" \/><\/a>\n\t\t\t<\/dt><\/dl><br style=\"clear: both\" \/><dl class='gallery-item'>\n\t\t\t<dt class='gallery-icon landscape'>\n\t\t\t\t<a href='https:\/\/afalesc.com.br\/site\/costelaco-e-dia-das-criancas-afalesc-2024\/dscf8525\/'><img loading=\"lazy\" decoding=\"async\" width=\"1024\" height=\"683\" src=\"https:\/\/afalesc.com.br\/site\/wp-content\/uploads\/2024\/11\/DSCF8525-1024x683.jpg\" class=\"attachment-large size-large\" alt=\"\" srcset=\"https:\/\/afalesc.com.br\/site\/wp-content\/uploads\/2024\/11\/DSCF8525-1024x683.jpg 1024w, https:\/\/afalesc.com.br\/site\/wp-content\/uploads\/2024\/11\/DSCF8525-300x200.jpg 300w, https:\/\/afalesc.com.br\/site\/wp-content\/uploads\/2024\/11\/DSCF8525-768x512.jpg 768w, https:\/\/afalesc.com.br\/site\/wp-content\/uploads\/2024\/11\/DSCF8525-1536x1024.jpg 1536w, https:\/\/afalesc.com.br\/site\/wp-content\/uploads\/2024\/11\/DSCF8525-2048x1365.jpg 2048w, https:\/\/afalesc.com.br\/site\/wp-content\/uploads\/2024\/11\/DSCF8525-700x467.jpg 700w\" sizes=\"auto, (max-width: 1024px) 100vw, 1024px\" \/><\/a>\n\t\t\t<\/dt><\/dl><br style=\"clear: both\" \/><dl class='gallery-item'>\n\t\t\t<dt class='gallery-icon portrait'>\n\t\t\t\t<a href='https:\/\/afalesc.com.br\/site\/costelaco-e-dia-das-criancas-afalesc-2024\/dscf8530\/'><img loading=\"lazy\" decoding=\"async\" width=\"683\" height=\"1024\" src=\"https:\/\/afalesc.com.br\/site\/wp-content\/uploads\/2024\/11\/DSCF8530-683x1024.jpg\" class=\"attachment-large size-large\" alt=\"\" srcset=\"https:\/\/afalesc.com.br\/site\/wp-content\/uploads\/2024\/11\/DSCF8530-683x1024.jpg 683w, https:\/\/afalesc.com.br\/site\/wp-content\/uploads\/2024\/11\/DSCF8530-200x300.jpg 200w, https:\/\/afalesc.com.br\/site\/wp-content\/uploads\/2024\/11\/DSCF8530-768x1152.jpg 768w, https:\/\/afalesc.com.br\/site\/wp-content\/uploads\/2024\/11\/DSCF8530-1024x1536.jpg 1024w, https:\/\/afalesc.com.br\/site\/wp-content\/uploads\/2024\/11\/DSCF8530-1365x2048.jpg 1365w, https:\/\/afalesc.com.br\/site\/wp-content\/uploads\/2024\/11\/DSCF8530-700x1050.jpg 700w, https:\/\/afalesc.com.br\/site\/wp-content\/uploads\/2024\/11\/DSCF8530-scaled.jpg 1707w\" sizes=\"auto, (max-width: 683px) 100vw, 683px\" \/><\/a>\n\t\t\t<\/dt><\/dl><br style=\"clear: both\" \/><dl class='gallery-item'>\n\t\t\t<dt class='gallery-icon portrait'>\n\t\t\t\t<a href='https:\/\/afalesc.com.br\/site\/costelaco-e-dia-das-criancas-afalesc-2024\/dscf8535\/'><img loading=\"lazy\" decoding=\"async\" width=\"683\" height=\"1024\" src=\"https:\/\/afalesc.com.br\/site\/wp-content\/uploads\/2024\/11\/DSCF8535-683x1024.jpg\" class=\"attachment-large size-large\" alt=\"\" srcset=\"https:\/\/afalesc.com.br\/site\/wp-content\/uploads\/2024\/11\/DSCF8535-683x1024.jpg 683w, https:\/\/afalesc.com.br\/site\/wp-content\/uploads\/2024\/11\/DSCF8535-200x300.jpg 200w, https:\/\/afalesc.com.br\/site\/wp-content\/uploads\/2024\/11\/DSCF8535-768x1152.jpg 768w, https:\/\/afalesc.com.br\/site\/wp-content\/uploads\/2024\/11\/DSCF8535-1024x1536.jpg 1024w, https:\/\/afalesc.com.br\/site\/wp-content\/uploads\/2024\/11\/DSCF8535-1365x2048.jpg 1365w, https:\/\/afalesc.com.br\/site\/wp-content\/uploads\/2024\/11\/DSCF8535-700x1050.jpg 700w, https:\/\/afalesc.com.br\/site\/wp-content\/uploads\/2024\/11\/DSCF8535-scaled.jpg 1707w\" sizes=\"auto, (max-width: 683px) 100vw, 683px\" \/><\/a>\n\t\t\t<\/dt><\/dl><br style=\"clear: both\" \/><dl class='gallery-item'>\n\t\t\t<dt class='gallery-icon portrait'>\n\t\t\t\t<a href='https:\/\/afalesc.com.br\/site\/costelaco-e-dia-das-criancas-afalesc-2024\/dscf8537\/'><img loading=\"lazy\" decoding=\"async\" width=\"683\" height=\"1024\" src=\"https:\/\/afalesc.com.br\/site\/wp-content\/uploads\/2024\/11\/DSCF8537-683x1024.jpg\" class=\"attachment-large size-large\" alt=\"\" srcset=\"https:\/\/afalesc.com.br\/site\/wp-content\/uploads\/2024\/11\/DSCF8537-683x1024.jpg 683w, https:\/\/afalesc.com.br\/site\/wp-content\/uploads\/2024\/11\/DSCF8537-200x300.jpg 200w, https:\/\/afalesc.com.br\/site\/wp-content\/uploads\/2024\/11\/DSCF8537-768x1152.jpg 768w, https:\/\/afalesc.com.br\/site\/wp-content\/uploads\/2024\/11\/DSCF8537-1024x1536.jpg 1024w, https:\/\/afalesc.com.br\/site\/wp-content\/uploads\/2024\/11\/DSCF8537-1365x2048.jpg 1365w, https:\/\/afalesc.com.br\/site\/wp-content\/uploads\/2024\/11\/DSCF8537-700x1050.jpg 700w, https:\/\/afalesc.com.br\/site\/wp-content\/uploads\/2024\/11\/DSCF8537-scaled.jpg 1707w\" sizes=\"auto, (max-width: 683px) 100vw, 683px\" \/><\/a>\n\t\t\t<\/dt><\/dl><br style=\"clear: both\" \/><dl class='gallery-item'>\n\t\t\t<dt class='gallery-icon landscape'>\n\t\t\t\t<a href='https:\/\/afalesc.com.br\/site\/costelaco-e-dia-das-criancas-afalesc-2024\/dscf8538\/'><img loading=\"lazy\" decoding=\"async\" width=\"1024\" height=\"683\" src=\"https:\/\/afalesc.com.br\/site\/wp-content\/uploads\/2024\/11\/DSCF8538-1024x683.jpg\" class=\"attachment-large size-large\" alt=\"\" srcset=\"https:\/\/afalesc.com.br\/site\/wp-content\/uploads\/2024\/11\/DSCF8538-1024x683.jpg 1024w, https:\/\/afalesc.com.br\/site\/wp-content\/uploads\/2024\/11\/DSCF8538-300x200.jpg 300w, https:\/\/afalesc.com.br\/site\/wp-content\/uploads\/2024\/11\/DSCF8538-768x512.jpg 768w, https:\/\/afalesc.com.br\/site\/wp-content\/uploads\/2024\/11\/DSCF8538-1536x1024.jpg 1536w, https:\/\/afalesc.com.br\/site\/wp-content\/uploads\/2024\/11\/DSCF8538-2048x1365.jpg 2048w, https:\/\/afalesc.com.br\/site\/wp-content\/uploads\/2024\/11\/DSCF8538-700x467.jpg 700w\" sizes=\"auto, (max-width: 1024px) 100vw, 1024px\" \/><\/a>\n\t\t\t<\/dt><\/dl><br style=\"clear: both\" \/><dl class='gallery-item'>\n\t\t\t<dt class='gallery-icon landscape'>\n\t\t\t\t<a href='https:\/\/afalesc.com.br\/site\/costelaco-e-dia-das-criancas-afalesc-2024\/dscf8540\/'><img loading=\"lazy\" decoding=\"async\" width=\"1024\" height=\"683\" src=\"https:\/\/afalesc.com.br\/site\/wp-content\/uploads\/2024\/11\/DSCF8540-1024x683.jpg\" class=\"attachment-large size-large\" alt=\"\" srcset=\"https:\/\/afalesc.com.br\/site\/wp-content\/uploads\/2024\/11\/DSCF8540-1024x683.jpg 1024w, https:\/\/afalesc.com.br\/site\/wp-content\/uploads\/2024\/11\/DSCF8540-300x200.jpg 300w, https:\/\/afalesc.com.br\/site\/wp-content\/uploads\/2024\/11\/DSCF8540-768x512.jpg 768w, https:\/\/afalesc.com.br\/site\/wp-content\/uploads\/2024\/11\/DSCF8540-1536x1024.jpg 1536w, https:\/\/afalesc.com.br\/site\/wp-content\/uploads\/2024\/11\/DSCF8540-2048x1365.jpg 2048w, https:\/\/afalesc.com.br\/site\/wp-content\/uploads\/2024\/11\/DSCF8540-700x467.jpg 700w\" sizes=\"auto, (max-width: 1024px) 100vw, 1024px\" \/><\/a>\n\t\t\t<\/dt><\/dl><br style=\"clear: both\" \/><dl class='gallery-item'>\n\t\t\t<dt class='gallery-icon landscape'>\n\t\t\t\t<a href='https:\/\/afalesc.com.br\/site\/costelaco-e-dia-das-criancas-afalesc-2024\/dscf8543\/'><img loading=\"lazy\" decoding=\"async\" width=\"1024\" height=\"683\" src=\"https:\/\/afalesc.com.br\/site\/wp-content\/uploads\/2024\/11\/DSCF8543-1024x683.jpg\" class=\"attachment-large size-large\" alt=\"\" srcset=\"https:\/\/afalesc.com.br\/site\/wp-content\/uploads\/2024\/11\/DSCF8543-1024x683.jpg 1024w, https:\/\/afalesc.com.br\/site\/wp-content\/uploads\/2024\/11\/DSCF8543-300x200.jpg 300w, https:\/\/afalesc.com.br\/site\/wp-content\/uploads\/2024\/11\/DSCF8543-768x512.jpg 768w, https:\/\/afalesc.com.br\/site\/wp-content\/uploads\/2024\/11\/DSCF8543-1536x1024.jpg 1536w, https:\/\/afalesc.com.br\/site\/wp-content\/uploads\/2024\/11\/DSCF8543-2048x1365.jpg 2048w, https:\/\/afalesc.com.br\/site\/wp-content\/uploads\/2024\/11\/DSCF8543-700x467.jpg 700w\" sizes=\"auto, (max-width: 1024px) 100vw, 1024px\" \/><\/a>\n\t\t\t<\/dt><\/dl><br style=\"clear: both\" \/><dl class='gallery-item'>\n\t\t\t<dt class='gallery-icon landscape'>\n\t\t\t\t<a href='https:\/\/afalesc.com.br\/site\/costelaco-e-dia-das-criancas-afalesc-2024\/dscf8544\/'><img loading=\"lazy\" decoding=\"async\" width=\"1024\" height=\"683\" src=\"https:\/\/afalesc.com.br\/site\/wp-content\/uploads\/2024\/11\/DSCF8544-1024x683.jpg\" class=\"attachment-large size-large\" alt=\"\" srcset=\"https:\/\/afalesc.com.br\/site\/wp-content\/uploads\/2024\/11\/DSCF8544-1024x683.jpg 1024w, https:\/\/afalesc.com.br\/site\/wp-content\/uploads\/2024\/11\/DSCF8544-300x200.jpg 300w, https:\/\/afalesc.com.br\/site\/wp-content\/uploads\/2024\/11\/DSCF8544-768x512.jpg 768w, https:\/\/afalesc.com.br\/site\/wp-content\/uploads\/2024\/11\/DSCF8544-1536x1024.jpg 1536w, https:\/\/afalesc.com.br\/site\/wp-content\/uploads\/2024\/11\/DSCF8544-2048x1365.jpg 2048w, https:\/\/afalesc.com.br\/site\/wp-content\/uploads\/2024\/11\/DSCF8544-700x467.jpg 700w\" sizes=\"auto, (max-width: 1024px) 100vw, 1024px\" \/><\/a>\n\t\t\t<\/dt><\/dl><br style=\"clear: both\" \/><dl class='gallery-item'>\n\t\t\t<dt class='gallery-icon landscape'>\n\t\t\t\t<a href='https:\/\/afalesc.com.br\/site\/costelaco-e-dia-das-criancas-afalesc-2024\/dscf8546\/'><img loading=\"lazy\" decoding=\"async\" width=\"1024\" height=\"683\" src=\"https:\/\/afalesc.com.br\/site\/wp-content\/uploads\/2024\/11\/DSCF8546-1024x683.jpg\" class=\"attachment-large size-large\" alt=\"\" srcset=\"https:\/\/afalesc.com.br\/site\/wp-content\/uploads\/2024\/11\/DSCF8546-1024x683.jpg 1024w, https:\/\/afalesc.com.br\/site\/wp-content\/uploads\/2024\/11\/DSCF8546-300x200.jpg 300w, https:\/\/afalesc.com.br\/site\/wp-content\/uploads\/2024\/11\/DSCF8546-768x512.jpg 768w, https:\/\/afalesc.com.br\/site\/wp-content\/uploads\/2024\/11\/DSCF8546-1536x1024.jpg 1536w, https:\/\/afalesc.com.br\/site\/wp-content\/uploads\/2024\/11\/DSCF8546-2048x1365.jpg 2048w, https:\/\/afalesc.com.br\/site\/wp-content\/uploads\/2024\/11\/DSCF8546-700x467.jpg 700w\" sizes=\"auto, (max-width: 1024px) 100vw, 1024px\" \/><\/a>\n\t\t\t<\/dt><\/dl><br style=\"clear: both\" \/><dl class='gallery-item'>\n\t\t\t<dt class='gallery-icon landscape'>\n\t\t\t\t<a href='https:\/\/afalesc.com.br\/site\/costelaco-e-dia-das-criancas-afalesc-2024\/dscf8548\/'><img loading=\"lazy\" decoding=\"async\" width=\"1024\" height=\"683\" src=\"https:\/\/afalesc.com.br\/site\/wp-content\/uploads\/2024\/11\/DSCF8548-1024x683.jpg\" class=\"attachment-large size-large\" alt=\"\" srcset=\"https:\/\/afalesc.com.br\/site\/wp-content\/uploads\/2024\/11\/DSCF8548-1024x683.jpg 1024w, https:\/\/afalesc.com.br\/site\/wp-content\/uploads\/2024\/11\/DSCF8548-300x200.jpg 300w, https:\/\/afalesc.com.br\/site\/wp-content\/uploads\/2024\/11\/DSCF8548-768x512.jpg 768w, https:\/\/afalesc.com.br\/site\/wp-content\/uploads\/2024\/11\/DSCF8548-1536x1024.jpg 1536w, https:\/\/afalesc.com.br\/site\/wp-content\/uploads\/2024\/11\/DSCF8548-2048x1365.jpg 2048w, https:\/\/afalesc.com.br\/site\/wp-content\/uploads\/2024\/11\/DSCF8548-700x467.jpg 700w\" sizes=\"auto, (max-width: 1024px) 100vw, 1024px\" \/><\/a>\n\t\t\t<\/dt><\/dl><br style=\"clear: both\" \/><dl class='gallery-item'>\n\t\t\t<dt class='gallery-icon portrait'>\n\t\t\t\t<a href='https:\/\/afalesc.com.br\/site\/costelaco-e-dia-das-criancas-afalesc-2024\/dscf8550\/'><img loading=\"lazy\" decoding=\"async\" width=\"683\" height=\"1024\" src=\"https:\/\/afalesc.com.br\/site\/wp-content\/uploads\/2024\/11\/DSCF8550-683x1024.jpg\" class=\"attachment-large size-large\" alt=\"\" srcset=\"https:\/\/afalesc.com.br\/site\/wp-content\/uploads\/2024\/11\/DSCF8550-683x1024.jpg 683w, https:\/\/afalesc.com.br\/site\/wp-content\/uploads\/2024\/11\/DSCF8550-200x300.jpg 200w, https:\/\/afalesc.com.br\/site\/wp-content\/uploads\/2024\/11\/DSCF8550-768x1152.jpg 768w, https:\/\/afalesc.com.br\/site\/wp-content\/uploads\/2024\/11\/DSCF8550-1024x1536.jpg 1024w, https:\/\/afalesc.com.br\/site\/wp-content\/uploads\/2024\/11\/DSCF8550-1365x2048.jpg 1365w, https:\/\/afalesc.com.br\/site\/wp-content\/uploads\/2024\/11\/DSCF8550-700x1050.jpg 700w, https:\/\/afalesc.com.br\/site\/wp-content\/uploads\/2024\/11\/DSCF8550-scaled.jpg 1707w\" sizes=\"auto, (max-width: 683px) 100vw, 683px\" \/><\/a>\n\t\t\t<\/dt><\/dl><br style=\"clear: both\" \/><dl class='gallery-item'>\n\t\t\t<dt class='gallery-icon portrait'>\n\t\t\t\t<a href='https:\/\/afalesc.com.br\/site\/costelaco-e-dia-das-criancas-afalesc-2024\/dscf8551\/'><img loading=\"lazy\" decoding=\"async\" width=\"683\" height=\"1024\" src=\"https:\/\/afalesc.com.br\/site\/wp-content\/uploads\/2024\/11\/DSCF8551-683x1024.jpg\" class=\"attachment-large size-large\" alt=\"\" srcset=\"https:\/\/afalesc.com.br\/site\/wp-content\/uploads\/2024\/11\/DSCF8551-683x1024.jpg 683w, https:\/\/afalesc.com.br\/site\/wp-content\/uploads\/2024\/11\/DSCF8551-200x300.jpg 200w, https:\/\/afalesc.com.br\/site\/wp-content\/uploads\/2024\/11\/DSCF8551-768x1152.jpg 768w, https:\/\/afalesc.com.br\/site\/wp-content\/uploads\/2024\/11\/DSCF8551-1024x1536.jpg 1024w, https:\/\/afalesc.com.br\/site\/wp-content\/uploads\/2024\/11\/DSCF8551-1365x2048.jpg 1365w, https:\/\/afalesc.com.br\/site\/wp-content\/uploads\/2024\/11\/DSCF8551-700x1050.jpg 700w, https:\/\/afalesc.com.br\/site\/wp-content\/uploads\/2024\/11\/DSCF8551-scaled.jpg 1707w\" sizes=\"auto, (max-width: 683px) 100vw, 683px\" \/><\/a>\n\t\t\t<\/dt><\/dl><br style=\"clear: both\" \/><dl class='gallery-item'>\n\t\t\t<dt class='gallery-icon portrait'>\n\t\t\t\t<a href='https:\/\/afalesc.com.br\/site\/costelaco-e-dia-das-criancas-afalesc-2024\/dscf8555\/'><img loading=\"lazy\" decoding=\"async\" width=\"683\" height=\"1024\" src=\"https:\/\/afalesc.com.br\/site\/wp-content\/uploads\/2024\/11\/DSCF8555-683x1024.jpg\" class=\"attachment-large size-large\" alt=\"\" srcset=\"https:\/\/afalesc.com.br\/site\/wp-content\/uploads\/2024\/11\/DSCF8555-683x1024.jpg 683w, https:\/\/afalesc.com.br\/site\/wp-content\/uploads\/2024\/11\/DSCF8555-200x300.jpg 200w, https:\/\/afalesc.com.br\/site\/wp-content\/uploads\/2024\/11\/DSCF8555-768x1152.jpg 768w, https:\/\/afalesc.com.br\/site\/wp-content\/uploads\/2024\/11\/DSCF8555-1024x1536.jpg 1024w, https:\/\/afalesc.com.br\/site\/wp-content\/uploads\/2024\/11\/DSCF8555-1365x2048.jpg 1365w, https:\/\/afalesc.com.br\/site\/wp-content\/uploads\/2024\/11\/DSCF8555-700x1050.jpg 700w, https:\/\/afalesc.com.br\/site\/wp-content\/uploads\/2024\/11\/DSCF8555-scaled.jpg 1707w\" sizes=\"auto, (max-width: 683px) 100vw, 683px\" \/><\/a>\n\t\t\t<\/dt><\/dl><br style=\"clear: both\" \/><dl class='gallery-item'>\n\t\t\t<dt class='gallery-icon portrait'>\n\t\t\t\t<a href='https:\/\/afalesc.com.br\/site\/costelaco-e-dia-das-criancas-afalesc-2024\/dscf8559\/'><img loading=\"lazy\" decoding=\"async\" width=\"683\" height=\"1024\" src=\"https:\/\/afalesc.com.br\/site\/wp-content\/uploads\/2024\/11\/DSCF8559-683x1024.jpg\" class=\"attachment-large size-large\" alt=\"\" srcset=\"https:\/\/afalesc.com.br\/site\/wp-content\/uploads\/2024\/11\/DSCF8559-683x1024.jpg 683w, https:\/\/afalesc.com.br\/site\/wp-content\/uploads\/2024\/11\/DSCF8559-200x300.jpg 200w, https:\/\/afalesc.com.br\/site\/wp-content\/uploads\/2024\/11\/DSCF8559-768x1152.jpg 768w, https:\/\/afalesc.com.br\/site\/wp-content\/uploads\/2024\/11\/DSCF8559-1024x1536.jpg 1024w, https:\/\/afalesc.com.br\/site\/wp-content\/uploads\/2024\/11\/DSCF8559-1365x2048.jpg 1365w, https:\/\/afalesc.com.br\/site\/wp-content\/uploads\/2024\/11\/DSCF8559-700x1050.jpg 700w, https:\/\/afalesc.com.br\/site\/wp-content\/uploads\/2024\/11\/DSCF8559-scaled.jpg 1707w\" sizes=\"auto, (max-width: 683px) 100vw, 683px\" \/><\/a>\n\t\t\t<\/dt><\/dl><br style=\"clear: both\" \/><dl class='gallery-item'>\n\t\t\t<dt class='gallery-icon landscape'>\n\t\t\t\t<a href='https:\/\/afalesc.com.br\/site\/costelaco-e-dia-das-criancas-afalesc-2024\/dscf8565\/'><img loading=\"lazy\" decoding=\"async\" width=\"1024\" height=\"683\" src=\"https:\/\/afalesc.com.br\/site\/wp-content\/uploads\/2024\/11\/DSCF8565-1024x683.jpg\" class=\"attachment-large size-large\" alt=\"\" srcset=\"https:\/\/afalesc.com.br\/site\/wp-content\/uploads\/2024\/11\/DSCF8565-1024x683.jpg 1024w, https:\/\/afalesc.com.br\/site\/wp-content\/uploads\/2024\/11\/DSCF8565-300x200.jpg 300w, https:\/\/afalesc.com.br\/site\/wp-content\/uploads\/2024\/11\/DSCF8565-768x512.jpg 768w, https:\/\/afalesc.com.br\/site\/wp-content\/uploads\/2024\/11\/DSCF8565-1536x1024.jpg 1536w, https:\/\/afalesc.com.br\/site\/wp-content\/uploads\/2024\/11\/DSCF8565-2048x1365.jpg 2048w, https:\/\/afalesc.com.br\/site\/wp-content\/uploads\/2024\/11\/DSCF8565-700x467.jpg 700w\" sizes=\"auto, (max-width: 1024px) 100vw, 1024px\" \/><\/a>\n\t\t\t<\/dt><\/dl><br style=\"clear: both\" \/><dl class='gallery-item'>\n\t\t\t<dt class='gallery-icon portrait'>\n\t\t\t\t<a href='https:\/\/afalesc.com.br\/site\/costelaco-e-dia-das-criancas-afalesc-2024\/dscf8570\/'><img loading=\"lazy\" decoding=\"async\" width=\"683\" height=\"1024\" src=\"https:\/\/afalesc.com.br\/site\/wp-content\/uploads\/2024\/11\/DSCF8570-683x1024.jpg\" class=\"attachment-large size-large\" alt=\"\" srcset=\"https:\/\/afalesc.com.br\/site\/wp-content\/uploads\/2024\/11\/DSCF8570-683x1024.jpg 683w, https:\/\/afalesc.com.br\/site\/wp-content\/uploads\/2024\/11\/DSCF8570-200x300.jpg 200w, https:\/\/afalesc.com.br\/site\/wp-content\/uploads\/2024\/11\/DSCF8570-768x1152.jpg 768w, https:\/\/afalesc.com.br\/site\/wp-content\/uploads\/2024\/11\/DSCF8570-1024x1536.jpg 1024w, https:\/\/afalesc.com.br\/site\/wp-content\/uploads\/2024\/11\/DSCF8570-1365x2048.jpg 1365w, https:\/\/afalesc.com.br\/site\/wp-content\/uploads\/2024\/11\/DSCF8570-700x1050.jpg 700w, https:\/\/afalesc.com.br\/site\/wp-content\/uploads\/2024\/11\/DSCF8570-scaled.jpg 1707w\" sizes=\"auto, (max-width: 683px) 100vw, 683px\" \/><\/a>\n\t\t\t<\/dt><\/dl><br style=\"clear: both\" \/><dl class='gallery-item'>\n\t\t\t<dt class='gallery-icon landscape'>\n\t\t\t\t<a href='https:\/\/afalesc.com.br\/site\/costelaco-e-dia-das-criancas-afalesc-2024\/dscf8572\/'><img loading=\"lazy\" decoding=\"async\" width=\"1024\" height=\"683\" src=\"https:\/\/afalesc.com.br\/site\/wp-content\/uploads\/2024\/11\/DSCF8572-1024x683.jpg\" class=\"attachment-large size-large\" alt=\"\" srcset=\"https:\/\/afalesc.com.br\/site\/wp-content\/uploads\/2024\/11\/DSCF8572-1024x683.jpg 1024w, https:\/\/afalesc.com.br\/site\/wp-content\/uploads\/2024\/11\/DSCF8572-300x200.jpg 300w, https:\/\/afalesc.com.br\/site\/wp-content\/uploads\/2024\/11\/DSCF8572-768x512.jpg 768w, https:\/\/afalesc.com.br\/site\/wp-content\/uploads\/2024\/11\/DSCF8572-1536x1024.jpg 1536w, https:\/\/afalesc.com.br\/site\/wp-content\/uploads\/2024\/11\/DSCF8572-2048x1365.jpg 2048w, https:\/\/afalesc.com.br\/site\/wp-content\/uploads\/2024\/11\/DSCF8572-700x467.jpg 700w\" sizes=\"auto, (max-width: 1024px) 100vw, 1024px\" \/><\/a>\n\t\t\t<\/dt><\/dl><br style=\"clear: both\" \/><dl class='gallery-item'>\n\t\t\t<dt class='gallery-icon portrait'>\n\t\t\t\t<a href='https:\/\/afalesc.com.br\/site\/costelaco-e-dia-das-criancas-afalesc-2024\/dscf8574\/'><img loading=\"lazy\" decoding=\"async\" width=\"683\" height=\"1024\" src=\"https:\/\/afalesc.com.br\/site\/wp-content\/uploads\/2024\/11\/DSCF8574-683x1024.jpg\" class=\"attachment-large size-large\" alt=\"\" srcset=\"https:\/\/afalesc.com.br\/site\/wp-content\/uploads\/2024\/11\/DSCF8574-683x1024.jpg 683w, https:\/\/afalesc.com.br\/site\/wp-content\/uploads\/2024\/11\/DSCF8574-200x300.jpg 200w, https:\/\/afalesc.com.br\/site\/wp-content\/uploads\/2024\/11\/DSCF8574-768x1152.jpg 768w, https:\/\/afalesc.com.br\/site\/wp-content\/uploads\/2024\/11\/DSCF8574-1024x1536.jpg 1024w, https:\/\/afalesc.com.br\/site\/wp-content\/uploads\/2024\/11\/DSCF8574-1365x2048.jpg 1365w, https:\/\/afalesc.com.br\/site\/wp-content\/uploads\/2024\/11\/DSCF8574-700x1050.jpg 700w, https:\/\/afalesc.com.br\/site\/wp-content\/uploads\/2024\/11\/DSCF8574-scaled.jpg 1707w\" sizes=\"auto, (max-width: 683px) 100vw, 683px\" \/><\/a>\n\t\t\t<\/dt><\/dl><br style=\"clear: both\" \/><dl class='gallery-item'>\n\t\t\t<dt class='gallery-icon landscape'>\n\t\t\t\t<a href='https:\/\/afalesc.com.br\/site\/costelaco-e-dia-das-criancas-afalesc-2024\/dscf8579\/'><img loading=\"lazy\" decoding=\"async\" width=\"1024\" height=\"683\" src=\"https:\/\/afalesc.com.br\/site\/wp-content\/uploads\/2024\/11\/DSCF8579-1024x683.jpg\" class=\"attachment-large size-large\" alt=\"\" srcset=\"https:\/\/afalesc.com.br\/site\/wp-content\/uploads\/2024\/11\/DSCF8579-1024x683.jpg 1024w, https:\/\/afalesc.com.br\/site\/wp-content\/uploads\/2024\/11\/DSCF8579-300x200.jpg 300w, https:\/\/afalesc.com.br\/site\/wp-content\/uploads\/2024\/11\/DSCF8579-768x512.jpg 768w, https:\/\/afalesc.com.br\/site\/wp-content\/uploads\/2024\/11\/DSCF8579-1536x1024.jpg 1536w, https:\/\/afalesc.com.br\/site\/wp-content\/uploads\/2024\/11\/DSCF8579-2048x1365.jpg 2048w, https:\/\/afalesc.com.br\/site\/wp-content\/uploads\/2024\/11\/DSCF8579-700x467.jpg 700w\" sizes=\"auto, (max-width: 1024px) 100vw, 1024px\" \/><\/a>\n\t\t\t<\/dt><\/dl><br style=\"clear: both\" \/><dl class='gallery-item'>\n\t\t\t<dt class='gallery-icon portrait'>\n\t\t\t\t<a href='https:\/\/afalesc.com.br\/site\/costelaco-e-dia-das-criancas-afalesc-2024\/dscf8583\/'><img loading=\"lazy\" decoding=\"async\" width=\"683\" height=\"1024\" src=\"https:\/\/afalesc.com.br\/site\/wp-content\/uploads\/2024\/11\/DSCF8583-683x1024.jpg\" class=\"attachment-large size-large\" alt=\"\" srcset=\"https:\/\/afalesc.com.br\/site\/wp-content\/uploads\/2024\/11\/DSCF8583-683x1024.jpg 683w, https:\/\/afalesc.com.br\/site\/wp-content\/uploads\/2024\/11\/DSCF8583-200x300.jpg 200w, https:\/\/afalesc.com.br\/site\/wp-content\/uploads\/2024\/11\/DSCF8583-768x1152.jpg 768w, https:\/\/afalesc.com.br\/site\/wp-content\/uploads\/2024\/11\/DSCF8583-1024x1536.jpg 1024w, https:\/\/afalesc.com.br\/site\/wp-content\/uploads\/2024\/11\/DSCF8583-1365x2048.jpg 1365w, https:\/\/afalesc.com.br\/site\/wp-content\/uploads\/2024\/11\/DSCF8583-700x1050.jpg 700w, https:\/\/afalesc.com.br\/site\/wp-content\/uploads\/2024\/11\/DSCF8583-scaled.jpg 1707w\" sizes=\"auto, (max-width: 683px) 100vw, 683px\" \/><\/a>\n\t\t\t<\/dt><\/dl><br style=\"clear: both\" \/><dl class='gallery-item'>\n\t\t\t<dt class='gallery-icon portrait'>\n\t\t\t\t<a href='https:\/\/afalesc.com.br\/site\/costelaco-e-dia-das-criancas-afalesc-2024\/dscf8602\/'><img loading=\"lazy\" decoding=\"async\" width=\"683\" height=\"1024\" src=\"https:\/\/afalesc.com.br\/site\/wp-content\/uploads\/2024\/11\/DSCF8602-683x1024.jpg\" class=\"attachment-large size-large\" alt=\"\" srcset=\"https:\/\/afalesc.com.br\/site\/wp-content\/uploads\/2024\/11\/DSCF8602-683x1024.jpg 683w, https:\/\/afalesc.com.br\/site\/wp-content\/uploads\/2024\/11\/DSCF8602-200x300.jpg 200w, https:\/\/afalesc.com.br\/site\/wp-content\/uploads\/2024\/11\/DSCF8602-768x1152.jpg 768w, https:\/\/afalesc.com.br\/site\/wp-content\/uploads\/2024\/11\/DSCF8602-1024x1536.jpg 1024w, https:\/\/afalesc.com.br\/site\/wp-content\/uploads\/2024\/11\/DSCF8602-1365x2048.jpg 1365w, https:\/\/afalesc.com.br\/site\/wp-content\/uploads\/2024\/11\/DSCF8602-700x1050.jpg 700w, https:\/\/afalesc.com.br\/site\/wp-content\/uploads\/2024\/11\/DSCF8602-scaled.jpg 1707w\" sizes=\"auto, (max-width: 683px) 100vw, 683px\" \/><\/a>\n\t\t\t<\/dt><\/dl><br style=\"clear: both\" \/><dl class='gallery-item'>\n\t\t\t<dt class='gallery-icon portrait'>\n\t\t\t\t<a href='https:\/\/afalesc.com.br\/site\/costelaco-e-dia-das-criancas-afalesc-2024\/dscf8585\/'><img loading=\"lazy\" decoding=\"async\" width=\"683\" height=\"1024\" src=\"https:\/\/afalesc.com.br\/site\/wp-content\/uploads\/2024\/11\/DSCF8585-683x1024.jpg\" class=\"attachment-large size-large\" alt=\"\" srcset=\"https:\/\/afalesc.com.br\/site\/wp-content\/uploads\/2024\/11\/DSCF8585-683x1024.jpg 683w, https:\/\/afalesc.com.br\/site\/wp-content\/uploads\/2024\/11\/DSCF8585-200x300.jpg 200w, https:\/\/afalesc.com.br\/site\/wp-content\/uploads\/2024\/11\/DSCF8585-768x1152.jpg 768w, https:\/\/afalesc.com.br\/site\/wp-content\/uploads\/2024\/11\/DSCF8585-1024x1536.jpg 1024w, https:\/\/afalesc.com.br\/site\/wp-content\/uploads\/2024\/11\/DSCF8585-1365x2048.jpg 1365w, https:\/\/afalesc.com.br\/site\/wp-content\/uploads\/2024\/11\/DSCF8585-700x1050.jpg 700w, https:\/\/afalesc.com.br\/site\/wp-content\/uploads\/2024\/11\/DSCF8585-scaled.jpg 1707w\" sizes=\"auto, (max-width: 683px) 100vw, 683px\" \/><\/a>\n\t\t\t<\/dt><\/dl><br style=\"clear: both\" \/><dl class='gallery-item'>\n\t\t\t<dt class='gallery-icon portrait'>\n\t\t\t\t<a href='https:\/\/afalesc.com.br\/site\/costelaco-e-dia-das-criancas-afalesc-2024\/dscf8586\/'><img loading=\"lazy\" decoding=\"async\" width=\"683\" height=\"1024\" src=\"https:\/\/afalesc.com.br\/site\/wp-content\/uploads\/2024\/11\/DSCF8586-683x1024.jpg\" class=\"attachment-large size-large\" alt=\"\" srcset=\"https:\/\/afalesc.com.br\/site\/wp-content\/uploads\/2024\/11\/DSCF8586-683x1024.jpg 683w, https:\/\/afalesc.com.br\/site\/wp-content\/uploads\/2024\/11\/DSCF8586-200x300.jpg 200w, https:\/\/afalesc.com.br\/site\/wp-content\/uploads\/2024\/11\/DSCF8586-768x1152.jpg 768w, https:\/\/afalesc.com.br\/site\/wp-content\/uploads\/2024\/11\/DSCF8586-1024x1536.jpg 1024w, https:\/\/afalesc.com.br\/site\/wp-content\/uploads\/2024\/11\/DSCF8586-1365x2048.jpg 1365w, https:\/\/afalesc.com.br\/site\/wp-content\/uploads\/2024\/11\/DSCF8586-700x1050.jpg 700w, https:\/\/afalesc.com.br\/site\/wp-content\/uploads\/2024\/11\/DSCF8586-scaled.jpg 1707w\" sizes=\"auto, (max-width: 683px) 100vw, 683px\" \/><\/a>\n\t\t\t<\/dt><\/dl><br style=\"clear: both\" \/><dl class='gallery-item'>\n\t\t\t<dt class='gallery-icon landscape'>\n\t\t\t\t<a href='https:\/\/afalesc.com.br\/site\/costelaco-e-dia-das-criancas-afalesc-2024\/dscf8591\/'><img loading=\"lazy\" decoding=\"async\" width=\"1024\" height=\"683\" src=\"https:\/\/afalesc.com.br\/site\/wp-content\/uploads\/2024\/11\/DSCF8591-1024x683.jpg\" class=\"attachment-large size-large\" alt=\"\" srcset=\"https:\/\/afalesc.com.br\/site\/wp-content\/uploads\/2024\/11\/DSCF8591-1024x683.jpg 1024w, https:\/\/afalesc.com.br\/site\/wp-content\/uploads\/2024\/11\/DSCF8591-300x200.jpg 300w, https:\/\/afalesc.com.br\/site\/wp-content\/uploads\/2024\/11\/DSCF8591-768x512.jpg 768w, https:\/\/afalesc.com.br\/site\/wp-content\/uploads\/2024\/11\/DSCF8591-1536x1024.jpg 1536w, https:\/\/afalesc.com.br\/site\/wp-content\/uploads\/2024\/11\/DSCF8591-2048x1365.jpg 2048w, https:\/\/afalesc.com.br\/site\/wp-content\/uploads\/2024\/11\/DSCF8591-700x467.jpg 700w\" sizes=\"auto, (max-width: 1024px) 100vw, 1024px\" \/><\/a>\n\t\t\t<\/dt><\/dl><br style=\"clear: both\" \/><dl class='gallery-item'>\n\t\t\t<dt class='gallery-icon landscape'>\n\t\t\t\t<a href='https:\/\/afalesc.com.br\/site\/costelaco-e-dia-das-criancas-afalesc-2024\/dscf8608\/'><img loading=\"lazy\" decoding=\"async\" width=\"1024\" height=\"683\" src=\"https:\/\/afalesc.com.br\/site\/wp-content\/uploads\/2024\/11\/DSCF8608-1024x683.jpg\" class=\"attachment-large size-large\" alt=\"\" srcset=\"https:\/\/afalesc.com.br\/site\/wp-content\/uploads\/2024\/11\/DSCF8608-1024x683.jpg 1024w, https:\/\/afalesc.com.br\/site\/wp-content\/uploads\/2024\/11\/DSCF8608-300x200.jpg 300w, https:\/\/afalesc.com.br\/site\/wp-content\/uploads\/2024\/11\/DSCF8608-768x512.jpg 768w, https:\/\/afalesc.com.br\/site\/wp-content\/uploads\/2024\/11\/DSCF8608-1536x1024.jpg 1536w, https:\/\/afalesc.com.br\/site\/wp-content\/uploads\/2024\/11\/DSCF8608-2048x1365.jpg 2048w, https:\/\/afalesc.com.br\/site\/wp-content\/uploads\/2024\/11\/DSCF8608-700x467.jpg 700w\" sizes=\"auto, (max-width: 1024px) 100vw, 1024px\" \/><\/a>\n\t\t\t<\/dt><\/dl><br style=\"clear: both\" \/><dl class='gallery-item'>\n\t\t\t<dt class='gallery-icon landscape'>\n\t\t\t\t<a href='https:\/\/afalesc.com.br\/site\/costelaco-e-dia-das-criancas-afalesc-2024\/dscf8610\/'><img loading=\"lazy\" decoding=\"async\" width=\"1024\" height=\"683\" src=\"https:\/\/afalesc.com.br\/site\/wp-content\/uploads\/2024\/11\/DSCF8610-1024x683.jpg\" class=\"attachment-large size-large\" alt=\"\" srcset=\"https:\/\/afalesc.com.br\/site\/wp-content\/uploads\/2024\/11\/DSCF8610-1024x683.jpg 1024w, https:\/\/afalesc.com.br\/site\/wp-content\/uploads\/2024\/11\/DSCF8610-300x200.jpg 300w, https:\/\/afalesc.com.br\/site\/wp-content\/uploads\/2024\/11\/DSCF8610-768x512.jpg 768w, https:\/\/afalesc.com.br\/site\/wp-content\/uploads\/2024\/11\/DSCF8610-1536x1024.jpg 1536w, https:\/\/afalesc.com.br\/site\/wp-content\/uploads\/2024\/11\/DSCF8610-2048x1365.jpg 2048w, https:\/\/afalesc.com.br\/site\/wp-content\/uploads\/2024\/11\/DSCF8610-700x467.jpg 700w\" sizes=\"auto, (max-width: 1024px) 100vw, 1024px\" \/><\/a>\n\t\t\t<\/dt><\/dl><br style=\"clear: both\" \/><dl class='gallery-item'>\n\t\t\t<dt class='gallery-icon landscape'>\n\t\t\t\t<a href='https:\/\/afalesc.com.br\/site\/costelaco-e-dia-das-criancas-afalesc-2024\/dscf8614\/'><img loading=\"lazy\" decoding=\"async\" width=\"1024\" height=\"683\" src=\"https:\/\/afalesc.com.br\/site\/wp-content\/uploads\/2024\/11\/DSCF8614-1024x683.jpg\" class=\"attachment-large size-large\" alt=\"\" srcset=\"https:\/\/afalesc.com.br\/site\/wp-content\/uploads\/2024\/11\/DSCF8614-1024x683.jpg 1024w, https:\/\/afalesc.com.br\/site\/wp-content\/uploads\/2024\/11\/DSCF8614-300x200.jpg 300w, https:\/\/afalesc.com.br\/site\/wp-content\/uploads\/2024\/11\/DSCF8614-768x512.jpg 768w, https:\/\/afalesc.com.br\/site\/wp-content\/uploads\/2024\/11\/DSCF8614-1536x1024.jpg 1536w, https:\/\/afalesc.com.br\/site\/wp-content\/uploads\/2024\/11\/DSCF8614-2048x1365.jpg 2048w, https:\/\/afalesc.com.br\/site\/wp-content\/uploads\/2024\/11\/DSCF8614-700x467.jpg 700w\" sizes=\"auto, (max-width: 1024px) 100vw, 1024px\" \/><\/a>\n\t\t\t<\/dt><\/dl><br style=\"clear: both\" \/><dl class='gallery-item'>\n\t\t\t<dt class='gallery-icon landscape'>\n\t\t\t\t<a href='https:\/\/afalesc.com.br\/site\/costelaco-e-dia-das-criancas-afalesc-2024\/dscf8616\/'><img loading=\"lazy\" decoding=\"async\" width=\"1024\" height=\"683\" src=\"https:\/\/afalesc.com.br\/site\/wp-content\/uploads\/2024\/11\/DSCF8616-1024x683.jpg\" class=\"attachment-large size-large\" alt=\"\" srcset=\"https:\/\/afalesc.com.br\/site\/wp-content\/uploads\/2024\/11\/DSCF8616-1024x683.jpg 1024w, https:\/\/afalesc.com.br\/site\/wp-content\/uploads\/2024\/11\/DSCF8616-300x200.jpg 300w, https:\/\/afalesc.com.br\/site\/wp-content\/uploads\/2024\/11\/DSCF8616-768x512.jpg 768w, https:\/\/afalesc.com.br\/site\/wp-content\/uploads\/2024\/11\/DSCF8616-1536x1024.jpg 1536w, https:\/\/afalesc.com.br\/site\/wp-content\/uploads\/2024\/11\/DSCF8616-2048x1365.jpg 2048w, https:\/\/afalesc.com.br\/site\/wp-content\/uploads\/2024\/11\/DSCF8616-700x467.jpg 700w\" sizes=\"auto, (max-width: 1024px) 100vw, 1024px\" \/><\/a>\n\t\t\t<\/dt><\/dl><br style=\"clear: both\" \/><dl class='gallery-item'>\n\t\t\t<dt class='gallery-icon landscape'>\n\t\t\t\t<a href='https:\/\/afalesc.com.br\/site\/costelaco-e-dia-das-criancas-afalesc-2024\/dscf8618\/'><img loading=\"lazy\" decoding=\"async\" width=\"1024\" height=\"683\" src=\"https:\/\/afalesc.com.br\/site\/wp-content\/uploads\/2024\/11\/DSCF8618-1024x683.jpg\" class=\"attachment-large size-large\" alt=\"\" srcset=\"https:\/\/afalesc.com.br\/site\/wp-content\/uploads\/2024\/11\/DSCF8618-1024x683.jpg 1024w, https:\/\/afalesc.com.br\/site\/wp-content\/uploads\/2024\/11\/DSCF8618-300x200.jpg 300w, https:\/\/afalesc.com.br\/site\/wp-content\/uploads\/2024\/11\/DSCF8618-768x512.jpg 768w, https:\/\/afalesc.com.br\/site\/wp-content\/uploads\/2024\/11\/DSCF8618-1536x1024.jpg 1536w, https:\/\/afalesc.com.br\/site\/wp-content\/uploads\/2024\/11\/DSCF8618-2048x1365.jpg 2048w, https:\/\/afalesc.com.br\/site\/wp-content\/uploads\/2024\/11\/DSCF8618-700x467.jpg 700w\" sizes=\"auto, (max-width: 1024px) 100vw, 1024px\" \/><\/a>\n\t\t\t<\/dt><\/dl><br style=\"clear: both\" \/><dl class='gallery-item'>\n\t\t\t<dt class='gallery-icon landscape'>\n\t\t\t\t<a href='https:\/\/afalesc.com.br\/site\/costelaco-e-dia-das-criancas-afalesc-2024\/dscf8625\/'><img loading=\"lazy\" decoding=\"async\" width=\"1024\" height=\"683\" src=\"https:\/\/afalesc.com.br\/site\/wp-content\/uploads\/2024\/11\/DSCF8625-1024x683.jpg\" class=\"attachment-large size-large\" alt=\"\" srcset=\"https:\/\/afalesc.com.br\/site\/wp-content\/uploads\/2024\/11\/DSCF8625-1024x683.jpg 1024w, https:\/\/afalesc.com.br\/site\/wp-content\/uploads\/2024\/11\/DSCF8625-300x200.jpg 300w, https:\/\/afalesc.com.br\/site\/wp-content\/uploads\/2024\/11\/DSCF8625-768x512.jpg 768w, https:\/\/afalesc.com.br\/site\/wp-content\/uploads\/2024\/11\/DSCF8625-1536x1024.jpg 1536w, https:\/\/afalesc.com.br\/site\/wp-content\/uploads\/2024\/11\/DSCF8625-2048x1365.jpg 2048w, https:\/\/afalesc.com.br\/site\/wp-content\/uploads\/2024\/11\/DSCF8625-700x467.jpg 700w\" sizes=\"auto, (max-width: 1024px) 100vw, 1024px\" \/><\/a>\n\t\t\t<\/dt><\/dl><br style=\"clear: both\" \/><dl class='gallery-item'>\n\t\t\t<dt class='gallery-icon landscape'>\n\t\t\t\t<a href='https:\/\/afalesc.com.br\/site\/costelaco-e-dia-das-criancas-afalesc-2024\/dscf8627\/'><img loading=\"lazy\" decoding=\"async\" width=\"1024\" height=\"683\" src=\"https:\/\/afalesc.com.br\/site\/wp-content\/uploads\/2024\/11\/DSCF8627-1024x683.jpg\" class=\"attachment-large size-large\" alt=\"\" srcset=\"https:\/\/afalesc.com.br\/site\/wp-content\/uploads\/2024\/11\/DSCF8627-1024x683.jpg 1024w, https:\/\/afalesc.com.br\/site\/wp-content\/uploads\/2024\/11\/DSCF8627-300x200.jpg 300w, https:\/\/afalesc.com.br\/site\/wp-content\/uploads\/2024\/11\/DSCF8627-768x512.jpg 768w, https:\/\/afalesc.com.br\/site\/wp-content\/uploads\/2024\/11\/DSCF8627-1536x1024.jpg 1536w, https:\/\/afalesc.com.br\/site\/wp-content\/uploads\/2024\/11\/DSCF8627-2048x1365.jpg 2048w, https:\/\/afalesc.com.br\/site\/wp-content\/uploads\/2024\/11\/DSCF8627-700x467.jpg 700w\" sizes=\"auto, (max-width: 1024px) 100vw, 1024px\" \/><\/a>\n\t\t\t<\/dt><\/dl><br style=\"clear: both\" \/><dl class='gallery-item'>\n\t\t\t<dt class='gallery-icon landscape'>\n\t\t\t\t<a href='https:\/\/afalesc.com.br\/site\/costelaco-e-dia-das-criancas-afalesc-2024\/dscf8630\/'><img loading=\"lazy\" decoding=\"async\" width=\"1024\" height=\"683\" src=\"https:\/\/afalesc.com.br\/site\/wp-content\/uploads\/2024\/11\/DSCF8630-1024x683.jpg\" class=\"attachment-large size-large\" alt=\"\" srcset=\"https:\/\/afalesc.com.br\/site\/wp-content\/uploads\/2024\/11\/DSCF8630-1024x683.jpg 1024w, https:\/\/afalesc.com.br\/site\/wp-content\/uploads\/2024\/11\/DSCF8630-300x200.jpg 300w, https:\/\/afalesc.com.br\/site\/wp-content\/uploads\/2024\/11\/DSCF8630-768x512.jpg 768w, https:\/\/afalesc.com.br\/site\/wp-content\/uploads\/2024\/11\/DSCF8630-1536x1024.jpg 1536w, https:\/\/afalesc.com.br\/site\/wp-content\/uploads\/2024\/11\/DSCF8630-2048x1365.jpg 2048w, https:\/\/afalesc.com.br\/site\/wp-content\/uploads\/2024\/11\/DSCF8630-700x467.jpg 700w\" sizes=\"auto, (max-width: 1024px) 100vw, 1024px\" \/><\/a>\n\t\t\t<\/dt><\/dl><br style=\"clear: both\" \/><dl class='gallery-item'>\n\t\t\t<dt class='gallery-icon portrait'>\n\t\t\t\t<a href='https:\/\/afalesc.com.br\/site\/costelaco-e-dia-das-criancas-afalesc-2024\/dscf8632\/'><img loading=\"lazy\" decoding=\"async\" width=\"683\" height=\"1024\" src=\"https:\/\/afalesc.com.br\/site\/wp-content\/uploads\/2024\/11\/DSCF8632-683x1024.jpg\" class=\"attachment-large size-large\" alt=\"\" srcset=\"https:\/\/afalesc.com.br\/site\/wp-content\/uploads\/2024\/11\/DSCF8632-683x1024.jpg 683w, https:\/\/afalesc.com.br\/site\/wp-content\/uploads\/2024\/11\/DSCF8632-200x300.jpg 200w, https:\/\/afalesc.com.br\/site\/wp-content\/uploads\/2024\/11\/DSCF8632-768x1152.jpg 768w, https:\/\/afalesc.com.br\/site\/wp-content\/uploads\/2024\/11\/DSCF8632-1024x1536.jpg 1024w, https:\/\/afalesc.com.br\/site\/wp-content\/uploads\/2024\/11\/DSCF8632-1365x2048.jpg 1365w, https:\/\/afalesc.com.br\/site\/wp-content\/uploads\/2024\/11\/DSCF8632-700x1050.jpg 700w, https:\/\/afalesc.com.br\/site\/wp-content\/uploads\/2024\/11\/DSCF8632-scaled.jpg 1707w\" sizes=\"auto, (max-width: 683px) 100vw, 683px\" \/><\/a>\n\t\t\t<\/dt><\/dl><br style=\"clear: both\" \/><dl class='gallery-item'>\n\t\t\t<dt class='gallery-icon portrait'>\n\t\t\t\t<a href='https:\/\/afalesc.com.br\/site\/costelaco-e-dia-das-criancas-afalesc-2024\/dscf8637\/'><img loading=\"lazy\" decoding=\"async\" width=\"683\" height=\"1024\" src=\"https:\/\/afalesc.com.br\/site\/wp-content\/uploads\/2024\/11\/DSCF8637-683x1024.jpg\" class=\"attachment-large size-large\" alt=\"\" srcset=\"https:\/\/afalesc.com.br\/site\/wp-content\/uploads\/2024\/11\/DSCF8637-683x1024.jpg 683w, https:\/\/afalesc.com.br\/site\/wp-content\/uploads\/2024\/11\/DSCF8637-200x300.jpg 200w, https:\/\/afalesc.com.br\/site\/wp-content\/uploads\/2024\/11\/DSCF8637-768x1152.jpg 768w, https:\/\/afalesc.com.br\/site\/wp-content\/uploads\/2024\/11\/DSCF8637-1024x1536.jpg 1024w, https:\/\/afalesc.com.br\/site\/wp-content\/uploads\/2024\/11\/DSCF8637-1365x2048.jpg 1365w, https:\/\/afalesc.com.br\/site\/wp-content\/uploads\/2024\/11\/DSCF8637-700x1050.jpg 700w, https:\/\/afalesc.com.br\/site\/wp-content\/uploads\/2024\/11\/DSCF8637-scaled.jpg 1707w\" sizes=\"auto, (max-width: 683px) 100vw, 683px\" \/><\/a>\n\t\t\t<\/dt><\/dl><br style=\"clear: both\" \/><dl class='gallery-item'>\n\t\t\t<dt class='gallery-icon portrait'>\n\t\t\t\t<a href='https:\/\/afalesc.com.br\/site\/costelaco-e-dia-das-criancas-afalesc-2024\/dscf8639\/'><img loading=\"lazy\" decoding=\"async\" width=\"683\" height=\"1024\" src=\"https:\/\/afalesc.com.br\/site\/wp-content\/uploads\/2024\/11\/DSCF8639-683x1024.jpg\" class=\"attachment-large size-large\" alt=\"\" srcset=\"https:\/\/afalesc.com.br\/site\/wp-content\/uploads\/2024\/11\/DSCF8639-683x1024.jpg 683w, https:\/\/afalesc.com.br\/site\/wp-content\/uploads\/2024\/11\/DSCF8639-200x300.jpg 200w, https:\/\/afalesc.com.br\/site\/wp-content\/uploads\/2024\/11\/DSCF8639-768x1152.jpg 768w, https:\/\/afalesc.com.br\/site\/wp-content\/uploads\/2024\/11\/DSCF8639-1024x1536.jpg 1024w, https:\/\/afalesc.com.br\/site\/wp-content\/uploads\/2024\/11\/DSCF8639-1365x2048.jpg 1365w, https:\/\/afalesc.com.br\/site\/wp-content\/uploads\/2024\/11\/DSCF8639-700x1050.jpg 700w, https:\/\/afalesc.com.br\/site\/wp-content\/uploads\/2024\/11\/DSCF8639-scaled.jpg 1707w\" sizes=\"auto, (max-width: 683px) 100vw, 683px\" \/><\/a>\n\t\t\t<\/dt><\/dl><br style=\"clear: both\" \/><dl class='gallery-item'>\n\t\t\t<dt class='gallery-icon portrait'>\n\t\t\t\t<a href='https:\/\/afalesc.com.br\/site\/costelaco-e-dia-das-criancas-afalesc-2024\/dscf8643\/'><img loading=\"lazy\" decoding=\"async\" width=\"683\" height=\"1024\" src=\"https:\/\/afalesc.com.br\/site\/wp-content\/uploads\/2024\/11\/DSCF8643-683x1024.jpg\" class=\"attachment-large size-large\" alt=\"\" srcset=\"https:\/\/afalesc.com.br\/site\/wp-content\/uploads\/2024\/11\/DSCF8643-683x1024.jpg 683w, https:\/\/afalesc.com.br\/site\/wp-content\/uploads\/2024\/11\/DSCF8643-200x300.jpg 200w, https:\/\/afalesc.com.br\/site\/wp-content\/uploads\/2024\/11\/DSCF8643-768x1152.jpg 768w, https:\/\/afalesc.com.br\/site\/wp-content\/uploads\/2024\/11\/DSCF8643-1024x1536.jpg 1024w, https:\/\/afalesc.com.br\/site\/wp-content\/uploads\/2024\/11\/DSCF8643-1365x2048.jpg 1365w, https:\/\/afalesc.com.br\/site\/wp-content\/uploads\/2024\/11\/DSCF8643-700x1050.jpg 700w, https:\/\/afalesc.com.br\/site\/wp-content\/uploads\/2024\/11\/DSCF8643-scaled.jpg 1707w\" sizes=\"auto, (max-width: 683px) 100vw, 683px\" \/><\/a>\n\t\t\t<\/dt><\/dl><br style=\"clear: both\" \/><dl class='gallery-item'>\n\t\t\t<dt class='gallery-icon portrait'>\n\t\t\t\t<a href='https:\/\/afalesc.com.br\/site\/costelaco-e-dia-das-criancas-afalesc-2024\/dscf8645\/'><img loading=\"lazy\" decoding=\"async\" width=\"683\" height=\"1024\" src=\"https:\/\/afalesc.com.br\/site\/wp-content\/uploads\/2024\/11\/DSCF8645-683x1024.jpg\" class=\"attachment-large size-large\" alt=\"\" srcset=\"https:\/\/afalesc.com.br\/site\/wp-content\/uploads\/2024\/11\/DSCF8645-683x1024.jpg 683w, https:\/\/afalesc.com.br\/site\/wp-content\/uploads\/2024\/11\/DSCF8645-200x300.jpg 200w, https:\/\/afalesc.com.br\/site\/wp-content\/uploads\/2024\/11\/DSCF8645-768x1152.jpg 768w, https:\/\/afalesc.com.br\/site\/wp-content\/uploads\/2024\/11\/DSCF8645-1024x1536.jpg 1024w, https:\/\/afalesc.com.br\/site\/wp-content\/uploads\/2024\/11\/DSCF8645-1365x2048.jpg 1365w, https:\/\/afalesc.com.br\/site\/wp-content\/uploads\/2024\/11\/DSCF8645-700x1050.jpg 700w, https:\/\/afalesc.com.br\/site\/wp-content\/uploads\/2024\/11\/DSCF8645-scaled.jpg 1707w\" sizes=\"auto, (max-width: 683px) 100vw, 683px\" \/><\/a>\n\t\t\t<\/dt><\/dl><br style=\"clear: both\" \/><dl class='gallery-item'>\n\t\t\t<dt class='gallery-icon portrait'>\n\t\t\t\t<a href='https:\/\/afalesc.com.br\/site\/costelaco-e-dia-das-criancas-afalesc-2024\/dscf8651\/'><img loading=\"lazy\" decoding=\"async\" width=\"683\" height=\"1024\" src=\"https:\/\/afalesc.com.br\/site\/wp-content\/uploads\/2024\/11\/DSCF8651-683x1024.jpg\" class=\"attachment-large size-large\" alt=\"\" srcset=\"https:\/\/afalesc.com.br\/site\/wp-content\/uploads\/2024\/11\/DSCF8651-683x1024.jpg 683w, https:\/\/afalesc.com.br\/site\/wp-content\/uploads\/2024\/11\/DSCF8651-200x300.jpg 200w, https:\/\/afalesc.com.br\/site\/wp-content\/uploads\/2024\/11\/DSCF8651-768x1152.jpg 768w, https:\/\/afalesc.com.br\/site\/wp-content\/uploads\/2024\/11\/DSCF8651-1024x1536.jpg 1024w, https:\/\/afalesc.com.br\/site\/wp-content\/uploads\/2024\/11\/DSCF8651-1365x2048.jpg 1365w, https:\/\/afalesc.com.br\/site\/wp-content\/uploads\/2024\/11\/DSCF8651-700x1050.jpg 700w, https:\/\/afalesc.com.br\/site\/wp-content\/uploads\/2024\/11\/DSCF8651-scaled.jpg 1707w\" sizes=\"auto, (max-width: 683px) 100vw, 683px\" \/><\/a>\n\t\t\t<\/dt><\/dl><br style=\"clear: both\" \/><dl class='gallery-item'>\n\t\t\t<dt class='gallery-icon landscape'>\n\t\t\t\t<a href='https:\/\/afalesc.com.br\/site\/costelaco-e-dia-das-criancas-afalesc-2024\/dscf8654\/'><img loading=\"lazy\" decoding=\"async\" width=\"1024\" height=\"683\" src=\"https:\/\/afalesc.com.br\/site\/wp-content\/uploads\/2024\/11\/DSCF8654-1024x683.jpg\" class=\"attachment-large size-large\" alt=\"\" srcset=\"https:\/\/afalesc.com.br\/site\/wp-content\/uploads\/2024\/11\/DSCF8654-1024x683.jpg 1024w, https:\/\/afalesc.com.br\/site\/wp-content\/uploads\/2024\/11\/DSCF8654-300x200.jpg 300w, https:\/\/afalesc.com.br\/site\/wp-content\/uploads\/2024\/11\/DSCF8654-768x512.jpg 768w, https:\/\/afalesc.com.br\/site\/wp-content\/uploads\/2024\/11\/DSCF8654-1536x1024.jpg 1536w, https:\/\/afalesc.com.br\/site\/wp-content\/uploads\/2024\/11\/DSCF8654-2048x1365.jpg 2048w, https:\/\/afalesc.com.br\/site\/wp-content\/uploads\/2024\/11\/DSCF8654-700x467.jpg 700w\" sizes=\"auto, (max-width: 1024px) 100vw, 1024px\" \/><\/a>\n\t\t\t<\/dt><\/dl><br style=\"clear: both\" \/><dl class='gallery-item'>\n\t\t\t<dt class='gallery-icon landscape'>\n\t\t\t\t<a href='https:\/\/afalesc.com.br\/site\/costelaco-e-dia-das-criancas-afalesc-2024\/dscf8660\/'><img loading=\"lazy\" decoding=\"async\" width=\"1024\" height=\"683\" src=\"https:\/\/afalesc.com.br\/site\/wp-content\/uploads\/2024\/11\/DSCF8660-1024x683.jpg\" class=\"attachment-large size-large\" alt=\"\" srcset=\"https:\/\/afalesc.com.br\/site\/wp-content\/uploads\/2024\/11\/DSCF8660-1024x683.jpg 1024w, https:\/\/afalesc.com.br\/site\/wp-content\/uploads\/2024\/11\/DSCF8660-300x200.jpg 300w, https:\/\/afalesc.com.br\/site\/wp-content\/uploads\/2024\/11\/DSCF8660-768x512.jpg 768w, https:\/\/afalesc.com.br\/site\/wp-content\/uploads\/2024\/11\/DSCF8660-1536x1024.jpg 1536w, https:\/\/afalesc.com.br\/site\/wp-content\/uploads\/2024\/11\/DSCF8660-2048x1365.jpg 2048w, https:\/\/afalesc.com.br\/site\/wp-content\/uploads\/2024\/11\/DSCF8660-700x467.jpg 700w\" sizes=\"auto, (max-width: 1024px) 100vw, 1024px\" \/><\/a>\n\t\t\t<\/dt><\/dl><br style=\"clear: both\" \/><dl class='gallery-item'>\n\t\t\t<dt class='gallery-icon landscape'>\n\t\t\t\t<a href='https:\/\/afalesc.com.br\/site\/costelaco-e-dia-das-criancas-afalesc-2024\/dscf8666\/'><img loading=\"lazy\" decoding=\"async\" width=\"1024\" height=\"683\" src=\"https:\/\/afalesc.com.br\/site\/wp-content\/uploads\/2024\/11\/DSCF8666-1024x683.jpg\" class=\"attachment-large size-large\" alt=\"\" srcset=\"https:\/\/afalesc.com.br\/site\/wp-content\/uploads\/2024\/11\/DSCF8666-1024x683.jpg 1024w, https:\/\/afalesc.com.br\/site\/wp-content\/uploads\/2024\/11\/DSCF8666-300x200.jpg 300w, https:\/\/afalesc.com.br\/site\/wp-content\/uploads\/2024\/11\/DSCF8666-768x512.jpg 768w, https:\/\/afalesc.com.br\/site\/wp-content\/uploads\/2024\/11\/DSCF8666-1536x1024.jpg 1536w, https:\/\/afalesc.com.br\/site\/wp-content\/uploads\/2024\/11\/DSCF8666-2048x1365.jpg 2048w, https:\/\/afalesc.com.br\/site\/wp-content\/uploads\/2024\/11\/DSCF8666-700x467.jpg 700w\" sizes=\"auto, (max-width: 1024px) 100vw, 1024px\" \/><\/a>\n\t\t\t<\/dt><\/dl><br style=\"clear: both\" \/><dl class='gallery-item'>\n\t\t\t<dt class='gallery-icon landscape'>\n\t\t\t\t<a href='https:\/\/afalesc.com.br\/site\/costelaco-e-dia-das-criancas-afalesc-2024\/dscf8670\/'><img loading=\"lazy\" decoding=\"async\" width=\"1024\" height=\"683\" src=\"https:\/\/afalesc.com.br\/site\/wp-content\/uploads\/2024\/11\/DSCF8670-1024x683.jpg\" class=\"attachment-large size-large\" alt=\"\" srcset=\"https:\/\/afalesc.com.br\/site\/wp-content\/uploads\/2024\/11\/DSCF8670-1024x683.jpg 1024w, https:\/\/afalesc.com.br\/site\/wp-content\/uploads\/2024\/11\/DSCF8670-300x200.jpg 300w, https:\/\/afalesc.com.br\/site\/wp-content\/uploads\/2024\/11\/DSCF8670-768x512.jpg 768w, https:\/\/afalesc.com.br\/site\/wp-content\/uploads\/2024\/11\/DSCF8670-1536x1024.jpg 1536w, https:\/\/afalesc.com.br\/site\/wp-content\/uploads\/2024\/11\/DSCF8670-2048x1365.jpg 2048w, https:\/\/afalesc.com.br\/site\/wp-content\/uploads\/2024\/11\/DSCF8670-700x467.jpg 700w\" sizes=\"auto, (max-width: 1024px) 100vw, 1024px\" \/><\/a>\n\t\t\t<\/dt><\/dl><br style=\"clear: both\" \/><dl class='gallery-item'>\n\t\t\t<dt class='gallery-icon portrait'>\n\t\t\t\t<a href='https:\/\/afalesc.com.br\/site\/costelaco-e-dia-das-criancas-afalesc-2024\/dscf8673\/'><img loading=\"lazy\" decoding=\"async\" width=\"683\" height=\"1024\" src=\"https:\/\/afalesc.com.br\/site\/wp-content\/uploads\/2024\/11\/DSCF8673-683x1024.jpg\" class=\"attachment-large size-large\" alt=\"\" srcset=\"https:\/\/afalesc.com.br\/site\/wp-content\/uploads\/2024\/11\/DSCF8673-683x1024.jpg 683w, https:\/\/afalesc.com.br\/site\/wp-content\/uploads\/2024\/11\/DSCF8673-200x300.jpg 200w, https:\/\/afalesc.com.br\/site\/wp-content\/uploads\/2024\/11\/DSCF8673-768x1152.jpg 768w, https:\/\/afalesc.com.br\/site\/wp-content\/uploads\/2024\/11\/DSCF8673-1024x1536.jpg 1024w, https:\/\/afalesc.com.br\/site\/wp-content\/uploads\/2024\/11\/DSCF8673-1365x2048.jpg 1365w, https:\/\/afalesc.com.br\/site\/wp-content\/uploads\/2024\/11\/DSCF8673-700x1050.jpg 700w, https:\/\/afalesc.com.br\/site\/wp-content\/uploads\/2024\/11\/DSCF8673-scaled.jpg 1707w\" sizes=\"auto, (max-width: 683px) 100vw, 683px\" \/><\/a>\n\t\t\t<\/dt><\/dl><br style=\"clear: both\" \/><dl class='gallery-item'>\n\t\t\t<dt class='gallery-icon landscape'>\n\t\t\t\t<a href='https:\/\/afalesc.com.br\/site\/costelaco-e-dia-das-criancas-afalesc-2024\/dscf8677\/'><img loading=\"lazy\" decoding=\"async\" width=\"1024\" height=\"683\" src=\"https:\/\/afalesc.com.br\/site\/wp-content\/uploads\/2024\/11\/DSCF8677-1024x683.jpg\" class=\"attachment-large size-large\" alt=\"\" srcset=\"https:\/\/afalesc.com.br\/site\/wp-content\/uploads\/2024\/11\/DSCF8677-1024x683.jpg 1024w, https:\/\/afalesc.com.br\/site\/wp-content\/uploads\/2024\/11\/DSCF8677-300x200.jpg 300w, https:\/\/afalesc.com.br\/site\/wp-content\/uploads\/2024\/11\/DSCF8677-768x512.jpg 768w, https:\/\/afalesc.com.br\/site\/wp-content\/uploads\/2024\/11\/DSCF8677-1536x1024.jpg 1536w, https:\/\/afalesc.com.br\/site\/wp-content\/uploads\/2024\/11\/DSCF8677-2048x1365.jpg 2048w, https:\/\/afalesc.com.br\/site\/wp-content\/uploads\/2024\/11\/DSCF8677-700x467.jpg 700w\" sizes=\"auto, (max-width: 1024px) 100vw, 1024px\" \/><\/a>\n\t\t\t<\/dt><\/dl><br style=\"clear: both\" \/><dl class='gallery-item'>\n\t\t\t<dt class='gallery-icon landscape'>\n\t\t\t\t<a href='https:\/\/afalesc.com.br\/site\/costelaco-e-dia-das-criancas-afalesc-2024\/dscf8679\/'><img loading=\"lazy\" decoding=\"async\" width=\"1024\" height=\"683\" src=\"https:\/\/afalesc.com.br\/site\/wp-content\/uploads\/2024\/11\/DSCF8679-1024x683.jpg\" class=\"attachment-large size-large\" alt=\"\" srcset=\"https:\/\/afalesc.com.br\/site\/wp-content\/uploads\/2024\/11\/DSCF8679-1024x683.jpg 1024w, https:\/\/afalesc.com.br\/site\/wp-content\/uploads\/2024\/11\/DSCF8679-300x200.jpg 300w, https:\/\/afalesc.com.br\/site\/wp-content\/uploads\/2024\/11\/DSCF8679-768x512.jpg 768w, https:\/\/afalesc.com.br\/site\/wp-content\/uploads\/2024\/11\/DSCF8679-1536x1024.jpg 1536w, https:\/\/afalesc.com.br\/site\/wp-content\/uploads\/2024\/11\/DSCF8679-2048x1365.jpg 2048w, https:\/\/afalesc.com.br\/site\/wp-content\/uploads\/2024\/11\/DSCF8679-700x467.jpg 700w\" sizes=\"auto, (max-width: 1024px) 100vw, 1024px\" \/><\/a>\n\t\t\t<\/dt><\/dl><br style=\"clear: both\" \/><dl class='gallery-item'>\n\t\t\t<dt class='gallery-icon landscape'>\n\t\t\t\t<a href='https:\/\/afalesc.com.br\/site\/costelaco-e-dia-das-criancas-afalesc-2024\/dscf8684\/'><img loading=\"lazy\" decoding=\"async\" width=\"1024\" height=\"683\" src=\"https:\/\/afalesc.com.br\/site\/wp-content\/uploads\/2024\/11\/DSCF8684-1024x683.jpg\" class=\"attachment-large size-large\" alt=\"\" srcset=\"https:\/\/afalesc.com.br\/site\/wp-content\/uploads\/2024\/11\/DSCF8684-1024x683.jpg 1024w, https:\/\/afalesc.com.br\/site\/wp-content\/uploads\/2024\/11\/DSCF8684-300x200.jpg 300w, https:\/\/afalesc.com.br\/site\/wp-content\/uploads\/2024\/11\/DSCF8684-768x512.jpg 768w, https:\/\/afalesc.com.br\/site\/wp-content\/uploads\/2024\/11\/DSCF8684-1536x1024.jpg 1536w, https:\/\/afalesc.com.br\/site\/wp-content\/uploads\/2024\/11\/DSCF8684-2048x1365.jpg 2048w, https:\/\/afalesc.com.br\/site\/wp-content\/uploads\/2024\/11\/DSCF8684-700x467.jpg 700w\" sizes=\"auto, (max-width: 1024px) 100vw, 1024px\" \/><\/a>\n\t\t\t<\/dt><\/dl><br style=\"clear: both\" \/><dl class='gallery-item'>\n\t\t\t<dt class='gallery-icon portrait'>\n\t\t\t\t<a href='https:\/\/afalesc.com.br\/site\/costelaco-e-dia-das-criancas-afalesc-2024\/dscf8688\/'><img loading=\"lazy\" decoding=\"async\" width=\"683\" height=\"1024\" src=\"https:\/\/afalesc.com.br\/site\/wp-content\/uploads\/2024\/11\/DSCF8688-683x1024.jpg\" class=\"attachment-large size-large\" alt=\"\" srcset=\"https:\/\/afalesc.com.br\/site\/wp-content\/uploads\/2024\/11\/DSCF8688-683x1024.jpg 683w, https:\/\/afalesc.com.br\/site\/wp-content\/uploads\/2024\/11\/DSCF8688-200x300.jpg 200w, https:\/\/afalesc.com.br\/site\/wp-content\/uploads\/2024\/11\/DSCF8688-768x1152.jpg 768w, https:\/\/afalesc.com.br\/site\/wp-content\/uploads\/2024\/11\/DSCF8688-1024x1536.jpg 1024w, https:\/\/afalesc.com.br\/site\/wp-content\/uploads\/2024\/11\/DSCF8688-1365x2048.jpg 1365w, https:\/\/afalesc.com.br\/site\/wp-content\/uploads\/2024\/11\/DSCF8688-700x1050.jpg 700w, https:\/\/afalesc.com.br\/site\/wp-content\/uploads\/2024\/11\/DSCF8688-scaled.jpg 1707w\" sizes=\"auto, (max-width: 683px) 100vw, 683px\" \/><\/a>\n\t\t\t<\/dt><\/dl><br style=\"clear: both\" \/><dl class='gallery-item'>\n\t\t\t<dt class='gallery-icon landscape'>\n\t\t\t\t<a href='https:\/\/afalesc.com.br\/site\/costelaco-e-dia-das-criancas-afalesc-2024\/dscf8691\/'><img loading=\"lazy\" decoding=\"async\" width=\"1024\" height=\"683\" src=\"https:\/\/afalesc.com.br\/site\/wp-content\/uploads\/2024\/11\/DSCF8691-1024x683.jpg\" class=\"attachment-large size-large\" alt=\"\" srcset=\"https:\/\/afalesc.com.br\/site\/wp-content\/uploads\/2024\/11\/DSCF8691-1024x683.jpg 1024w, https:\/\/afalesc.com.br\/site\/wp-content\/uploads\/2024\/11\/DSCF8691-300x200.jpg 300w, https:\/\/afalesc.com.br\/site\/wp-content\/uploads\/2024\/11\/DSCF8691-768x512.jpg 768w, https:\/\/afalesc.com.br\/site\/wp-content\/uploads\/2024\/11\/DSCF8691-1536x1024.jpg 1536w, https:\/\/afalesc.com.br\/site\/wp-content\/uploads\/2024\/11\/DSCF8691-2048x1365.jpg 2048w, https:\/\/afalesc.com.br\/site\/wp-content\/uploads\/2024\/11\/DSCF8691-700x467.jpg 700w\" sizes=\"auto, (max-width: 1024px) 100vw, 1024px\" \/><\/a>\n\t\t\t<\/dt><\/dl><br style=\"clear: both\" \/><dl class='gallery-item'>\n\t\t\t<dt class='gallery-icon landscape'>\n\t\t\t\t<a href='https:\/\/afalesc.com.br\/site\/costelaco-e-dia-das-criancas-afalesc-2024\/dscf8698\/'><img loading=\"lazy\" decoding=\"async\" width=\"1024\" height=\"683\" src=\"https:\/\/afalesc.com.br\/site\/wp-content\/uploads\/2024\/11\/DSCF8698-1024x683.jpg\" class=\"attachment-large size-large\" alt=\"\" srcset=\"https:\/\/afalesc.com.br\/site\/wp-content\/uploads\/2024\/11\/DSCF8698-1024x683.jpg 1024w, https:\/\/afalesc.com.br\/site\/wp-content\/uploads\/2024\/11\/DSCF8698-300x200.jpg 300w, https:\/\/afalesc.com.br\/site\/wp-content\/uploads\/2024\/11\/DSCF8698-768x512.jpg 768w, https:\/\/afalesc.com.br\/site\/wp-content\/uploads\/2024\/11\/DSCF8698-1536x1024.jpg 1536w, https:\/\/afalesc.com.br\/site\/wp-content\/uploads\/2024\/11\/DSCF8698-2048x1365.jpg 2048w, https:\/\/afalesc.com.br\/site\/wp-content\/uploads\/2024\/11\/DSCF8698-700x467.jpg 700w\" sizes=\"auto, (max-width: 1024px) 100vw, 1024px\" \/><\/a>\n\t\t\t<\/dt><\/dl><br style=\"clear: both\" \/><dl class='gallery-item'>\n\t\t\t<dt class='gallery-icon landscape'>\n\t\t\t\t<a href='https:\/\/afalesc.com.br\/site\/costelaco-e-dia-das-criancas-afalesc-2024\/dscf8703\/'><img loading=\"lazy\" decoding=\"async\" width=\"1024\" height=\"683\" src=\"https:\/\/afalesc.com.br\/site\/wp-content\/uploads\/2024\/11\/DSCF8703-1024x683.jpg\" class=\"attachment-large size-large\" alt=\"\" srcset=\"https:\/\/afalesc.com.br\/site\/wp-content\/uploads\/2024\/11\/DSCF8703-1024x683.jpg 1024w, https:\/\/afalesc.com.br\/site\/wp-content\/uploads\/2024\/11\/DSCF8703-300x200.jpg 300w, https:\/\/afalesc.com.br\/site\/wp-content\/uploads\/2024\/11\/DSCF8703-768x512.jpg 768w, https:\/\/afalesc.com.br\/site\/wp-content\/uploads\/2024\/11\/DSCF8703-1536x1024.jpg 1536w, https:\/\/afalesc.com.br\/site\/wp-content\/uploads\/2024\/11\/DSCF8703-2048x1365.jpg 2048w, https:\/\/afalesc.com.br\/site\/wp-content\/uploads\/2024\/11\/DSCF8703-700x467.jpg 700w\" sizes=\"auto, (max-width: 1024px) 100vw, 1024px\" \/><\/a>\n\t\t\t<\/dt><\/dl><br style=\"clear: both\" \/><dl class='gallery-item'>\n\t\t\t<dt class='gallery-icon landscape'>\n\t\t\t\t<a href='https:\/\/afalesc.com.br\/site\/costelaco-e-dia-das-criancas-afalesc-2024\/dscf8705\/'><img loading=\"lazy\" decoding=\"async\" width=\"1024\" height=\"683\" src=\"https:\/\/afalesc.com.br\/site\/wp-content\/uploads\/2024\/11\/DSCF8705-1024x683.jpg\" class=\"attachment-large size-large\" alt=\"\" srcset=\"https:\/\/afalesc.com.br\/site\/wp-content\/uploads\/2024\/11\/DSCF8705-1024x683.jpg 1024w, https:\/\/afalesc.com.br\/site\/wp-content\/uploads\/2024\/11\/DSCF8705-300x200.jpg 300w, https:\/\/afalesc.com.br\/site\/wp-content\/uploads\/2024\/11\/DSCF8705-768x512.jpg 768w, https:\/\/afalesc.com.br\/site\/wp-content\/uploads\/2024\/11\/DSCF8705-1536x1024.jpg 1536w, https:\/\/afalesc.com.br\/site\/wp-content\/uploads\/2024\/11\/DSCF8705-2048x1365.jpg 2048w, https:\/\/afalesc.com.br\/site\/wp-content\/uploads\/2024\/11\/DSCF8705-700x467.jpg 700w\" sizes=\"auto, (max-width: 1024px) 100vw, 1024px\" \/><\/a>\n\t\t\t<\/dt><\/dl><br style=\"clear: both\" \/><dl class='gallery-item'>\n\t\t\t<dt class='gallery-icon landscape'>\n\t\t\t\t<a href='https:\/\/afalesc.com.br\/site\/costelaco-e-dia-das-criancas-afalesc-2024\/dscf8712\/'><img loading=\"lazy\" decoding=\"async\" width=\"1024\" height=\"683\" src=\"https:\/\/afalesc.com.br\/site\/wp-content\/uploads\/2024\/11\/DSCF8712-1024x683.jpg\" class=\"attachment-large size-large\" alt=\"\" srcset=\"https:\/\/afalesc.com.br\/site\/wp-content\/uploads\/2024\/11\/DSCF8712-1024x683.jpg 1024w, https:\/\/afalesc.com.br\/site\/wp-content\/uploads\/2024\/11\/DSCF8712-300x200.jpg 300w, https:\/\/afalesc.com.br\/site\/wp-content\/uploads\/2024\/11\/DSCF8712-768x512.jpg 768w, https:\/\/afalesc.com.br\/site\/wp-content\/uploads\/2024\/11\/DSCF8712-1536x1024.jpg 1536w, https:\/\/afalesc.com.br\/site\/wp-content\/uploads\/2024\/11\/DSCF8712-2048x1365.jpg 2048w, https:\/\/afalesc.com.br\/site\/wp-content\/uploads\/2024\/11\/DSCF8712-700x467.jpg 700w\" sizes=\"auto, (max-width: 1024px) 100vw, 1024px\" \/><\/a>\n\t\t\t<\/dt><\/dl><br style=\"clear: both\" \/><dl class='gallery-item'>\n\t\t\t<dt class='gallery-icon landscape'>\n\t\t\t\t<a href='https:\/\/afalesc.com.br\/site\/costelaco-e-dia-das-criancas-afalesc-2024\/dscf8713\/'><img loading=\"lazy\" decoding=\"async\" width=\"1024\" height=\"683\" src=\"https:\/\/afalesc.com.br\/site\/wp-content\/uploads\/2024\/11\/DSCF8713-1024x683.jpg\" class=\"attachment-large size-large\" alt=\"\" srcset=\"https:\/\/afalesc.com.br\/site\/wp-content\/uploads\/2024\/11\/DSCF8713-1024x683.jpg 1024w, https:\/\/afalesc.com.br\/site\/wp-content\/uploads\/2024\/11\/DSCF8713-300x200.jpg 300w, https:\/\/afalesc.com.br\/site\/wp-content\/uploads\/2024\/11\/DSCF8713-768x512.jpg 768w, https:\/\/afalesc.com.br\/site\/wp-content\/uploads\/2024\/11\/DSCF8713-1536x1024.jpg 1536w, https:\/\/afalesc.com.br\/site\/wp-content\/uploads\/2024\/11\/DSCF8713-2048x1365.jpg 2048w, https:\/\/afalesc.com.br\/site\/wp-content\/uploads\/2024\/11\/DSCF8713-700x467.jpg 700w\" sizes=\"auto, (max-width: 1024px) 100vw, 1024px\" \/><\/a>\n\t\t\t<\/dt><\/dl><br style=\"clear: both\" \/><dl class='gallery-item'>\n\t\t\t<dt class='gallery-icon landscape'>\n\t\t\t\t<a href='https:\/\/afalesc.com.br\/site\/costelaco-e-dia-das-criancas-afalesc-2024\/dscf8718\/'><img loading=\"lazy\" decoding=\"async\" width=\"1024\" height=\"683\" src=\"https:\/\/afalesc.com.br\/site\/wp-content\/uploads\/2024\/11\/DSCF8718-1024x683.jpg\" class=\"attachment-large size-large\" alt=\"\" srcset=\"https:\/\/afalesc.com.br\/site\/wp-content\/uploads\/2024\/11\/DSCF8718-1024x683.jpg 1024w, https:\/\/afalesc.com.br\/site\/wp-content\/uploads\/2024\/11\/DSCF8718-300x200.jpg 300w, https:\/\/afalesc.com.br\/site\/wp-content\/uploads\/2024\/11\/DSCF8718-768x512.jpg 768w, https:\/\/afalesc.com.br\/site\/wp-content\/uploads\/2024\/11\/DSCF8718-1536x1024.jpg 1536w, https:\/\/afalesc.com.br\/site\/wp-content\/uploads\/2024\/11\/DSCF8718-2048x1365.jpg 2048w, https:\/\/afalesc.com.br\/site\/wp-content\/uploads\/2024\/11\/DSCF8718-700x467.jpg 700w\" sizes=\"auto, (max-width: 1024px) 100vw, 1024px\" \/><\/a>\n\t\t\t<\/dt><\/dl><br style=\"clear: both\" \/><dl class='gallery-item'>\n\t\t\t<dt class='gallery-icon landscape'>\n\t\t\t\t<a href='https:\/\/afalesc.com.br\/site\/costelaco-e-dia-das-criancas-afalesc-2024\/dscf8721\/'><img loading=\"lazy\" decoding=\"async\" width=\"1024\" height=\"683\" src=\"https:\/\/afalesc.com.br\/site\/wp-content\/uploads\/2024\/11\/DSCF8721-1024x683.jpg\" class=\"attachment-large size-large\" alt=\"\" srcset=\"https:\/\/afalesc.com.br\/site\/wp-content\/uploads\/2024\/11\/DSCF8721-1024x683.jpg 1024w, https:\/\/afalesc.com.br\/site\/wp-content\/uploads\/2024\/11\/DSCF8721-300x200.jpg 300w, https:\/\/afalesc.com.br\/site\/wp-content\/uploads\/2024\/11\/DSCF8721-768x512.jpg 768w, https:\/\/afalesc.com.br\/site\/wp-content\/uploads\/2024\/11\/DSCF8721-1536x1024.jpg 1536w, https:\/\/afalesc.com.br\/site\/wp-content\/uploads\/2024\/11\/DSCF8721-2048x1365.jpg 2048w, https:\/\/afalesc.com.br\/site\/wp-content\/uploads\/2024\/11\/DSCF8721-700x467.jpg 700w\" sizes=\"auto, (max-width: 1024px) 100vw, 1024px\" \/><\/a>\n\t\t\t<\/dt><\/dl><br style=\"clear: both\" \/><dl class='gallery-item'>\n\t\t\t<dt class='gallery-icon portrait'>\n\t\t\t\t<a href='https:\/\/afalesc.com.br\/site\/costelaco-e-dia-das-criancas-afalesc-2024\/dscf8724\/'><img loading=\"lazy\" decoding=\"async\" width=\"683\" height=\"1024\" src=\"https:\/\/afalesc.com.br\/site\/wp-content\/uploads\/2024\/11\/DSCF8724-683x1024.jpg\" class=\"attachment-large size-large\" alt=\"\" srcset=\"https:\/\/afalesc.com.br\/site\/wp-content\/uploads\/2024\/11\/DSCF8724-683x1024.jpg 683w, https:\/\/afalesc.com.br\/site\/wp-content\/uploads\/2024\/11\/DSCF8724-200x300.jpg 200w, https:\/\/afalesc.com.br\/site\/wp-content\/uploads\/2024\/11\/DSCF8724-768x1152.jpg 768w, https:\/\/afalesc.com.br\/site\/wp-content\/uploads\/2024\/11\/DSCF8724-1024x1536.jpg 1024w, https:\/\/afalesc.com.br\/site\/wp-content\/uploads\/2024\/11\/DSCF8724-1365x2048.jpg 1365w, https:\/\/afalesc.com.br\/site\/wp-content\/uploads\/2024\/11\/DSCF8724-700x1050.jpg 700w, https:\/\/afalesc.com.br\/site\/wp-content\/uploads\/2024\/11\/DSCF8724-scaled.jpg 1707w\" sizes=\"auto, (max-width: 683px) 100vw, 683px\" \/><\/a>\n\t\t\t<\/dt><\/dl><br style=\"clear: both\" \/><dl class='gallery-item'>\n\t\t\t<dt class='gallery-icon portrait'>\n\t\t\t\t<a href='https:\/\/afalesc.com.br\/site\/costelaco-e-dia-das-criancas-afalesc-2024\/dscf8739\/'><img loading=\"lazy\" decoding=\"async\" width=\"683\" height=\"1024\" src=\"https:\/\/afalesc.com.br\/site\/wp-content\/uploads\/2024\/11\/DSCF8739-683x1024.jpg\" class=\"attachment-large size-large\" alt=\"\" srcset=\"https:\/\/afalesc.com.br\/site\/wp-content\/uploads\/2024\/11\/DSCF8739-683x1024.jpg 683w, https:\/\/afalesc.com.br\/site\/wp-content\/uploads\/2024\/11\/DSCF8739-200x300.jpg 200w, https:\/\/afalesc.com.br\/site\/wp-content\/uploads\/2024\/11\/DSCF8739-768x1152.jpg 768w, https:\/\/afalesc.com.br\/site\/wp-content\/uploads\/2024\/11\/DSCF8739-1024x1536.jpg 1024w, https:\/\/afalesc.com.br\/site\/wp-content\/uploads\/2024\/11\/DSCF8739-1365x2048.jpg 1365w, https:\/\/afalesc.com.br\/site\/wp-content\/uploads\/2024\/11\/DSCF8739-700x1050.jpg 700w, https:\/\/afalesc.com.br\/site\/wp-content\/uploads\/2024\/11\/DSCF8739-scaled.jpg 1707w\" sizes=\"auto, (max-width: 683px) 100vw, 683px\" \/><\/a>\n\t\t\t<\/dt><\/dl><br style=\"clear: both\" \/><dl class='gallery-item'>\n\t\t\t<dt class='gallery-icon portrait'>\n\t\t\t\t<a href='https:\/\/afalesc.com.br\/site\/costelaco-e-dia-das-criancas-afalesc-2024\/dscf8747\/'><img loading=\"lazy\" decoding=\"async\" width=\"683\" height=\"1024\" src=\"https:\/\/afalesc.com.br\/site\/wp-content\/uploads\/2024\/11\/DSCF8747-683x1024.jpg\" class=\"attachment-large size-large\" alt=\"\" srcset=\"https:\/\/afalesc.com.br\/site\/wp-content\/uploads\/2024\/11\/DSCF8747-683x1024.jpg 683w, https:\/\/afalesc.com.br\/site\/wp-content\/uploads\/2024\/11\/DSCF8747-200x300.jpg 200w, https:\/\/afalesc.com.br\/site\/wp-content\/uploads\/2024\/11\/DSCF8747-768x1152.jpg 768w, https:\/\/afalesc.com.br\/site\/wp-content\/uploads\/2024\/11\/DSCF8747-1024x1536.jpg 1024w, https:\/\/afalesc.com.br\/site\/wp-content\/uploads\/2024\/11\/DSCF8747-1365x2048.jpg 1365w, https:\/\/afalesc.com.br\/site\/wp-content\/uploads\/2024\/11\/DSCF8747-700x1050.jpg 700w, https:\/\/afalesc.com.br\/site\/wp-content\/uploads\/2024\/11\/DSCF8747-scaled.jpg 1707w\" sizes=\"auto, (max-width: 683px) 100vw, 683px\" \/><\/a>\n\t\t\t<\/dt><\/dl><br style=\"clear: both\" \/><dl class='gallery-item'>\n\t\t\t<dt class='gallery-icon portrait'>\n\t\t\t\t<a href='https:\/\/afalesc.com.br\/site\/costelaco-e-dia-das-criancas-afalesc-2024\/dscf8758\/'><img loading=\"lazy\" decoding=\"async\" width=\"683\" height=\"1024\" src=\"https:\/\/afalesc.com.br\/site\/wp-content\/uploads\/2024\/11\/DSCF8758-683x1024.jpg\" class=\"attachment-large size-large\" alt=\"\" srcset=\"https:\/\/afalesc.com.br\/site\/wp-content\/uploads\/2024\/11\/DSCF8758-683x1024.jpg 683w, https:\/\/afalesc.com.br\/site\/wp-content\/uploads\/2024\/11\/DSCF8758-200x300.jpg 200w, https:\/\/afalesc.com.br\/site\/wp-content\/uploads\/2024\/11\/DSCF8758-768x1152.jpg 768w, https:\/\/afalesc.com.br\/site\/wp-content\/uploads\/2024\/11\/DSCF8758-1024x1536.jpg 1024w, https:\/\/afalesc.com.br\/site\/wp-content\/uploads\/2024\/11\/DSCF8758-1365x2048.jpg 1365w, https:\/\/afalesc.com.br\/site\/wp-content\/uploads\/2024\/11\/DSCF8758-700x1050.jpg 700w, https:\/\/afalesc.com.br\/site\/wp-content\/uploads\/2024\/11\/DSCF8758-scaled.jpg 1707w\" sizes=\"auto, (max-width: 683px) 100vw, 683px\" \/><\/a>\n\t\t\t<\/dt><\/dl><br style=\"clear: both\" \/><dl class='gallery-item'>\n\t\t\t<dt class='gallery-icon portrait'>\n\t\t\t\t<a href='https:\/\/afalesc.com.br\/site\/costelaco-e-dia-das-criancas-afalesc-2024\/dscf8760\/'><img loading=\"lazy\" decoding=\"async\" width=\"683\" height=\"1024\" src=\"https:\/\/afalesc.com.br\/site\/wp-content\/uploads\/2024\/11\/DSCF8760-683x1024.jpg\" class=\"attachment-large size-large\" alt=\"\" srcset=\"https:\/\/afalesc.com.br\/site\/wp-content\/uploads\/2024\/11\/DSCF8760-683x1024.jpg 683w, https:\/\/afalesc.com.br\/site\/wp-content\/uploads\/2024\/11\/DSCF8760-200x300.jpg 200w, https:\/\/afalesc.com.br\/site\/wp-content\/uploads\/2024\/11\/DSCF8760-768x1152.jpg 768w, https:\/\/afalesc.com.br\/site\/wp-content\/uploads\/2024\/11\/DSCF8760-1024x1536.jpg 1024w, https:\/\/afalesc.com.br\/site\/wp-content\/uploads\/2024\/11\/DSCF8760-1365x2048.jpg 1365w, https:\/\/afalesc.com.br\/site\/wp-content\/uploads\/2024\/11\/DSCF8760-700x1050.jpg 700w, https:\/\/afalesc.com.br\/site\/wp-content\/uploads\/2024\/11\/DSCF8760-scaled.jpg 1707w\" sizes=\"auto, (max-width: 683px) 100vw, 683px\" \/><\/a>\n\t\t\t<\/dt><\/dl><br style=\"clear: both\" \/><dl class='gallery-item'>\n\t\t\t<dt class='gallery-icon landscape'>\n\t\t\t\t<a href='https:\/\/afalesc.com.br\/site\/costelaco-e-dia-das-criancas-afalesc-2024\/dscf8764\/'><img loading=\"lazy\" decoding=\"async\" width=\"1024\" height=\"683\" src=\"https:\/\/afalesc.com.br\/site\/wp-content\/uploads\/2024\/11\/DSCF8764-1024x683.jpg\" class=\"attachment-large size-large\" alt=\"\" srcset=\"https:\/\/afalesc.com.br\/site\/wp-content\/uploads\/2024\/11\/DSCF8764-1024x683.jpg 1024w, https:\/\/afalesc.com.br\/site\/wp-content\/uploads\/2024\/11\/DSCF8764-300x200.jpg 300w, https:\/\/afalesc.com.br\/site\/wp-content\/uploads\/2024\/11\/DSCF8764-768x512.jpg 768w, https:\/\/afalesc.com.br\/site\/wp-content\/uploads\/2024\/11\/DSCF8764-1536x1024.jpg 1536w, https:\/\/afalesc.com.br\/site\/wp-content\/uploads\/2024\/11\/DSCF8764-2048x1365.jpg 2048w, https:\/\/afalesc.com.br\/site\/wp-content\/uploads\/2024\/11\/DSCF8764-700x467.jpg 700w\" sizes=\"auto, (max-width: 1024px) 100vw, 1024px\" \/><\/a>\n\t\t\t<\/dt><\/dl><br style=\"clear: both\" \/><dl class='gallery-item'>\n\t\t\t<dt class='gallery-icon landscape'>\n\t\t\t\t<a href='https:\/\/afalesc.com.br\/site\/costelaco-e-dia-das-criancas-afalesc-2024\/dscf8767\/'><img loading=\"lazy\" decoding=\"async\" width=\"1024\" height=\"683\" src=\"https:\/\/afalesc.com.br\/site\/wp-content\/uploads\/2024\/11\/DSCF8767-1024x683.jpg\" class=\"attachment-large size-large\" alt=\"\" srcset=\"https:\/\/afalesc.com.br\/site\/wp-content\/uploads\/2024\/11\/DSCF8767-1024x683.jpg 1024w, https:\/\/afalesc.com.br\/site\/wp-content\/uploads\/2024\/11\/DSCF8767-300x200.jpg 300w, https:\/\/afalesc.com.br\/site\/wp-content\/uploads\/2024\/11\/DSCF8767-768x512.jpg 768w, https:\/\/afalesc.com.br\/site\/wp-content\/uploads\/2024\/11\/DSCF8767-1536x1024.jpg 1536w, https:\/\/afalesc.com.br\/site\/wp-content\/uploads\/2024\/11\/DSCF8767-2048x1365.jpg 2048w, https:\/\/afalesc.com.br\/site\/wp-content\/uploads\/2024\/11\/DSCF8767-700x467.jpg 700w\" sizes=\"auto, (max-width: 1024px) 100vw, 1024px\" \/><\/a>\n\t\t\t<\/dt><\/dl><br style=\"clear: both\" \/><dl class='gallery-item'>\n\t\t\t<dt class='gallery-icon landscape'>\n\t\t\t\t<a href='https:\/\/afalesc.com.br\/site\/costelaco-e-dia-das-criancas-afalesc-2024\/dscf8768\/'><img loading=\"lazy\" decoding=\"async\" width=\"1024\" height=\"683\" src=\"https:\/\/afalesc.com.br\/site\/wp-content\/uploads\/2024\/11\/DSCF8768-1024x683.jpg\" class=\"attachment-large size-large\" alt=\"\" srcset=\"https:\/\/afalesc.com.br\/site\/wp-content\/uploads\/2024\/11\/DSCF8768-1024x683.jpg 1024w, https:\/\/afalesc.com.br\/site\/wp-content\/uploads\/2024\/11\/DSCF8768-300x200.jpg 300w, https:\/\/afalesc.com.br\/site\/wp-content\/uploads\/2024\/11\/DSCF8768-768x512.jpg 768w, https:\/\/afalesc.com.br\/site\/wp-content\/uploads\/2024\/11\/DSCF8768-1536x1024.jpg 1536w, https:\/\/afalesc.com.br\/site\/wp-content\/uploads\/2024\/11\/DSCF8768-2048x1365.jpg 2048w, https:\/\/afalesc.com.br\/site\/wp-content\/uploads\/2024\/11\/DSCF8768-700x467.jpg 700w\" sizes=\"auto, (max-width: 1024px) 100vw, 1024px\" \/><\/a>\n\t\t\t<\/dt><\/dl><br style=\"clear: both\" \/><dl class='gallery-item'>\n\t\t\t<dt class='gallery-icon landscape'>\n\t\t\t\t<a href='https:\/\/afalesc.com.br\/site\/costelaco-e-dia-das-criancas-afalesc-2024\/dscf8770\/'><img loading=\"lazy\" decoding=\"async\" width=\"1024\" height=\"683\" src=\"https:\/\/afalesc.com.br\/site\/wp-content\/uploads\/2024\/11\/DSCF8770-1024x683.jpg\" class=\"attachment-large size-large\" alt=\"\" srcset=\"https:\/\/afalesc.com.br\/site\/wp-content\/uploads\/2024\/11\/DSCF8770-1024x683.jpg 1024w, https:\/\/afalesc.com.br\/site\/wp-content\/uploads\/2024\/11\/DSCF8770-300x200.jpg 300w, https:\/\/afalesc.com.br\/site\/wp-content\/uploads\/2024\/11\/DSCF8770-768x512.jpg 768w, https:\/\/afalesc.com.br\/site\/wp-content\/uploads\/2024\/11\/DSCF8770-1536x1024.jpg 1536w, https:\/\/afalesc.com.br\/site\/wp-content\/uploads\/2024\/11\/DSCF8770-2048x1365.jpg 2048w, https:\/\/afalesc.com.br\/site\/wp-content\/uploads\/2024\/11\/DSCF8770-700x467.jpg 700w\" sizes=\"auto, (max-width: 1024px) 100vw, 1024px\" \/><\/a>\n\t\t\t<\/dt><\/dl><br style=\"clear: both\" \/><dl class='gallery-item'>\n\t\t\t<dt class='gallery-icon landscape'>\n\t\t\t\t<a href='https:\/\/afalesc.com.br\/site\/costelaco-e-dia-das-criancas-afalesc-2024\/dscf8777\/'><img loading=\"lazy\" decoding=\"async\" width=\"1024\" height=\"683\" src=\"https:\/\/afalesc.com.br\/site\/wp-content\/uploads\/2024\/11\/DSCF8777-1024x683.jpg\" class=\"attachment-large size-large\" alt=\"\" srcset=\"https:\/\/afalesc.com.br\/site\/wp-content\/uploads\/2024\/11\/DSCF8777-1024x683.jpg 1024w, https:\/\/afalesc.com.br\/site\/wp-content\/uploads\/2024\/11\/DSCF8777-300x200.jpg 300w, https:\/\/afalesc.com.br\/site\/wp-content\/uploads\/2024\/11\/DSCF8777-768x512.jpg 768w, https:\/\/afalesc.com.br\/site\/wp-content\/uploads\/2024\/11\/DSCF8777-1536x1024.jpg 1536w, https:\/\/afalesc.com.br\/site\/wp-content\/uploads\/2024\/11\/DSCF8777-2048x1365.jpg 2048w, https:\/\/afalesc.com.br\/site\/wp-content\/uploads\/2024\/11\/DSCF8777-700x467.jpg 700w\" sizes=\"auto, (max-width: 1024px) 100vw, 1024px\" \/><\/a>\n\t\t\t<\/dt><\/dl><br style=\"clear: both\" \/><dl class='gallery-item'>\n\t\t\t<dt class='gallery-icon landscape'>\n\t\t\t\t<a href='https:\/\/afalesc.com.br\/site\/costelaco-e-dia-das-criancas-afalesc-2024\/dscf8779\/'><img loading=\"lazy\" decoding=\"async\" width=\"1024\" height=\"683\" src=\"https:\/\/afalesc.com.br\/site\/wp-content\/uploads\/2024\/11\/DSCF8779-1024x683.jpg\" class=\"attachment-large size-large\" alt=\"\" srcset=\"https:\/\/afalesc.com.br\/site\/wp-content\/uploads\/2024\/11\/DSCF8779-1024x683.jpg 1024w, https:\/\/afalesc.com.br\/site\/wp-content\/uploads\/2024\/11\/DSCF8779-300x200.jpg 300w, https:\/\/afalesc.com.br\/site\/wp-content\/uploads\/2024\/11\/DSCF8779-768x512.jpg 768w, https:\/\/afalesc.com.br\/site\/wp-content\/uploads\/2024\/11\/DSCF8779-1536x1024.jpg 1536w, https:\/\/afalesc.com.br\/site\/wp-content\/uploads\/2024\/11\/DSCF8779-2048x1365.jpg 2048w, https:\/\/afalesc.com.br\/site\/wp-content\/uploads\/2024\/11\/DSCF8779-700x467.jpg 700w\" sizes=\"auto, (max-width: 1024px) 100vw, 1024px\" \/><\/a>\n\t\t\t<\/dt><\/dl><br style=\"clear: both\" \/><dl class='gallery-item'>\n\t\t\t<dt class='gallery-icon landscape'>\n\t\t\t\t<a href='https:\/\/afalesc.com.br\/site\/costelaco-e-dia-das-criancas-afalesc-2024\/dscf8795\/'><img loading=\"lazy\" decoding=\"async\" width=\"1024\" height=\"683\" src=\"https:\/\/afalesc.com.br\/site\/wp-content\/uploads\/2024\/11\/DSCF8795-1024x683.jpg\" class=\"attachment-large size-large\" alt=\"\" srcset=\"https:\/\/afalesc.com.br\/site\/wp-content\/uploads\/2024\/11\/DSCF8795-1024x683.jpg 1024w, https:\/\/afalesc.com.br\/site\/wp-content\/uploads\/2024\/11\/DSCF8795-300x200.jpg 300w, https:\/\/afalesc.com.br\/site\/wp-content\/uploads\/2024\/11\/DSCF8795-768x512.jpg 768w, https:\/\/afalesc.com.br\/site\/wp-content\/uploads\/2024\/11\/DSCF8795-1536x1024.jpg 1536w, https:\/\/afalesc.com.br\/site\/wp-content\/uploads\/2024\/11\/DSCF8795-2048x1365.jpg 2048w, https:\/\/afalesc.com.br\/site\/wp-content\/uploads\/2024\/11\/DSCF8795-700x467.jpg 700w\" sizes=\"auto, (max-width: 1024px) 100vw, 1024px\" \/><\/a>\n\t\t\t<\/dt><\/dl><br style=\"clear: both\" \/><dl class='gallery-item'>\n\t\t\t<dt class='gallery-icon landscape'>\n\t\t\t\t<a href='https:\/\/afalesc.com.br\/site\/costelaco-e-dia-das-criancas-afalesc-2024\/dscf8801\/'><img loading=\"lazy\" decoding=\"async\" width=\"1024\" height=\"683\" src=\"https:\/\/afalesc.com.br\/site\/wp-content\/uploads\/2024\/11\/DSCF8801-1024x683.jpg\" class=\"attachment-large size-large\" alt=\"\" srcset=\"https:\/\/afalesc.com.br\/site\/wp-content\/uploads\/2024\/11\/DSCF8801-1024x683.jpg 1024w, https:\/\/afalesc.com.br\/site\/wp-content\/uploads\/2024\/11\/DSCF8801-300x200.jpg 300w, https:\/\/afalesc.com.br\/site\/wp-content\/uploads\/2024\/11\/DSCF8801-768x512.jpg 768w, https:\/\/afalesc.com.br\/site\/wp-content\/uploads\/2024\/11\/DSCF8801-1536x1024.jpg 1536w, https:\/\/afalesc.com.br\/site\/wp-content\/uploads\/2024\/11\/DSCF8801-2048x1365.jpg 2048w, https:\/\/afalesc.com.br\/site\/wp-content\/uploads\/2024\/11\/DSCF8801-700x467.jpg 700w\" sizes=\"auto, (max-width: 1024px) 100vw, 1024px\" \/><\/a>\n\t\t\t<\/dt><\/dl><br style=\"clear: both\" \/><dl class='gallery-item'>\n\t\t\t<dt class='gallery-icon portrait'>\n\t\t\t\t<a href='https:\/\/afalesc.com.br\/site\/costelaco-e-dia-das-criancas-afalesc-2024\/dscf8808\/'><img loading=\"lazy\" decoding=\"async\" width=\"683\" height=\"1024\" src=\"https:\/\/afalesc.com.br\/site\/wp-content\/uploads\/2024\/11\/DSCF8808-683x1024.jpg\" class=\"attachment-large size-large\" alt=\"\" srcset=\"https:\/\/afalesc.com.br\/site\/wp-content\/uploads\/2024\/11\/DSCF8808-683x1024.jpg 683w, https:\/\/afalesc.com.br\/site\/wp-content\/uploads\/2024\/11\/DSCF8808-200x300.jpg 200w, https:\/\/afalesc.com.br\/site\/wp-content\/uploads\/2024\/11\/DSCF8808-768x1152.jpg 768w, https:\/\/afalesc.com.br\/site\/wp-content\/uploads\/2024\/11\/DSCF8808-1024x1536.jpg 1024w, https:\/\/afalesc.com.br\/site\/wp-content\/uploads\/2024\/11\/DSCF8808-1365x2048.jpg 1365w, https:\/\/afalesc.com.br\/site\/wp-content\/uploads\/2024\/11\/DSCF8808-700x1050.jpg 700w, https:\/\/afalesc.com.br\/site\/wp-content\/uploads\/2024\/11\/DSCF8808-scaled.jpg 1707w\" sizes=\"auto, (max-width: 683px) 100vw, 683px\" \/><\/a>\n\t\t\t<\/dt><\/dl><br style=\"clear: both\" \/><dl class='gallery-item'>\n\t\t\t<dt class='gallery-icon portrait'>\n\t\t\t\t<a href='https:\/\/afalesc.com.br\/site\/costelaco-e-dia-das-criancas-afalesc-2024\/dscf8812\/'><img loading=\"lazy\" decoding=\"async\" width=\"683\" height=\"1024\" src=\"https:\/\/afalesc.com.br\/site\/wp-content\/uploads\/2024\/11\/DSCF8812-683x1024.jpg\" class=\"attachment-large size-large\" alt=\"\" srcset=\"https:\/\/afalesc.com.br\/site\/wp-content\/uploads\/2024\/11\/DSCF8812-683x1024.jpg 683w, https:\/\/afalesc.com.br\/site\/wp-content\/uploads\/2024\/11\/DSCF8812-200x300.jpg 200w, https:\/\/afalesc.com.br\/site\/wp-content\/uploads\/2024\/11\/DSCF8812-768x1152.jpg 768w, https:\/\/afalesc.com.br\/site\/wp-content\/uploads\/2024\/11\/DSCF8812-1024x1536.jpg 1024w, https:\/\/afalesc.com.br\/site\/wp-content\/uploads\/2024\/11\/DSCF8812-1365x2048.jpg 1365w, https:\/\/afalesc.com.br\/site\/wp-content\/uploads\/2024\/11\/DSCF8812-700x1050.jpg 700w, https:\/\/afalesc.com.br\/site\/wp-content\/uploads\/2024\/11\/DSCF8812-scaled.jpg 1707w\" sizes=\"auto, (max-width: 683px) 100vw, 683px\" \/><\/a>\n\t\t\t<\/dt><\/dl><br style=\"clear: both\" \/><dl class='gallery-item'>\n\t\t\t<dt class='gallery-icon landscape'>\n\t\t\t\t<a href='https:\/\/afalesc.com.br\/site\/costelaco-e-dia-das-criancas-afalesc-2024\/dscf8817\/'><img loading=\"lazy\" decoding=\"async\" width=\"1024\" height=\"683\" src=\"https:\/\/afalesc.com.br\/site\/wp-content\/uploads\/2024\/11\/DSCF8817-1024x683.jpg\" class=\"attachment-large size-large\" alt=\"\" srcset=\"https:\/\/afalesc.com.br\/site\/wp-content\/uploads\/2024\/11\/DSCF8817-1024x683.jpg 1024w, https:\/\/afalesc.com.br\/site\/wp-content\/uploads\/2024\/11\/DSCF8817-300x200.jpg 300w, https:\/\/afalesc.com.br\/site\/wp-content\/uploads\/2024\/11\/DSCF8817-768x512.jpg 768w, https:\/\/afalesc.com.br\/site\/wp-content\/uploads\/2024\/11\/DSCF8817-1536x1024.jpg 1536w, https:\/\/afalesc.com.br\/site\/wp-content\/uploads\/2024\/11\/DSCF8817-2048x1365.jpg 2048w, https:\/\/afalesc.com.br\/site\/wp-content\/uploads\/2024\/11\/DSCF8817-700x467.jpg 700w\" sizes=\"auto, (max-width: 1024px) 100vw, 1024px\" \/><\/a>\n\t\t\t<\/dt><\/dl><br style=\"clear: both\" \/><dl class='gallery-item'>\n\t\t\t<dt class='gallery-icon portrait'>\n\t\t\t\t<a href='https:\/\/afalesc.com.br\/site\/costelaco-e-dia-das-criancas-afalesc-2024\/dscf8820\/'><img loading=\"lazy\" decoding=\"async\" width=\"683\" height=\"1024\" src=\"https:\/\/afalesc.com.br\/site\/wp-content\/uploads\/2024\/11\/DSCF8820-683x1024.jpg\" class=\"attachment-large size-large\" alt=\"\" srcset=\"https:\/\/afalesc.com.br\/site\/wp-content\/uploads\/2024\/11\/DSCF8820-683x1024.jpg 683w, https:\/\/afalesc.com.br\/site\/wp-content\/uploads\/2024\/11\/DSCF8820-200x300.jpg 200w, https:\/\/afalesc.com.br\/site\/wp-content\/uploads\/2024\/11\/DSCF8820-768x1152.jpg 768w, https:\/\/afalesc.com.br\/site\/wp-content\/uploads\/2024\/11\/DSCF8820-1024x1536.jpg 1024w, https:\/\/afalesc.com.br\/site\/wp-content\/uploads\/2024\/11\/DSCF8820-1365x2048.jpg 1365w, https:\/\/afalesc.com.br\/site\/wp-content\/uploads\/2024\/11\/DSCF8820-700x1050.jpg 700w, https:\/\/afalesc.com.br\/site\/wp-content\/uploads\/2024\/11\/DSCF8820-scaled.jpg 1707w\" sizes=\"auto, (max-width: 683px) 100vw, 683px\" \/><\/a>\n\t\t\t<\/dt><\/dl><br style=\"clear: both\" \/><dl class='gallery-item'>\n\t\t\t<dt class='gallery-icon portrait'>\n\t\t\t\t<a href='https:\/\/afalesc.com.br\/site\/costelaco-e-dia-das-criancas-afalesc-2024\/dscf8825\/'><img loading=\"lazy\" decoding=\"async\" width=\"683\" height=\"1024\" src=\"https:\/\/afalesc.com.br\/site\/wp-content\/uploads\/2024\/11\/DSCF8825-683x1024.jpg\" class=\"attachment-large size-large\" alt=\"\" srcset=\"https:\/\/afalesc.com.br\/site\/wp-content\/uploads\/2024\/11\/DSCF8825-683x1024.jpg 683w, https:\/\/afalesc.com.br\/site\/wp-content\/uploads\/2024\/11\/DSCF8825-200x300.jpg 200w, https:\/\/afalesc.com.br\/site\/wp-content\/uploads\/2024\/11\/DSCF8825-768x1152.jpg 768w, https:\/\/afalesc.com.br\/site\/wp-content\/uploads\/2024\/11\/DSCF8825-1024x1536.jpg 1024w, https:\/\/afalesc.com.br\/site\/wp-content\/uploads\/2024\/11\/DSCF8825-1365x2048.jpg 1365w, https:\/\/afalesc.com.br\/site\/wp-content\/uploads\/2024\/11\/DSCF8825-700x1050.jpg 700w, https:\/\/afalesc.com.br\/site\/wp-content\/uploads\/2024\/11\/DSCF8825-scaled.jpg 1707w\" sizes=\"auto, (max-width: 683px) 100vw, 683px\" \/><\/a>\n\t\t\t<\/dt><\/dl><br style=\"clear: both\" \/><dl class='gallery-item'>\n\t\t\t<dt class='gallery-icon landscape'>\n\t\t\t\t<a href='https:\/\/afalesc.com.br\/site\/costelaco-e-dia-das-criancas-afalesc-2024\/dscf8828\/'><img loading=\"lazy\" decoding=\"async\" width=\"1024\" height=\"683\" src=\"https:\/\/afalesc.com.br\/site\/wp-content\/uploads\/2024\/11\/DSCF8828-1024x683.jpg\" class=\"attachment-large size-large\" alt=\"\" srcset=\"https:\/\/afalesc.com.br\/site\/wp-content\/uploads\/2024\/11\/DSCF8828-1024x683.jpg 1024w, https:\/\/afalesc.com.br\/site\/wp-content\/uploads\/2024\/11\/DSCF8828-300x200.jpg 300w, https:\/\/afalesc.com.br\/site\/wp-content\/uploads\/2024\/11\/DSCF8828-768x512.jpg 768w, https:\/\/afalesc.com.br\/site\/wp-content\/uploads\/2024\/11\/DSCF8828-1536x1024.jpg 1536w, https:\/\/afalesc.com.br\/site\/wp-content\/uploads\/2024\/11\/DSCF8828-2048x1365.jpg 2048w, https:\/\/afalesc.com.br\/site\/wp-content\/uploads\/2024\/11\/DSCF8828-700x467.jpg 700w\" sizes=\"auto, (max-width: 1024px) 100vw, 1024px\" \/><\/a>\n\t\t\t<\/dt><\/dl><br style=\"clear: both\" \/><dl class='gallery-item'>\n\t\t\t<dt class='gallery-icon landscape'>\n\t\t\t\t<a href='https:\/\/afalesc.com.br\/site\/costelaco-e-dia-das-criancas-afalesc-2024\/dscf8843\/'><img loading=\"lazy\" decoding=\"async\" width=\"1024\" height=\"683\" src=\"https:\/\/afalesc.com.br\/site\/wp-content\/uploads\/2024\/11\/DSCF8843-1024x683.jpg\" class=\"attachment-large size-large\" alt=\"\" srcset=\"https:\/\/afalesc.com.br\/site\/wp-content\/uploads\/2024\/11\/DSCF8843-1024x683.jpg 1024w, https:\/\/afalesc.com.br\/site\/wp-content\/uploads\/2024\/11\/DSCF8843-300x200.jpg 300w, https:\/\/afalesc.com.br\/site\/wp-content\/uploads\/2024\/11\/DSCF8843-768x512.jpg 768w, https:\/\/afalesc.com.br\/site\/wp-content\/uploads\/2024\/11\/DSCF8843-1536x1024.jpg 1536w, https:\/\/afalesc.com.br\/site\/wp-content\/uploads\/2024\/11\/DSCF8843-2048x1365.jpg 2048w, https:\/\/afalesc.com.br\/site\/wp-content\/uploads\/2024\/11\/DSCF8843-700x467.jpg 700w\" sizes=\"auto, (max-width: 1024px) 100vw, 1024px\" \/><\/a>\n\t\t\t<\/dt><\/dl><br style=\"clear: both\" \/><dl class='gallery-item'>\n\t\t\t<dt class='gallery-icon portrait'>\n\t\t\t\t<a href='https:\/\/afalesc.com.br\/site\/costelaco-e-dia-das-criancas-afalesc-2024\/dscf8845\/'><img loading=\"lazy\" decoding=\"async\" width=\"683\" height=\"1024\" src=\"https:\/\/afalesc.com.br\/site\/wp-content\/uploads\/2024\/11\/DSCF8845-683x1024.jpg\" class=\"attachment-large size-large\" alt=\"\" srcset=\"https:\/\/afalesc.com.br\/site\/wp-content\/uploads\/2024\/11\/DSCF8845-683x1024.jpg 683w, https:\/\/afalesc.com.br\/site\/wp-content\/uploads\/2024\/11\/DSCF8845-200x300.jpg 200w, https:\/\/afalesc.com.br\/site\/wp-content\/uploads\/2024\/11\/DSCF8845-768x1152.jpg 768w, https:\/\/afalesc.com.br\/site\/wp-content\/uploads\/2024\/11\/DSCF8845-1024x1536.jpg 1024w, https:\/\/afalesc.com.br\/site\/wp-content\/uploads\/2024\/11\/DSCF8845-1365x2048.jpg 1365w, https:\/\/afalesc.com.br\/site\/wp-content\/uploads\/2024\/11\/DSCF8845-700x1050.jpg 700w, https:\/\/afalesc.com.br\/site\/wp-content\/uploads\/2024\/11\/DSCF8845-scaled.jpg 1707w\" sizes=\"auto, (max-width: 683px) 100vw, 683px\" \/><\/a>\n\t\t\t<\/dt><\/dl><br style=\"clear: both\" \/><dl class='gallery-item'>\n\t\t\t<dt class='gallery-icon portrait'>\n\t\t\t\t<a href='https:\/\/afalesc.com.br\/site\/costelaco-e-dia-das-criancas-afalesc-2024\/dscf8850\/'><img loading=\"lazy\" decoding=\"async\" width=\"683\" height=\"1024\" src=\"https:\/\/afalesc.com.br\/site\/wp-content\/uploads\/2024\/11\/DSCF8850-683x1024.jpg\" class=\"attachment-large size-large\" alt=\"\" srcset=\"https:\/\/afalesc.com.br\/site\/wp-content\/uploads\/2024\/11\/DSCF8850-683x1024.jpg 683w, https:\/\/afalesc.com.br\/site\/wp-content\/uploads\/2024\/11\/DSCF8850-200x300.jpg 200w, https:\/\/afalesc.com.br\/site\/wp-content\/uploads\/2024\/11\/DSCF8850-768x1152.jpg 768w, https:\/\/afalesc.com.br\/site\/wp-content\/uploads\/2024\/11\/DSCF8850-1024x1536.jpg 1024w, https:\/\/afalesc.com.br\/site\/wp-content\/uploads\/2024\/11\/DSCF8850-1365x2048.jpg 1365w, https:\/\/afalesc.com.br\/site\/wp-content\/uploads\/2024\/11\/DSCF8850-700x1050.jpg 700w, https:\/\/afalesc.com.br\/site\/wp-content\/uploads\/2024\/11\/DSCF8850-scaled.jpg 1707w\" sizes=\"auto, (max-width: 683px) 100vw, 683px\" \/><\/a>\n\t\t\t<\/dt><\/dl><br style=\"clear: both\" \/><dl class='gallery-item'>\n\t\t\t<dt class='gallery-icon portrait'>\n\t\t\t\t<a href='https:\/\/afalesc.com.br\/site\/costelaco-e-dia-das-criancas-afalesc-2024\/dscf8855\/'><img loading=\"lazy\" decoding=\"async\" width=\"683\" height=\"1024\" src=\"https:\/\/afalesc.com.br\/site\/wp-content\/uploads\/2024\/11\/DSCF8855-683x1024.jpg\" class=\"attachment-large size-large\" alt=\"\" srcset=\"https:\/\/afalesc.com.br\/site\/wp-content\/uploads\/2024\/11\/DSCF8855-683x1024.jpg 683w, https:\/\/afalesc.com.br\/site\/wp-content\/uploads\/2024\/11\/DSCF8855-200x300.jpg 200w, https:\/\/afalesc.com.br\/site\/wp-content\/uploads\/2024\/11\/DSCF8855-768x1152.jpg 768w, https:\/\/afalesc.com.br\/site\/wp-content\/uploads\/2024\/11\/DSCF8855-1024x1536.jpg 1024w, https:\/\/afalesc.com.br\/site\/wp-content\/uploads\/2024\/11\/DSCF8855-1365x2048.jpg 1365w, https:\/\/afalesc.com.br\/site\/wp-content\/uploads\/2024\/11\/DSCF8855-700x1050.jpg 700w, https:\/\/afalesc.com.br\/site\/wp-content\/uploads\/2024\/11\/DSCF8855-scaled.jpg 1707w\" sizes=\"auto, (max-width: 683px) 100vw, 683px\" \/><\/a>\n\t\t\t<\/dt><\/dl><br style=\"clear: both\" \/><dl class='gallery-item'>\n\t\t\t<dt class='gallery-icon portrait'>\n\t\t\t\t<a href='https:\/\/afalesc.com.br\/site\/costelaco-e-dia-das-criancas-afalesc-2024\/dscf8862\/'><img loading=\"lazy\" decoding=\"async\" width=\"683\" height=\"1024\" src=\"https:\/\/afalesc.com.br\/site\/wp-content\/uploads\/2024\/11\/DSCF8862-683x1024.jpg\" class=\"attachment-large size-large\" alt=\"\" srcset=\"https:\/\/afalesc.com.br\/site\/wp-content\/uploads\/2024\/11\/DSCF8862-683x1024.jpg 683w, https:\/\/afalesc.com.br\/site\/wp-content\/uploads\/2024\/11\/DSCF8862-200x300.jpg 200w, https:\/\/afalesc.com.br\/site\/wp-content\/uploads\/2024\/11\/DSCF8862-768x1152.jpg 768w, https:\/\/afalesc.com.br\/site\/wp-content\/uploads\/2024\/11\/DSCF8862-1024x1536.jpg 1024w, https:\/\/afalesc.com.br\/site\/wp-content\/uploads\/2024\/11\/DSCF8862-1365x2048.jpg 1365w, https:\/\/afalesc.com.br\/site\/wp-content\/uploads\/2024\/11\/DSCF8862-700x1050.jpg 700w, https:\/\/afalesc.com.br\/site\/wp-content\/uploads\/2024\/11\/DSCF8862-scaled.jpg 1707w\" sizes=\"auto, (max-width: 683px) 100vw, 683px\" \/><\/a>\n\t\t\t<\/dt><\/dl><br style=\"clear: both\" \/><dl class='gallery-item'>\n\t\t\t<dt class='gallery-icon portrait'>\n\t\t\t\t<a href='https:\/\/afalesc.com.br\/site\/costelaco-e-dia-das-criancas-afalesc-2024\/dscf8867\/'><img loading=\"lazy\" decoding=\"async\" width=\"683\" height=\"1024\" src=\"https:\/\/afalesc.com.br\/site\/wp-content\/uploads\/2024\/11\/DSCF8867-683x1024.jpg\" class=\"attachment-large size-large\" alt=\"\" srcset=\"https:\/\/afalesc.com.br\/site\/wp-content\/uploads\/2024\/11\/DSCF8867-683x1024.jpg 683w, https:\/\/afalesc.com.br\/site\/wp-content\/uploads\/2024\/11\/DSCF8867-200x300.jpg 200w, https:\/\/afalesc.com.br\/site\/wp-content\/uploads\/2024\/11\/DSCF8867-768x1152.jpg 768w, https:\/\/afalesc.com.br\/site\/wp-content\/uploads\/2024\/11\/DSCF8867-1024x1536.jpg 1024w, https:\/\/afalesc.com.br\/site\/wp-content\/uploads\/2024\/11\/DSCF8867-1365x2048.jpg 1365w, https:\/\/afalesc.com.br\/site\/wp-content\/uploads\/2024\/11\/DSCF8867-700x1050.jpg 700w, https:\/\/afalesc.com.br\/site\/wp-content\/uploads\/2024\/11\/DSCF8867-scaled.jpg 1707w\" sizes=\"auto, (max-width: 683px) 100vw, 683px\" \/><\/a>\n\t\t\t<\/dt><\/dl><br style=\"clear: both\" \/><dl class='gallery-item'>\n\t\t\t<dt class='gallery-icon landscape'>\n\t\t\t\t<a href='https:\/\/afalesc.com.br\/site\/costelaco-e-dia-das-criancas-afalesc-2024\/dscf8870\/'><img loading=\"lazy\" decoding=\"async\" width=\"1024\" height=\"683\" src=\"https:\/\/afalesc.com.br\/site\/wp-content\/uploads\/2024\/11\/DSCF8870-1024x683.jpg\" class=\"attachment-large size-large\" alt=\"\" srcset=\"https:\/\/afalesc.com.br\/site\/wp-content\/uploads\/2024\/11\/DSCF8870-1024x683.jpg 1024w, https:\/\/afalesc.com.br\/site\/wp-content\/uploads\/2024\/11\/DSCF8870-300x200.jpg 300w, https:\/\/afalesc.com.br\/site\/wp-content\/uploads\/2024\/11\/DSCF8870-768x512.jpg 768w, https:\/\/afalesc.com.br\/site\/wp-content\/uploads\/2024\/11\/DSCF8870-1536x1024.jpg 1536w, https:\/\/afalesc.com.br\/site\/wp-content\/uploads\/2024\/11\/DSCF8870-2048x1365.jpg 2048w, https:\/\/afalesc.com.br\/site\/wp-content\/uploads\/2024\/11\/DSCF8870-700x467.jpg 700w\" sizes=\"auto, (max-width: 1024px) 100vw, 1024px\" \/><\/a>\n\t\t\t<\/dt><\/dl><br style=\"clear: both\" \/><dl class='gallery-item'>\n\t\t\t<dt class='gallery-icon landscape'>\n\t\t\t\t<a href='https:\/\/afalesc.com.br\/site\/costelaco-e-dia-das-criancas-afalesc-2024\/dscf8872\/'><img loading=\"lazy\" decoding=\"async\" width=\"1024\" height=\"683\" src=\"https:\/\/afalesc.com.br\/site\/wp-content\/uploads\/2024\/11\/DSCF8872-1024x683.jpg\" class=\"attachment-large size-large\" alt=\"\" srcset=\"https:\/\/afalesc.com.br\/site\/wp-content\/uploads\/2024\/11\/DSCF8872-1024x683.jpg 1024w, https:\/\/afalesc.com.br\/site\/wp-content\/uploads\/2024\/11\/DSCF8872-300x200.jpg 300w, https:\/\/afalesc.com.br\/site\/wp-content\/uploads\/2024\/11\/DSCF8872-768x512.jpg 768w, https:\/\/afalesc.com.br\/site\/wp-content\/uploads\/2024\/11\/DSCF8872-1536x1024.jpg 1536w, https:\/\/afalesc.com.br\/site\/wp-content\/uploads\/2024\/11\/DSCF8872-2048x1365.jpg 2048w, https:\/\/afalesc.com.br\/site\/wp-content\/uploads\/2024\/11\/DSCF8872-700x467.jpg 700w\" sizes=\"auto, (max-width: 1024px) 100vw, 1024px\" \/><\/a>\n\t\t\t<\/dt><\/dl><br style=\"clear: both\" \/><dl class='gallery-item'>\n\t\t\t<dt class='gallery-icon portrait'>\n\t\t\t\t<a href='https:\/\/afalesc.com.br\/site\/costelaco-e-dia-das-criancas-afalesc-2024\/dscf8885\/'><img loading=\"lazy\" decoding=\"async\" width=\"683\" height=\"1024\" src=\"https:\/\/afalesc.com.br\/site\/wp-content\/uploads\/2024\/11\/DSCF8885-683x1024.jpg\" class=\"attachment-large size-large\" alt=\"\" srcset=\"https:\/\/afalesc.com.br\/site\/wp-content\/uploads\/2024\/11\/DSCF8885-683x1024.jpg 683w, https:\/\/afalesc.com.br\/site\/wp-content\/uploads\/2024\/11\/DSCF8885-200x300.jpg 200w, https:\/\/afalesc.com.br\/site\/wp-content\/uploads\/2024\/11\/DSCF8885-768x1152.jpg 768w, https:\/\/afalesc.com.br\/site\/wp-content\/uploads\/2024\/11\/DSCF8885-1024x1536.jpg 1024w, https:\/\/afalesc.com.br\/site\/wp-content\/uploads\/2024\/11\/DSCF8885-1365x2048.jpg 1365w, https:\/\/afalesc.com.br\/site\/wp-content\/uploads\/2024\/11\/DSCF8885-700x1050.jpg 700w, https:\/\/afalesc.com.br\/site\/wp-content\/uploads\/2024\/11\/DSCF8885-scaled.jpg 1707w\" sizes=\"auto, (max-width: 683px) 100vw, 683px\" \/><\/a>\n\t\t\t<\/dt><\/dl><br style=\"clear: both\" \/><dl class='gallery-item'>\n\t\t\t<dt class='gallery-icon landscape'>\n\t\t\t\t<a href='https:\/\/afalesc.com.br\/site\/costelaco-e-dia-das-criancas-afalesc-2024\/img_1974\/'><img loading=\"lazy\" decoding=\"async\" width=\"1024\" height=\"683\" src=\"https:\/\/afalesc.com.br\/site\/wp-content\/uploads\/2024\/11\/IMG_1974-1024x683.jpg\" class=\"attachment-large size-large\" alt=\"\" srcset=\"https:\/\/afalesc.com.br\/site\/wp-content\/uploads\/2024\/11\/IMG_1974-1024x683.jpg 1024w, https:\/\/afalesc.com.br\/site\/wp-content\/uploads\/2024\/11\/IMG_1974-300x200.jpg 300w, https:\/\/afalesc.com.br\/site\/wp-content\/uploads\/2024\/11\/IMG_1974-768x512.jpg 768w, https:\/\/afalesc.com.br\/site\/wp-content\/uploads\/2024\/11\/IMG_1974-1536x1024.jpg 1536w, https:\/\/afalesc.com.br\/site\/wp-content\/uploads\/2024\/11\/IMG_1974-2048x1365.jpg 2048w, https:\/\/afalesc.com.br\/site\/wp-content\/uploads\/2024\/11\/IMG_1974-700x467.jpg 700w\" sizes=\"auto, (max-width: 1024px) 100vw, 1024px\" \/><\/a>\n\t\t\t<\/dt><\/dl><br style=\"clear: both\" \/><dl class='gallery-item'>\n\t\t\t<dt class='gallery-icon landscape'>\n\t\t\t\t<a href='https:\/\/afalesc.com.br\/site\/costelaco-e-dia-das-criancas-afalesc-2024\/img_1983\/'><img loading=\"lazy\" decoding=\"async\" width=\"1024\" height=\"683\" src=\"https:\/\/afalesc.com.br\/site\/wp-content\/uploads\/2024\/11\/IMG_1983-1024x683.jpg\" class=\"attachment-large size-large\" alt=\"\" srcset=\"https:\/\/afalesc.com.br\/site\/wp-content\/uploads\/2024\/11\/IMG_1983-1024x683.jpg 1024w, https:\/\/afalesc.com.br\/site\/wp-content\/uploads\/2024\/11\/IMG_1983-300x200.jpg 300w, https:\/\/afalesc.com.br\/site\/wp-content\/uploads\/2024\/11\/IMG_1983-768x512.jpg 768w, https:\/\/afalesc.com.br\/site\/wp-content\/uploads\/2024\/11\/IMG_1983-1536x1024.jpg 1536w, https:\/\/afalesc.com.br\/site\/wp-content\/uploads\/2024\/11\/IMG_1983-2048x1365.jpg 2048w, https:\/\/afalesc.com.br\/site\/wp-content\/uploads\/2024\/11\/IMG_1983-700x467.jpg 700w\" sizes=\"auto, (max-width: 1024px) 100vw, 1024px\" \/><\/a>\n\t\t\t<\/dt><\/dl><br style=\"clear: both\" \/><dl class='gallery-item'>\n\t\t\t<dt class='gallery-icon landscape'>\n\t\t\t\t<a href='https:\/\/afalesc.com.br\/site\/costelaco-e-dia-das-criancas-afalesc-2024\/img_1984\/'><img loading=\"lazy\" decoding=\"async\" width=\"1024\" height=\"683\" src=\"https:\/\/afalesc.com.br\/site\/wp-content\/uploads\/2024\/11\/IMG_1984-1024x683.jpg\" class=\"attachment-large size-large\" alt=\"\" srcset=\"https:\/\/afalesc.com.br\/site\/wp-content\/uploads\/2024\/11\/IMG_1984-1024x683.jpg 1024w, https:\/\/afalesc.com.br\/site\/wp-content\/uploads\/2024\/11\/IMG_1984-300x200.jpg 300w, https:\/\/afalesc.com.br\/site\/wp-content\/uploads\/2024\/11\/IMG_1984-768x512.jpg 768w, https:\/\/afalesc.com.br\/site\/wp-content\/uploads\/2024\/11\/IMG_1984-1536x1024.jpg 1536w, https:\/\/afalesc.com.br\/site\/wp-content\/uploads\/2024\/11\/IMG_1984-2048x1365.jpg 2048w, https:\/\/afalesc.com.br\/site\/wp-content\/uploads\/2024\/11\/IMG_1984-700x467.jpg 700w\" sizes=\"auto, (max-width: 1024px) 100vw, 1024px\" \/><\/a>\n\t\t\t<\/dt><\/dl><br style=\"clear: both\" \/><dl class='gallery-item'>\n\t\t\t<dt class='gallery-icon landscape'>\n\t\t\t\t<a href='https:\/\/afalesc.com.br\/site\/costelaco-e-dia-das-criancas-afalesc-2024\/img_1985\/'><img loading=\"lazy\" decoding=\"async\" width=\"1024\" height=\"683\" src=\"https:\/\/afalesc.com.br\/site\/wp-content\/uploads\/2024\/11\/IMG_1985-1024x683.jpg\" class=\"attachment-large size-large\" alt=\"\" srcset=\"https:\/\/afalesc.com.br\/site\/wp-content\/uploads\/2024\/11\/IMG_1985-1024x683.jpg 1024w, https:\/\/afalesc.com.br\/site\/wp-content\/uploads\/2024\/11\/IMG_1985-300x200.jpg 300w, https:\/\/afalesc.com.br\/site\/wp-content\/uploads\/2024\/11\/IMG_1985-768x512.jpg 768w, https:\/\/afalesc.com.br\/site\/wp-content\/uploads\/2024\/11\/IMG_1985-1536x1024.jpg 1536w, https:\/\/afalesc.com.br\/site\/wp-content\/uploads\/2024\/11\/IMG_1985-2048x1365.jpg 2048w, https:\/\/afalesc.com.br\/site\/wp-content\/uploads\/2024\/11\/IMG_1985-700x467.jpg 700w\" sizes=\"auto, (max-width: 1024px) 100vw, 1024px\" \/><\/a>\n\t\t\t<\/dt><\/dl><br style=\"clear: both\" \/><dl class='gallery-item'>\n\t\t\t<dt class='gallery-icon landscape'>\n\t\t\t\t<a href='https:\/\/afalesc.com.br\/site\/costelaco-e-dia-das-criancas-afalesc-2024\/img_1987\/'><img loading=\"lazy\" decoding=\"async\" width=\"1024\" height=\"683\" src=\"https:\/\/afalesc.com.br\/site\/wp-content\/uploads\/2024\/11\/IMG_1987-1024x683.jpg\" class=\"attachment-large size-large\" alt=\"\" srcset=\"https:\/\/afalesc.com.br\/site\/wp-content\/uploads\/2024\/11\/IMG_1987-1024x683.jpg 1024w, https:\/\/afalesc.com.br\/site\/wp-content\/uploads\/2024\/11\/IMG_1987-300x200.jpg 300w, https:\/\/afalesc.com.br\/site\/wp-content\/uploads\/2024\/11\/IMG_1987-768x512.jpg 768w, https:\/\/afalesc.com.br\/site\/wp-content\/uploads\/2024\/11\/IMG_1987-1536x1024.jpg 1536w, https:\/\/afalesc.com.br\/site\/wp-content\/uploads\/2024\/11\/IMG_1987-2048x1365.jpg 2048w, https:\/\/afalesc.com.br\/site\/wp-content\/uploads\/2024\/11\/IMG_1987-700x467.jpg 700w\" sizes=\"auto, (max-width: 1024px) 100vw, 1024px\" \/><\/a>\n\t\t\t<\/dt><\/dl><br style=\"clear: both\" \/><dl class='gallery-item'>\n\t\t\t<dt class='gallery-icon landscape'>\n\t\t\t\t<a href='https:\/\/afalesc.com.br\/site\/costelaco-e-dia-das-criancas-afalesc-2024\/img_1993\/'><img loading=\"lazy\" decoding=\"async\" width=\"1024\" height=\"683\" src=\"https:\/\/afalesc.com.br\/site\/wp-content\/uploads\/2024\/11\/IMG_1993-1024x683.jpg\" class=\"attachment-large size-large\" alt=\"\" srcset=\"https:\/\/afalesc.com.br\/site\/wp-content\/uploads\/2024\/11\/IMG_1993-1024x683.jpg 1024w, https:\/\/afalesc.com.br\/site\/wp-content\/uploads\/2024\/11\/IMG_1993-300x200.jpg 300w, https:\/\/afalesc.com.br\/site\/wp-content\/uploads\/2024\/11\/IMG_1993-768x512.jpg 768w, https:\/\/afalesc.com.br\/site\/wp-content\/uploads\/2024\/11\/IMG_1993-1536x1024.jpg 1536w, https:\/\/afalesc.com.br\/site\/wp-content\/uploads\/2024\/11\/IMG_1993-2048x1365.jpg 2048w, https:\/\/afalesc.com.br\/site\/wp-content\/uploads\/2024\/11\/IMG_1993-700x467.jpg 700w\" sizes=\"auto, (max-width: 1024px) 100vw, 1024px\" \/><\/a>\n\t\t\t<\/dt><\/dl><br style=\"clear: both\" \/><dl class='gallery-item'>\n\t\t\t<dt class='gallery-icon landscape'>\n\t\t\t\t<a href='https:\/\/afalesc.com.br\/site\/costelaco-e-dia-das-criancas-afalesc-2024\/img_1994\/'><img loading=\"lazy\" decoding=\"async\" width=\"1024\" height=\"683\" src=\"https:\/\/afalesc.com.br\/site\/wp-content\/uploads\/2024\/11\/IMG_1994-1024x683.jpg\" class=\"attachment-large size-large\" alt=\"\" srcset=\"https:\/\/afalesc.com.br\/site\/wp-content\/uploads\/2024\/11\/IMG_1994-1024x683.jpg 1024w, https:\/\/afalesc.com.br\/site\/wp-content\/uploads\/2024\/11\/IMG_1994-300x200.jpg 300w, https:\/\/afalesc.com.br\/site\/wp-content\/uploads\/2024\/11\/IMG_1994-768x512.jpg 768w, https:\/\/afalesc.com.br\/site\/wp-content\/uploads\/2024\/11\/IMG_1994-1536x1024.jpg 1536w, https:\/\/afalesc.com.br\/site\/wp-content\/uploads\/2024\/11\/IMG_1994-2048x1365.jpg 2048w, https:\/\/afalesc.com.br\/site\/wp-content\/uploads\/2024\/11\/IMG_1994-700x467.jpg 700w\" sizes=\"auto, (max-width: 1024px) 100vw, 1024px\" \/><\/a>\n\t\t\t<\/dt><\/dl><br style=\"clear: both\" \/><dl class='gallery-item'>\n\t\t\t<dt class='gallery-icon landscape'>\n\t\t\t\t<a href='https:\/\/afalesc.com.br\/site\/costelaco-e-dia-das-criancas-afalesc-2024\/img_1999\/'><img loading=\"lazy\" decoding=\"async\" width=\"1024\" height=\"683\" src=\"https:\/\/afalesc.com.br\/site\/wp-content\/uploads\/2024\/11\/IMG_1999-1024x683.jpg\" class=\"attachment-large size-large\" alt=\"\" srcset=\"https:\/\/afalesc.com.br\/site\/wp-content\/uploads\/2024\/11\/IMG_1999-1024x683.jpg 1024w, https:\/\/afalesc.com.br\/site\/wp-content\/uploads\/2024\/11\/IMG_1999-300x200.jpg 300w, https:\/\/afalesc.com.br\/site\/wp-content\/uploads\/2024\/11\/IMG_1999-768x512.jpg 768w, https:\/\/afalesc.com.br\/site\/wp-content\/uploads\/2024\/11\/IMG_1999-1536x1024.jpg 1536w, https:\/\/afalesc.com.br\/site\/wp-content\/uploads\/2024\/11\/IMG_1999-2048x1365.jpg 2048w, https:\/\/afalesc.com.br\/site\/wp-content\/uploads\/2024\/11\/IMG_1999-700x467.jpg 700w\" sizes=\"auto, (max-width: 1024px) 100vw, 1024px\" \/><\/a>\n\t\t\t<\/dt><\/dl><br style=\"clear: both\" \/><dl class='gallery-item'>\n\t\t\t<dt class='gallery-icon landscape'>\n\t\t\t\t<a href='https:\/\/afalesc.com.br\/site\/costelaco-e-dia-das-criancas-afalesc-2024\/img_2002\/'><img loading=\"lazy\" decoding=\"async\" width=\"1024\" height=\"683\" src=\"https:\/\/afalesc.com.br\/site\/wp-content\/uploads\/2024\/11\/IMG_2002-1024x683.jpg\" class=\"attachment-large size-large\" alt=\"\" srcset=\"https:\/\/afalesc.com.br\/site\/wp-content\/uploads\/2024\/11\/IMG_2002-1024x683.jpg 1024w, https:\/\/afalesc.com.br\/site\/wp-content\/uploads\/2024\/11\/IMG_2002-300x200.jpg 300w, https:\/\/afalesc.com.br\/site\/wp-content\/uploads\/2024\/11\/IMG_2002-768x512.jpg 768w, https:\/\/afalesc.com.br\/site\/wp-content\/uploads\/2024\/11\/IMG_2002-1536x1024.jpg 1536w, https:\/\/afalesc.com.br\/site\/wp-content\/uploads\/2024\/11\/IMG_2002-2048x1365.jpg 2048w, https:\/\/afalesc.com.br\/site\/wp-content\/uploads\/2024\/11\/IMG_2002-700x467.jpg 700w\" sizes=\"auto, (max-width: 1024px) 100vw, 1024px\" \/><\/a>\n\t\t\t<\/dt><\/dl><br style=\"clear: both\" \/><dl class='gallery-item'>\n\t\t\t<dt class='gallery-icon landscape'>\n\t\t\t\t<a href='https:\/\/afalesc.com.br\/site\/costelaco-e-dia-das-criancas-afalesc-2024\/img_2011\/'><img loading=\"lazy\" decoding=\"async\" width=\"1024\" height=\"683\" src=\"https:\/\/afalesc.com.br\/site\/wp-content\/uploads\/2024\/11\/IMG_2011-1024x683.jpg\" class=\"attachment-large size-large\" alt=\"\" srcset=\"https:\/\/afalesc.com.br\/site\/wp-content\/uploads\/2024\/11\/IMG_2011-1024x683.jpg 1024w, https:\/\/afalesc.com.br\/site\/wp-content\/uploads\/2024\/11\/IMG_2011-300x200.jpg 300w, https:\/\/afalesc.com.br\/site\/wp-content\/uploads\/2024\/11\/IMG_2011-768x512.jpg 768w, https:\/\/afalesc.com.br\/site\/wp-content\/uploads\/2024\/11\/IMG_2011-1536x1024.jpg 1536w, https:\/\/afalesc.com.br\/site\/wp-content\/uploads\/2024\/11\/IMG_2011-2048x1365.jpg 2048w, https:\/\/afalesc.com.br\/site\/wp-content\/uploads\/2024\/11\/IMG_2011-700x467.jpg 700w\" sizes=\"auto, (max-width: 1024px) 100vw, 1024px\" \/><\/a>\n\t\t\t<\/dt><\/dl><br style=\"clear: both\" \/><dl class='gallery-item'>\n\t\t\t<dt class='gallery-icon landscape'>\n\t\t\t\t<a href='https:\/\/afalesc.com.br\/site\/costelaco-e-dia-das-criancas-afalesc-2024\/img_2017\/'><img loading=\"lazy\" decoding=\"async\" width=\"1024\" height=\"683\" src=\"https:\/\/afalesc.com.br\/site\/wp-content\/uploads\/2024\/11\/IMG_2017-1024x683.jpg\" class=\"attachment-large size-large\" alt=\"\" srcset=\"https:\/\/afalesc.com.br\/site\/wp-content\/uploads\/2024\/11\/IMG_2017-1024x683.jpg 1024w, https:\/\/afalesc.com.br\/site\/wp-content\/uploads\/2024\/11\/IMG_2017-300x200.jpg 300w, https:\/\/afalesc.com.br\/site\/wp-content\/uploads\/2024\/11\/IMG_2017-768x512.jpg 768w, https:\/\/afalesc.com.br\/site\/wp-content\/uploads\/2024\/11\/IMG_2017-1536x1024.jpg 1536w, https:\/\/afalesc.com.br\/site\/wp-content\/uploads\/2024\/11\/IMG_2017-2048x1365.jpg 2048w, https:\/\/afalesc.com.br\/site\/wp-content\/uploads\/2024\/11\/IMG_2017-700x467.jpg 700w\" sizes=\"auto, (max-width: 1024px) 100vw, 1024px\" \/><\/a>\n\t\t\t<\/dt><\/dl><br style=\"clear: both\" \/><dl class='gallery-item'>\n\t\t\t<dt class='gallery-icon landscape'>\n\t\t\t\t<a href='https:\/\/afalesc.com.br\/site\/costelaco-e-dia-das-criancas-afalesc-2024\/img_2018\/'><img loading=\"lazy\" decoding=\"async\" width=\"1024\" height=\"683\" src=\"https:\/\/afalesc.com.br\/site\/wp-content\/uploads\/2024\/11\/IMG_2018-1024x683.jpg\" class=\"attachment-large size-large\" alt=\"\" srcset=\"https:\/\/afalesc.com.br\/site\/wp-content\/uploads\/2024\/11\/IMG_2018-1024x683.jpg 1024w, https:\/\/afalesc.com.br\/site\/wp-content\/uploads\/2024\/11\/IMG_2018-300x200.jpg 300w, https:\/\/afalesc.com.br\/site\/wp-content\/uploads\/2024\/11\/IMG_2018-768x512.jpg 768w, https:\/\/afalesc.com.br\/site\/wp-content\/uploads\/2024\/11\/IMG_2018-1536x1024.jpg 1536w, https:\/\/afalesc.com.br\/site\/wp-content\/uploads\/2024\/11\/IMG_2018-2048x1365.jpg 2048w, https:\/\/afalesc.com.br\/site\/wp-content\/uploads\/2024\/11\/IMG_2018-700x467.jpg 700w\" sizes=\"auto, (max-width: 1024px) 100vw, 1024px\" \/><\/a>\n\t\t\t<\/dt><\/dl><br style=\"clear: both\" \/><dl class='gallery-item'>\n\t\t\t<dt class='gallery-icon landscape'>\n\t\t\t\t<a href='https:\/\/afalesc.com.br\/site\/costelaco-e-dia-das-criancas-afalesc-2024\/img_2038\/'><img loading=\"lazy\" decoding=\"async\" width=\"1024\" height=\"683\" src=\"https:\/\/afalesc.com.br\/site\/wp-content\/uploads\/2024\/11\/IMG_2038-1024x683.jpg\" class=\"attachment-large size-large\" alt=\"\" srcset=\"https:\/\/afalesc.com.br\/site\/wp-content\/uploads\/2024\/11\/IMG_2038-1024x683.jpg 1024w, https:\/\/afalesc.com.br\/site\/wp-content\/uploads\/2024\/11\/IMG_2038-300x200.jpg 300w, https:\/\/afalesc.com.br\/site\/wp-content\/uploads\/2024\/11\/IMG_2038-768x512.jpg 768w, https:\/\/afalesc.com.br\/site\/wp-content\/uploads\/2024\/11\/IMG_2038-1536x1024.jpg 1536w, https:\/\/afalesc.com.br\/site\/wp-content\/uploads\/2024\/11\/IMG_2038-2048x1365.jpg 2048w, https:\/\/afalesc.com.br\/site\/wp-content\/uploads\/2024\/11\/IMG_2038-700x467.jpg 700w\" sizes=\"auto, (max-width: 1024px) 100vw, 1024px\" \/><\/a>\n\t\t\t<\/dt><\/dl><br style=\"clear: both\" \/><dl class='gallery-item'>\n\t\t\t<dt class='gallery-icon landscape'>\n\t\t\t\t<a href='https:\/\/afalesc.com.br\/site\/costelaco-e-dia-das-criancas-afalesc-2024\/img_2046\/'><img loading=\"lazy\" decoding=\"async\" width=\"1024\" height=\"683\" src=\"https:\/\/afalesc.com.br\/site\/wp-content\/uploads\/2024\/11\/IMG_2046-1024x683.jpg\" class=\"attachment-large size-large\" alt=\"\" srcset=\"https:\/\/afalesc.com.br\/site\/wp-content\/uploads\/2024\/11\/IMG_2046-1024x683.jpg 1024w, https:\/\/afalesc.com.br\/site\/wp-content\/uploads\/2024\/11\/IMG_2046-300x200.jpg 300w, https:\/\/afalesc.com.br\/site\/wp-content\/uploads\/2024\/11\/IMG_2046-768x512.jpg 768w, https:\/\/afalesc.com.br\/site\/wp-content\/uploads\/2024\/11\/IMG_2046-1536x1024.jpg 1536w, https:\/\/afalesc.com.br\/site\/wp-content\/uploads\/2024\/11\/IMG_2046-2048x1365.jpg 2048w, https:\/\/afalesc.com.br\/site\/wp-content\/uploads\/2024\/11\/IMG_2046-700x467.jpg 700w\" sizes=\"auto, (max-width: 1024px) 100vw, 1024px\" \/><\/a>\n\t\t\t<\/dt><\/dl><br style=\"clear: both\" \/><dl class='gallery-item'>\n\t\t\t<dt class='gallery-icon landscape'>\n\t\t\t\t<a href='https:\/\/afalesc.com.br\/site\/costelaco-e-dia-das-criancas-afalesc-2024\/img_2049\/'><img loading=\"lazy\" decoding=\"async\" width=\"1024\" height=\"683\" src=\"https:\/\/afalesc.com.br\/site\/wp-content\/uploads\/2024\/11\/IMG_2049-1024x683.jpg\" class=\"attachment-large size-large\" alt=\"\" srcset=\"https:\/\/afalesc.com.br\/site\/wp-content\/uploads\/2024\/11\/IMG_2049-1024x683.jpg 1024w, https:\/\/afalesc.com.br\/site\/wp-content\/uploads\/2024\/11\/IMG_2049-300x200.jpg 300w, https:\/\/afalesc.com.br\/site\/wp-content\/uploads\/2024\/11\/IMG_2049-768x512.jpg 768w, https:\/\/afalesc.com.br\/site\/wp-content\/uploads\/2024\/11\/IMG_2049-1536x1024.jpg 1536w, https:\/\/afalesc.com.br\/site\/wp-content\/uploads\/2024\/11\/IMG_2049-2048x1365.jpg 2048w, https:\/\/afalesc.com.br\/site\/wp-content\/uploads\/2024\/11\/IMG_2049-700x467.jpg 700w\" sizes=\"auto, (max-width: 1024px) 100vw, 1024px\" \/><\/a>\n\t\t\t<\/dt><\/dl><br style=\"clear: both\" \/><dl class='gallery-item'>\n\t\t\t<dt class='gallery-icon landscape'>\n\t\t\t\t<a href='https:\/\/afalesc.com.br\/site\/costelaco-e-dia-das-criancas-afalesc-2024\/img_2056\/'><img loading=\"lazy\" decoding=\"async\" width=\"1024\" height=\"683\" src=\"https:\/\/afalesc.com.br\/site\/wp-content\/uploads\/2024\/11\/IMG_2056-1024x683.jpg\" class=\"attachment-large size-large\" alt=\"\" srcset=\"https:\/\/afalesc.com.br\/site\/wp-content\/uploads\/2024\/11\/IMG_2056-1024x683.jpg 1024w, https:\/\/afalesc.com.br\/site\/wp-content\/uploads\/2024\/11\/IMG_2056-300x200.jpg 300w, https:\/\/afalesc.com.br\/site\/wp-content\/uploads\/2024\/11\/IMG_2056-768x512.jpg 768w, https:\/\/afalesc.com.br\/site\/wp-content\/uploads\/2024\/11\/IMG_2056-1536x1024.jpg 1536w, https:\/\/afalesc.com.br\/site\/wp-content\/uploads\/2024\/11\/IMG_2056-2048x1365.jpg 2048w, https:\/\/afalesc.com.br\/site\/wp-content\/uploads\/2024\/11\/IMG_2056-700x467.jpg 700w\" sizes=\"auto, (max-width: 1024px) 100vw, 1024px\" \/><\/a>\n\t\t\t<\/dt><\/dl><br style=\"clear: both\" \/><dl class='gallery-item'>\n\t\t\t<dt class='gallery-icon landscape'>\n\t\t\t\t<a href='https:\/\/afalesc.com.br\/site\/costelaco-e-dia-das-criancas-afalesc-2024\/img_2060\/'><img loading=\"lazy\" decoding=\"async\" width=\"1024\" height=\"683\" src=\"https:\/\/afalesc.com.br\/site\/wp-content\/uploads\/2024\/11\/IMG_2060-1024x683.jpg\" class=\"attachment-large size-large\" alt=\"\" srcset=\"https:\/\/afalesc.com.br\/site\/wp-content\/uploads\/2024\/11\/IMG_2060-1024x683.jpg 1024w, https:\/\/afalesc.com.br\/site\/wp-content\/uploads\/2024\/11\/IMG_2060-300x200.jpg 300w, https:\/\/afalesc.com.br\/site\/wp-content\/uploads\/2024\/11\/IMG_2060-768x512.jpg 768w, https:\/\/afalesc.com.br\/site\/wp-content\/uploads\/2024\/11\/IMG_2060-1536x1024.jpg 1536w, https:\/\/afalesc.com.br\/site\/wp-content\/uploads\/2024\/11\/IMG_2060-2048x1365.jpg 2048w, https:\/\/afalesc.com.br\/site\/wp-content\/uploads\/2024\/11\/IMG_2060-700x467.jpg 700w\" sizes=\"auto, (max-width: 1024px) 100vw, 1024px\" \/><\/a>\n\t\t\t<\/dt><\/dl><br style=\"clear: both\" \/><dl class='gallery-item'>\n\t\t\t<dt class='gallery-icon landscape'>\n\t\t\t\t<a href='https:\/\/afalesc.com.br\/site\/costelaco-e-dia-das-criancas-afalesc-2024\/img_2080\/'><img loading=\"lazy\" decoding=\"async\" width=\"1024\" height=\"683\" src=\"https:\/\/afalesc.com.br\/site\/wp-content\/uploads\/2024\/11\/IMG_2080-1024x683.jpg\" class=\"attachment-large size-large\" alt=\"\" srcset=\"https:\/\/afalesc.com.br\/site\/wp-content\/uploads\/2024\/11\/IMG_2080-1024x683.jpg 1024w, https:\/\/afalesc.com.br\/site\/wp-content\/uploads\/2024\/11\/IMG_2080-300x200.jpg 300w, https:\/\/afalesc.com.br\/site\/wp-content\/uploads\/2024\/11\/IMG_2080-768x512.jpg 768w, https:\/\/afalesc.com.br\/site\/wp-content\/uploads\/2024\/11\/IMG_2080-1536x1024.jpg 1536w, https:\/\/afalesc.com.br\/site\/wp-content\/uploads\/2024\/11\/IMG_2080-2048x1365.jpg 2048w, https:\/\/afalesc.com.br\/site\/wp-content\/uploads\/2024\/11\/IMG_2080-700x467.jpg 700w\" sizes=\"auto, (max-width: 1024px) 100vw, 1024px\" \/><\/a>\n\t\t\t<\/dt><\/dl><br style=\"clear: both\" \/><dl class='gallery-item'>\n\t\t\t<dt class='gallery-icon landscape'>\n\t\t\t\t<a href='https:\/\/afalesc.com.br\/site\/costelaco-e-dia-das-criancas-afalesc-2024\/img_2087\/'><img loading=\"lazy\" decoding=\"async\" width=\"1024\" height=\"683\" src=\"https:\/\/afalesc.com.br\/site\/wp-content\/uploads\/2024\/11\/IMG_2087-1024x683.jpg\" class=\"attachment-large size-large\" alt=\"\" srcset=\"https:\/\/afalesc.com.br\/site\/wp-content\/uploads\/2024\/11\/IMG_2087-1024x683.jpg 1024w, https:\/\/afalesc.com.br\/site\/wp-content\/uploads\/2024\/11\/IMG_2087-300x200.jpg 300w, https:\/\/afalesc.com.br\/site\/wp-content\/uploads\/2024\/11\/IMG_2087-768x512.jpg 768w, https:\/\/afalesc.com.br\/site\/wp-content\/uploads\/2024\/11\/IMG_2087-1536x1024.jpg 1536w, https:\/\/afalesc.com.br\/site\/wp-content\/uploads\/2024\/11\/IMG_2087-2048x1365.jpg 2048w, https:\/\/afalesc.com.br\/site\/wp-content\/uploads\/2024\/11\/IMG_2087-700x467.jpg 700w\" sizes=\"auto, (max-width: 1024px) 100vw, 1024px\" \/><\/a>\n\t\t\t<\/dt><\/dl><br style=\"clear: both\" \/><dl class='gallery-item'>\n\t\t\t<dt class='gallery-icon landscape'>\n\t\t\t\t<a href='https:\/\/afalesc.com.br\/site\/costelaco-e-dia-das-criancas-afalesc-2024\/img_2089\/'><img loading=\"lazy\" decoding=\"async\" width=\"1024\" height=\"683\" src=\"https:\/\/afalesc.com.br\/site\/wp-content\/uploads\/2024\/11\/IMG_2089-1024x683.jpg\" class=\"attachment-large size-large\" alt=\"\" srcset=\"https:\/\/afalesc.com.br\/site\/wp-content\/uploads\/2024\/11\/IMG_2089-1024x683.jpg 1024w, https:\/\/afalesc.com.br\/site\/wp-content\/uploads\/2024\/11\/IMG_2089-300x200.jpg 300w, https:\/\/afalesc.com.br\/site\/wp-content\/uploads\/2024\/11\/IMG_2089-768x512.jpg 768w, https:\/\/afalesc.com.br\/site\/wp-content\/uploads\/2024\/11\/IMG_2089-1536x1024.jpg 1536w, https:\/\/afalesc.com.br\/site\/wp-content\/uploads\/2024\/11\/IMG_2089-2048x1365.jpg 2048w, https:\/\/afalesc.com.br\/site\/wp-content\/uploads\/2024\/11\/IMG_2089-700x467.jpg 700w\" sizes=\"auto, (max-width: 1024px) 100vw, 1024px\" \/><\/a>\n\t\t\t<\/dt><\/dl><br style=\"clear: both\" \/><dl class='gallery-item'>\n\t\t\t<dt class='gallery-icon landscape'>\n\t\t\t\t<a href='https:\/\/afalesc.com.br\/site\/costelaco-e-dia-das-criancas-afalesc-2024\/img_2119\/'><img loading=\"lazy\" decoding=\"async\" width=\"1024\" height=\"683\" src=\"https:\/\/afalesc.com.br\/site\/wp-content\/uploads\/2024\/11\/IMG_2119-1024x683.jpg\" class=\"attachment-large size-large\" alt=\"\" srcset=\"https:\/\/afalesc.com.br\/site\/wp-content\/uploads\/2024\/11\/IMG_2119-1024x683.jpg 1024w, https:\/\/afalesc.com.br\/site\/wp-content\/uploads\/2024\/11\/IMG_2119-300x200.jpg 300w, https:\/\/afalesc.com.br\/site\/wp-content\/uploads\/2024\/11\/IMG_2119-768x512.jpg 768w, https:\/\/afalesc.com.br\/site\/wp-content\/uploads\/2024\/11\/IMG_2119-1536x1024.jpg 1536w, https:\/\/afalesc.com.br\/site\/wp-content\/uploads\/2024\/11\/IMG_2119-2048x1365.jpg 2048w, https:\/\/afalesc.com.br\/site\/wp-content\/uploads\/2024\/11\/IMG_2119-700x467.jpg 700w\" sizes=\"auto, (max-width: 1024px) 100vw, 1024px\" \/><\/a>\n\t\t\t<\/dt><\/dl><br style=\"clear: both\" \/><dl class='gallery-item'>\n\t\t\t<dt class='gallery-icon landscape'>\n\t\t\t\t<a href='https:\/\/afalesc.com.br\/site\/costelaco-e-dia-das-criancas-afalesc-2024\/img_2123\/'><img loading=\"lazy\" decoding=\"async\" width=\"1024\" height=\"683\" src=\"https:\/\/afalesc.com.br\/site\/wp-content\/uploads\/2024\/11\/IMG_2123-1024x683.jpg\" class=\"attachment-large size-large\" alt=\"\" srcset=\"https:\/\/afalesc.com.br\/site\/wp-content\/uploads\/2024\/11\/IMG_2123-1024x683.jpg 1024w, https:\/\/afalesc.com.br\/site\/wp-content\/uploads\/2024\/11\/IMG_2123-300x200.jpg 300w, https:\/\/afalesc.com.br\/site\/wp-content\/uploads\/2024\/11\/IMG_2123-768x512.jpg 768w, https:\/\/afalesc.com.br\/site\/wp-content\/uploads\/2024\/11\/IMG_2123-1536x1024.jpg 1536w, https:\/\/afalesc.com.br\/site\/wp-content\/uploads\/2024\/11\/IMG_2123-2048x1365.jpg 2048w, https:\/\/afalesc.com.br\/site\/wp-content\/uploads\/2024\/11\/IMG_2123-700x467.jpg 700w\" sizes=\"auto, (max-width: 1024px) 100vw, 1024px\" \/><\/a>\n\t\t\t<\/dt><\/dl><br style=\"clear: both\" \/><dl class='gallery-item'>\n\t\t\t<dt class='gallery-icon landscape'>\n\t\t\t\t<a href='https:\/\/afalesc.com.br\/site\/costelaco-e-dia-das-criancas-afalesc-2024\/img_2129\/'><img loading=\"lazy\" decoding=\"async\" width=\"1024\" height=\"683\" src=\"https:\/\/afalesc.com.br\/site\/wp-content\/uploads\/2024\/11\/IMG_2129-1024x683.jpg\" class=\"attachment-large size-large\" alt=\"\" srcset=\"https:\/\/afalesc.com.br\/site\/wp-content\/uploads\/2024\/11\/IMG_2129-1024x683.jpg 1024w, https:\/\/afalesc.com.br\/site\/wp-content\/uploads\/2024\/11\/IMG_2129-300x200.jpg 300w, https:\/\/afalesc.com.br\/site\/wp-content\/uploads\/2024\/11\/IMG_2129-768x512.jpg 768w, https:\/\/afalesc.com.br\/site\/wp-content\/uploads\/2024\/11\/IMG_2129-1536x1024.jpg 1536w, https:\/\/afalesc.com.br\/site\/wp-content\/uploads\/2024\/11\/IMG_2129-2048x1365.jpg 2048w, https:\/\/afalesc.com.br\/site\/wp-content\/uploads\/2024\/11\/IMG_2129-700x467.jpg 700w\" sizes=\"auto, (max-width: 1024px) 100vw, 1024px\" \/><\/a>\n\t\t\t<\/dt><\/dl><br style=\"clear: both\" \/><dl class='gallery-item'>\n\t\t\t<dt class='gallery-icon landscape'>\n\t\t\t\t<a href='https:\/\/afalesc.com.br\/site\/costelaco-e-dia-das-criancas-afalesc-2024\/img_2137\/'><img loading=\"lazy\" decoding=\"async\" width=\"1024\" height=\"683\" src=\"https:\/\/afalesc.com.br\/site\/wp-content\/uploads\/2024\/11\/IMG_2137-1024x683.jpg\" class=\"attachment-large size-large\" alt=\"\" srcset=\"https:\/\/afalesc.com.br\/site\/wp-content\/uploads\/2024\/11\/IMG_2137-1024x683.jpg 1024w, https:\/\/afalesc.com.br\/site\/wp-content\/uploads\/2024\/11\/IMG_2137-300x200.jpg 300w, https:\/\/afalesc.com.br\/site\/wp-content\/uploads\/2024\/11\/IMG_2137-768x512.jpg 768w, https:\/\/afalesc.com.br\/site\/wp-content\/uploads\/2024\/11\/IMG_2137-1536x1024.jpg 1536w, https:\/\/afalesc.com.br\/site\/wp-content\/uploads\/2024\/11\/IMG_2137-2048x1365.jpg 2048w, https:\/\/afalesc.com.br\/site\/wp-content\/uploads\/2024\/11\/IMG_2137-700x467.jpg 700w\" sizes=\"auto, (max-width: 1024px) 100vw, 1024px\" \/><\/a>\n\t\t\t<\/dt><\/dl><br style=\"clear: both\" \/><dl class='gallery-item'>\n\t\t\t<dt class='gallery-icon landscape'>\n\t\t\t\t<a href='https:\/\/afalesc.com.br\/site\/costelaco-e-dia-das-criancas-afalesc-2024\/img_2144\/'><img loading=\"lazy\" decoding=\"async\" width=\"1024\" height=\"683\" src=\"https:\/\/afalesc.com.br\/site\/wp-content\/uploads\/2024\/11\/IMG_2144-1024x683.jpg\" class=\"attachment-large size-large\" alt=\"\" srcset=\"https:\/\/afalesc.com.br\/site\/wp-content\/uploads\/2024\/11\/IMG_2144-1024x683.jpg 1024w, https:\/\/afalesc.com.br\/site\/wp-content\/uploads\/2024\/11\/IMG_2144-300x200.jpg 300w, https:\/\/afalesc.com.br\/site\/wp-content\/uploads\/2024\/11\/IMG_2144-768x512.jpg 768w, https:\/\/afalesc.com.br\/site\/wp-content\/uploads\/2024\/11\/IMG_2144-1536x1024.jpg 1536w, https:\/\/afalesc.com.br\/site\/wp-content\/uploads\/2024\/11\/IMG_2144-2048x1365.jpg 2048w, https:\/\/afalesc.com.br\/site\/wp-content\/uploads\/2024\/11\/IMG_2144-700x467.jpg 700w\" sizes=\"auto, (max-width: 1024px) 100vw, 1024px\" \/><\/a>\n\t\t\t<\/dt><\/dl><br style=\"clear: both\" \/><dl class='gallery-item'>\n\t\t\t<dt class='gallery-icon landscape'>\n\t\t\t\t<a href='https:\/\/afalesc.com.br\/site\/costelaco-e-dia-das-criancas-afalesc-2024\/img_2161\/'><img loading=\"lazy\" decoding=\"async\" width=\"1024\" height=\"683\" src=\"https:\/\/afalesc.com.br\/site\/wp-content\/uploads\/2024\/11\/IMG_2161-1024x683.jpg\" class=\"attachment-large size-large\" alt=\"\" srcset=\"https:\/\/afalesc.com.br\/site\/wp-content\/uploads\/2024\/11\/IMG_2161-1024x683.jpg 1024w, https:\/\/afalesc.com.br\/site\/wp-content\/uploads\/2024\/11\/IMG_2161-300x200.jpg 300w, https:\/\/afalesc.com.br\/site\/wp-content\/uploads\/2024\/11\/IMG_2161-768x512.jpg 768w, https:\/\/afalesc.com.br\/site\/wp-content\/uploads\/2024\/11\/IMG_2161-1536x1024.jpg 1536w, https:\/\/afalesc.com.br\/site\/wp-content\/uploads\/2024\/11\/IMG_2161-2048x1365.jpg 2048w, https:\/\/afalesc.com.br\/site\/wp-content\/uploads\/2024\/11\/IMG_2161-700x467.jpg 700w\" sizes=\"auto, (max-width: 1024px) 100vw, 1024px\" \/><\/a>\n\t\t\t<\/dt><\/dl><br style=\"clear: both\" \/><dl class='gallery-item'>\n\t\t\t<dt class='gallery-icon landscape'>\n\t\t\t\t<a href='https:\/\/afalesc.com.br\/site\/costelaco-e-dia-das-criancas-afalesc-2024\/img_2168\/'><img loading=\"lazy\" decoding=\"async\" width=\"1024\" height=\"683\" src=\"https:\/\/afalesc.com.br\/site\/wp-content\/uploads\/2024\/11\/IMG_2168-1024x683.jpg\" class=\"attachment-large size-large\" alt=\"\" srcset=\"https:\/\/afalesc.com.br\/site\/wp-content\/uploads\/2024\/11\/IMG_2168-1024x683.jpg 1024w, https:\/\/afalesc.com.br\/site\/wp-content\/uploads\/2024\/11\/IMG_2168-300x200.jpg 300w, https:\/\/afalesc.com.br\/site\/wp-content\/uploads\/2024\/11\/IMG_2168-768x512.jpg 768w, https:\/\/afalesc.com.br\/site\/wp-content\/uploads\/2024\/11\/IMG_2168-1536x1024.jpg 1536w, https:\/\/afalesc.com.br\/site\/wp-content\/uploads\/2024\/11\/IMG_2168-2048x1365.jpg 2048w, https:\/\/afalesc.com.br\/site\/wp-content\/uploads\/2024\/11\/IMG_2168-700x467.jpg 700w\" sizes=\"auto, (max-width: 1024px) 100vw, 1024px\" \/><\/a>\n\t\t\t<\/dt><\/dl><br style=\"clear: both\" \/><dl class='gallery-item'>\n\t\t\t<dt class='gallery-icon landscape'>\n\t\t\t\t<a href='https:\/\/afalesc.com.br\/site\/costelaco-e-dia-das-criancas-afalesc-2024\/img_2169\/'><img loading=\"lazy\" decoding=\"async\" width=\"1024\" height=\"683\" src=\"https:\/\/afalesc.com.br\/site\/wp-content\/uploads\/2024\/11\/IMG_2169-1024x683.jpg\" class=\"attachment-large size-large\" alt=\"\" srcset=\"https:\/\/afalesc.com.br\/site\/wp-content\/uploads\/2024\/11\/IMG_2169-1024x683.jpg 1024w, https:\/\/afalesc.com.br\/site\/wp-content\/uploads\/2024\/11\/IMG_2169-300x200.jpg 300w, https:\/\/afalesc.com.br\/site\/wp-content\/uploads\/2024\/11\/IMG_2169-768x512.jpg 768w, https:\/\/afalesc.com.br\/site\/wp-content\/uploads\/2024\/11\/IMG_2169-1536x1024.jpg 1536w, https:\/\/afalesc.com.br\/site\/wp-content\/uploads\/2024\/11\/IMG_2169-2048x1365.jpg 2048w, https:\/\/afalesc.com.br\/site\/wp-content\/uploads\/2024\/11\/IMG_2169-700x467.jpg 700w\" sizes=\"auto, (max-width: 1024px) 100vw, 1024px\" \/><\/a>\n\t\t\t<\/dt><\/dl><br style=\"clear: both\" \/><dl class='gallery-item'>\n\t\t\t<dt class='gallery-icon landscape'>\n\t\t\t\t<a href='https:\/\/afalesc.com.br\/site\/costelaco-e-dia-das-criancas-afalesc-2024\/img_2175\/'><img loading=\"lazy\" decoding=\"async\" width=\"1024\" height=\"683\" src=\"https:\/\/afalesc.com.br\/site\/wp-content\/uploads\/2024\/11\/IMG_2175-1024x683.jpg\" class=\"attachment-large size-large\" alt=\"\" srcset=\"https:\/\/afalesc.com.br\/site\/wp-content\/uploads\/2024\/11\/IMG_2175-1024x683.jpg 1024w, https:\/\/afalesc.com.br\/site\/wp-content\/uploads\/2024\/11\/IMG_2175-300x200.jpg 300w, https:\/\/afalesc.com.br\/site\/wp-content\/uploads\/2024\/11\/IMG_2175-768x512.jpg 768w, https:\/\/afalesc.com.br\/site\/wp-content\/uploads\/2024\/11\/IMG_2175-1536x1024.jpg 1536w, https:\/\/afalesc.com.br\/site\/wp-content\/uploads\/2024\/11\/IMG_2175-2048x1365.jpg 2048w, https:\/\/afalesc.com.br\/site\/wp-content\/uploads\/2024\/11\/IMG_2175-700x467.jpg 700w\" sizes=\"auto, (max-width: 1024px) 100vw, 1024px\" \/><\/a>\n\t\t\t<\/dt><\/dl><br style=\"clear: both\" \/><dl class='gallery-item'>\n\t\t\t<dt class='gallery-icon landscape'>\n\t\t\t\t<a href='https:\/\/afalesc.com.br\/site\/costelaco-e-dia-das-criancas-afalesc-2024\/img_2176\/'><img loading=\"lazy\" decoding=\"async\" width=\"1024\" height=\"683\" src=\"https:\/\/afalesc.com.br\/site\/wp-content\/uploads\/2024\/11\/IMG_2176-1024x683.jpg\" class=\"attachment-large size-large\" alt=\"\" srcset=\"https:\/\/afalesc.com.br\/site\/wp-content\/uploads\/2024\/11\/IMG_2176-1024x683.jpg 1024w, https:\/\/afalesc.com.br\/site\/wp-content\/uploads\/2024\/11\/IMG_2176-300x200.jpg 300w, https:\/\/afalesc.com.br\/site\/wp-content\/uploads\/2024\/11\/IMG_2176-768x512.jpg 768w, https:\/\/afalesc.com.br\/site\/wp-content\/uploads\/2024\/11\/IMG_2176-1536x1024.jpg 1536w, https:\/\/afalesc.com.br\/site\/wp-content\/uploads\/2024\/11\/IMG_2176-2048x1365.jpg 2048w, https:\/\/afalesc.com.br\/site\/wp-content\/uploads\/2024\/11\/IMG_2176-700x467.jpg 700w\" sizes=\"auto, (max-width: 1024px) 100vw, 1024px\" \/><\/a>\n\t\t\t<\/dt><\/dl><br style=\"clear: both\" \/><dl class='gallery-item'>\n\t\t\t<dt class='gallery-icon landscape'>\n\t\t\t\t<a href='https:\/\/afalesc.com.br\/site\/costelaco-e-dia-das-criancas-afalesc-2024\/img_2181\/'><img loading=\"lazy\" decoding=\"async\" width=\"1024\" height=\"683\" src=\"https:\/\/afalesc.com.br\/site\/wp-content\/uploads\/2024\/11\/IMG_2181-1024x683.jpg\" class=\"attachment-large size-large\" alt=\"\" srcset=\"https:\/\/afalesc.com.br\/site\/wp-content\/uploads\/2024\/11\/IMG_2181-1024x683.jpg 1024w, https:\/\/afalesc.com.br\/site\/wp-content\/uploads\/2024\/11\/IMG_2181-300x200.jpg 300w, https:\/\/afalesc.com.br\/site\/wp-content\/uploads\/2024\/11\/IMG_2181-768x512.jpg 768w, https:\/\/afalesc.com.br\/site\/wp-content\/uploads\/2024\/11\/IMG_2181-1536x1024.jpg 1536w, https:\/\/afalesc.com.br\/site\/wp-content\/uploads\/2024\/11\/IMG_2181-2048x1365.jpg 2048w, https:\/\/afalesc.com.br\/site\/wp-content\/uploads\/2024\/11\/IMG_2181-700x467.jpg 700w\" sizes=\"auto, (max-width: 1024px) 100vw, 1024px\" \/><\/a>\n\t\t\t<\/dt><\/dl><br style=\"clear: both\" \/><dl class='gallery-item'>\n\t\t\t<dt class='gallery-icon landscape'>\n\t\t\t\t<a href='https:\/\/afalesc.com.br\/site\/costelaco-e-dia-das-criancas-afalesc-2024\/img_2182\/'><img loading=\"lazy\" decoding=\"async\" width=\"1024\" height=\"683\" src=\"https:\/\/afalesc.com.br\/site\/wp-content\/uploads\/2024\/11\/IMG_2182-1024x683.jpg\" class=\"attachment-large size-large\" alt=\"\" srcset=\"https:\/\/afalesc.com.br\/site\/wp-content\/uploads\/2024\/11\/IMG_2182-1024x683.jpg 1024w, https:\/\/afalesc.com.br\/site\/wp-content\/uploads\/2024\/11\/IMG_2182-300x200.jpg 300w, https:\/\/afalesc.com.br\/site\/wp-content\/uploads\/2024\/11\/IMG_2182-768x512.jpg 768w, https:\/\/afalesc.com.br\/site\/wp-content\/uploads\/2024\/11\/IMG_2182-1536x1024.jpg 1536w, https:\/\/afalesc.com.br\/site\/wp-content\/uploads\/2024\/11\/IMG_2182-2048x1365.jpg 2048w, https:\/\/afalesc.com.br\/site\/wp-content\/uploads\/2024\/11\/IMG_2182-700x467.jpg 700w\" sizes=\"auto, (max-width: 1024px) 100vw, 1024px\" \/><\/a>\n\t\t\t<\/dt><\/dl><br style=\"clear: both\" \/><dl class='gallery-item'>\n\t\t\t<dt class='gallery-icon landscape'>\n\t\t\t\t<a href='https:\/\/afalesc.com.br\/site\/costelaco-e-dia-das-criancas-afalesc-2024\/img_2186\/'><img loading=\"lazy\" decoding=\"async\" width=\"1024\" height=\"683\" src=\"https:\/\/afalesc.com.br\/site\/wp-content\/uploads\/2024\/11\/IMG_2186-1024x683.jpg\" class=\"attachment-large size-large\" alt=\"\" srcset=\"https:\/\/afalesc.com.br\/site\/wp-content\/uploads\/2024\/11\/IMG_2186-1024x683.jpg 1024w, https:\/\/afalesc.com.br\/site\/wp-content\/uploads\/2024\/11\/IMG_2186-300x200.jpg 300w, https:\/\/afalesc.com.br\/site\/wp-content\/uploads\/2024\/11\/IMG_2186-768x512.jpg 768w, https:\/\/afalesc.com.br\/site\/wp-content\/uploads\/2024\/11\/IMG_2186-1536x1024.jpg 1536w, https:\/\/afalesc.com.br\/site\/wp-content\/uploads\/2024\/11\/IMG_2186-2048x1365.jpg 2048w, https:\/\/afalesc.com.br\/site\/wp-content\/uploads\/2024\/11\/IMG_2186-700x467.jpg 700w\" sizes=\"auto, (max-width: 1024px) 100vw, 1024px\" \/><\/a>\n\t\t\t<\/dt><\/dl><br style=\"clear: both\" \/><dl class='gallery-item'>\n\t\t\t<dt class='gallery-icon landscape'>\n\t\t\t\t<a href='https:\/\/afalesc.com.br\/site\/costelaco-e-dia-das-criancas-afalesc-2024\/img_2188\/'><img loading=\"lazy\" decoding=\"async\" width=\"1024\" height=\"683\" src=\"https:\/\/afalesc.com.br\/site\/wp-content\/uploads\/2024\/11\/IMG_2188-1024x683.jpg\" class=\"attachment-large size-large\" alt=\"\" srcset=\"https:\/\/afalesc.com.br\/site\/wp-content\/uploads\/2024\/11\/IMG_2188-1024x683.jpg 1024w, https:\/\/afalesc.com.br\/site\/wp-content\/uploads\/2024\/11\/IMG_2188-300x200.jpg 300w, https:\/\/afalesc.com.br\/site\/wp-content\/uploads\/2024\/11\/IMG_2188-768x512.jpg 768w, https:\/\/afalesc.com.br\/site\/wp-content\/uploads\/2024\/11\/IMG_2188-1536x1024.jpg 1536w, https:\/\/afalesc.com.br\/site\/wp-content\/uploads\/2024\/11\/IMG_2188-2048x1365.jpg 2048w, https:\/\/afalesc.com.br\/site\/wp-content\/uploads\/2024\/11\/IMG_2188-700x467.jpg 700w\" sizes=\"auto, (max-width: 1024px) 100vw, 1024px\" \/><\/a>\n\t\t\t<\/dt><\/dl><br style=\"clear: both\" \/><dl class='gallery-item'>\n\t\t\t<dt class='gallery-icon landscape'>\n\t\t\t\t<a href='https:\/\/afalesc.com.br\/site\/costelaco-e-dia-das-criancas-afalesc-2024\/img_2193\/'><img loading=\"lazy\" decoding=\"async\" width=\"1024\" height=\"683\" src=\"https:\/\/afalesc.com.br\/site\/wp-content\/uploads\/2024\/11\/IMG_2193-1024x683.jpg\" class=\"attachment-large size-large\" alt=\"\" srcset=\"https:\/\/afalesc.com.br\/site\/wp-content\/uploads\/2024\/11\/IMG_2193-1024x683.jpg 1024w, https:\/\/afalesc.com.br\/site\/wp-content\/uploads\/2024\/11\/IMG_2193-300x200.jpg 300w, https:\/\/afalesc.com.br\/site\/wp-content\/uploads\/2024\/11\/IMG_2193-768x512.jpg 768w, https:\/\/afalesc.com.br\/site\/wp-content\/uploads\/2024\/11\/IMG_2193-1536x1024.jpg 1536w, https:\/\/afalesc.com.br\/site\/wp-content\/uploads\/2024\/11\/IMG_2193-2048x1365.jpg 2048w, https:\/\/afalesc.com.br\/site\/wp-content\/uploads\/2024\/11\/IMG_2193-700x467.jpg 700w\" sizes=\"auto, (max-width: 1024px) 100vw, 1024px\" \/><\/a>\n\t\t\t<\/dt><\/dl><br style=\"clear: both\" \/><dl class='gallery-item'>\n\t\t\t<dt class='gallery-icon landscape'>\n\t\t\t\t<a href='https:\/\/afalesc.com.br\/site\/costelaco-e-dia-das-criancas-afalesc-2024\/img_2195\/'><img loading=\"lazy\" decoding=\"async\" width=\"1024\" height=\"683\" src=\"https:\/\/afalesc.com.br\/site\/wp-content\/uploads\/2024\/11\/IMG_2195-1024x683.jpg\" class=\"attachment-large size-large\" alt=\"\" srcset=\"https:\/\/afalesc.com.br\/site\/wp-content\/uploads\/2024\/11\/IMG_2195-1024x683.jpg 1024w, https:\/\/afalesc.com.br\/site\/wp-content\/uploads\/2024\/11\/IMG_2195-300x200.jpg 300w, https:\/\/afalesc.com.br\/site\/wp-content\/uploads\/2024\/11\/IMG_2195-768x512.jpg 768w, https:\/\/afalesc.com.br\/site\/wp-content\/uploads\/2024\/11\/IMG_2195-1536x1024.jpg 1536w, https:\/\/afalesc.com.br\/site\/wp-content\/uploads\/2024\/11\/IMG_2195-2048x1365.jpg 2048w, https:\/\/afalesc.com.br\/site\/wp-content\/uploads\/2024\/11\/IMG_2195-700x467.jpg 700w\" sizes=\"auto, (max-width: 1024px) 100vw, 1024px\" \/><\/a>\n\t\t\t<\/dt><\/dl><br style=\"clear: both\" \/><dl class='gallery-item'>\n\t\t\t<dt class='gallery-icon landscape'>\n\t\t\t\t<a href='https:\/\/afalesc.com.br\/site\/costelaco-e-dia-das-criancas-afalesc-2024\/img_2201\/'><img loading=\"lazy\" decoding=\"async\" width=\"1024\" height=\"683\" src=\"https:\/\/afalesc.com.br\/site\/wp-content\/uploads\/2024\/11\/IMG_2201-1024x683.jpg\" class=\"attachment-large size-large\" alt=\"\" srcset=\"https:\/\/afalesc.com.br\/site\/wp-content\/uploads\/2024\/11\/IMG_2201-1024x683.jpg 1024w, https:\/\/afalesc.com.br\/site\/wp-content\/uploads\/2024\/11\/IMG_2201-300x200.jpg 300w, https:\/\/afalesc.com.br\/site\/wp-content\/uploads\/2024\/11\/IMG_2201-768x512.jpg 768w, https:\/\/afalesc.com.br\/site\/wp-content\/uploads\/2024\/11\/IMG_2201-1536x1024.jpg 1536w, https:\/\/afalesc.com.br\/site\/wp-content\/uploads\/2024\/11\/IMG_2201-2048x1365.jpg 2048w, https:\/\/afalesc.com.br\/site\/wp-content\/uploads\/2024\/11\/IMG_2201-700x467.jpg 700w\" sizes=\"auto, (max-width: 1024px) 100vw, 1024px\" \/><\/a>\n\t\t\t<\/dt><\/dl><br style=\"clear: both\" \/><dl class='gallery-item'>\n\t\t\t<dt class='gallery-icon landscape'>\n\t\t\t\t<a href='https:\/\/afalesc.com.br\/site\/costelaco-e-dia-das-criancas-afalesc-2024\/img_2204\/'><img loading=\"lazy\" decoding=\"async\" width=\"1024\" height=\"683\" src=\"https:\/\/afalesc.com.br\/site\/wp-content\/uploads\/2024\/11\/IMG_2204-1024x683.jpg\" class=\"attachment-large size-large\" alt=\"\" srcset=\"https:\/\/afalesc.com.br\/site\/wp-content\/uploads\/2024\/11\/IMG_2204-1024x683.jpg 1024w, https:\/\/afalesc.com.br\/site\/wp-content\/uploads\/2024\/11\/IMG_2204-300x200.jpg 300w, https:\/\/afalesc.com.br\/site\/wp-content\/uploads\/2024\/11\/IMG_2204-768x512.jpg 768w, https:\/\/afalesc.com.br\/site\/wp-content\/uploads\/2024\/11\/IMG_2204-1536x1024.jpg 1536w, https:\/\/afalesc.com.br\/site\/wp-content\/uploads\/2024\/11\/IMG_2204-2048x1365.jpg 2048w, https:\/\/afalesc.com.br\/site\/wp-content\/uploads\/2024\/11\/IMG_2204-700x467.jpg 700w\" sizes=\"auto, (max-width: 1024px) 100vw, 1024px\" \/><\/a>\n\t\t\t<\/dt><\/dl><br style=\"clear: both\" \/><dl class='gallery-item'>\n\t\t\t<dt class='gallery-icon landscape'>\n\t\t\t\t<a href='https:\/\/afalesc.com.br\/site\/costelaco-e-dia-das-criancas-afalesc-2024\/img_2206\/'><img loading=\"lazy\" decoding=\"async\" width=\"1024\" height=\"683\" src=\"https:\/\/afalesc.com.br\/site\/wp-content\/uploads\/2024\/11\/IMG_2206-1024x683.jpg\" class=\"attachment-large size-large\" alt=\"\" srcset=\"https:\/\/afalesc.com.br\/site\/wp-content\/uploads\/2024\/11\/IMG_2206-1024x683.jpg 1024w, https:\/\/afalesc.com.br\/site\/wp-content\/uploads\/2024\/11\/IMG_2206-300x200.jpg 300w, https:\/\/afalesc.com.br\/site\/wp-content\/uploads\/2024\/11\/IMG_2206-768x512.jpg 768w, https:\/\/afalesc.com.br\/site\/wp-content\/uploads\/2024\/11\/IMG_2206-1536x1024.jpg 1536w, https:\/\/afalesc.com.br\/site\/wp-content\/uploads\/2024\/11\/IMG_2206-2048x1365.jpg 2048w, https:\/\/afalesc.com.br\/site\/wp-content\/uploads\/2024\/11\/IMG_2206-700x467.jpg 700w\" sizes=\"auto, (max-width: 1024px) 100vw, 1024px\" \/><\/a>\n\t\t\t<\/dt><\/dl><br style=\"clear: both\" \/><dl class='gallery-item'>\n\t\t\t<dt class='gallery-icon landscape'>\n\t\t\t\t<a href='https:\/\/afalesc.com.br\/site\/costelaco-e-dia-das-criancas-afalesc-2024\/img_2212\/'><img loading=\"lazy\" decoding=\"async\" width=\"1024\" height=\"683\" src=\"https:\/\/afalesc.com.br\/site\/wp-content\/uploads\/2024\/11\/IMG_2212-1024x683.jpg\" class=\"attachment-large size-large\" alt=\"\" srcset=\"https:\/\/afalesc.com.br\/site\/wp-content\/uploads\/2024\/11\/IMG_2212-1024x683.jpg 1024w, https:\/\/afalesc.com.br\/site\/wp-content\/uploads\/2024\/11\/IMG_2212-300x200.jpg 300w, https:\/\/afalesc.com.br\/site\/wp-content\/uploads\/2024\/11\/IMG_2212-768x512.jpg 768w, https:\/\/afalesc.com.br\/site\/wp-content\/uploads\/2024\/11\/IMG_2212-1536x1024.jpg 1536w, https:\/\/afalesc.com.br\/site\/wp-content\/uploads\/2024\/11\/IMG_2212-2048x1365.jpg 2048w, https:\/\/afalesc.com.br\/site\/wp-content\/uploads\/2024\/11\/IMG_2212-700x467.jpg 700w\" sizes=\"auto, (max-width: 1024px) 100vw, 1024px\" \/><\/a>\n\t\t\t<\/dt><\/dl><br style=\"clear: both\" \/><dl class='gallery-item'>\n\t\t\t<dt class='gallery-icon landscape'>\n\t\t\t\t<a href='https:\/\/afalesc.com.br\/site\/costelaco-e-dia-das-criancas-afalesc-2024\/img_2227\/'><img loading=\"lazy\" decoding=\"async\" width=\"1024\" height=\"683\" src=\"https:\/\/afalesc.com.br\/site\/wp-content\/uploads\/2024\/11\/IMG_2227-1024x683.jpg\" class=\"attachment-large size-large\" alt=\"\" srcset=\"https:\/\/afalesc.com.br\/site\/wp-content\/uploads\/2024\/11\/IMG_2227-1024x683.jpg 1024w, https:\/\/afalesc.com.br\/site\/wp-content\/uploads\/2024\/11\/IMG_2227-300x200.jpg 300w, https:\/\/afalesc.com.br\/site\/wp-content\/uploads\/2024\/11\/IMG_2227-768x512.jpg 768w, https:\/\/afalesc.com.br\/site\/wp-content\/uploads\/2024\/11\/IMG_2227-1536x1024.jpg 1536w, https:\/\/afalesc.com.br\/site\/wp-content\/uploads\/2024\/11\/IMG_2227-2048x1365.jpg 2048w, https:\/\/afalesc.com.br\/site\/wp-content\/uploads\/2024\/11\/IMG_2227-700x467.jpg 700w\" sizes=\"auto, (max-width: 1024px) 100vw, 1024px\" \/><\/a>\n\t\t\t<\/dt><\/dl><br style=\"clear: both\" \/><dl class='gallery-item'>\n\t\t\t<dt class='gallery-icon landscape'>\n\t\t\t\t<a href='https:\/\/afalesc.com.br\/site\/costelaco-e-dia-das-criancas-afalesc-2024\/img_2235\/'><img loading=\"lazy\" decoding=\"async\" width=\"1024\" height=\"683\" src=\"https:\/\/afalesc.com.br\/site\/wp-content\/uploads\/2024\/11\/IMG_2235-1024x683.jpg\" class=\"attachment-large size-large\" alt=\"\" srcset=\"https:\/\/afalesc.com.br\/site\/wp-content\/uploads\/2024\/11\/IMG_2235-1024x683.jpg 1024w, https:\/\/afalesc.com.br\/site\/wp-content\/uploads\/2024\/11\/IMG_2235-300x200.jpg 300w, https:\/\/afalesc.com.br\/site\/wp-content\/uploads\/2024\/11\/IMG_2235-768x512.jpg 768w, https:\/\/afalesc.com.br\/site\/wp-content\/uploads\/2024\/11\/IMG_2235-1536x1024.jpg 1536w, https:\/\/afalesc.com.br\/site\/wp-content\/uploads\/2024\/11\/IMG_2235-2048x1365.jpg 2048w, https:\/\/afalesc.com.br\/site\/wp-content\/uploads\/2024\/11\/IMG_2235-700x467.jpg 700w\" sizes=\"auto, (max-width: 1024px) 100vw, 1024px\" \/><\/a>\n\t\t\t<\/dt><\/dl><br style=\"clear: both\" \/><dl class='gallery-item'>\n\t\t\t<dt class='gallery-icon landscape'>\n\t\t\t\t<a href='https:\/\/afalesc.com.br\/site\/costelaco-e-dia-das-criancas-afalesc-2024\/img_2242\/'><img loading=\"lazy\" decoding=\"async\" width=\"1024\" height=\"683\" src=\"https:\/\/afalesc.com.br\/site\/wp-content\/uploads\/2024\/11\/IMG_2242-1024x683.jpg\" class=\"attachment-large size-large\" alt=\"\" srcset=\"https:\/\/afalesc.com.br\/site\/wp-content\/uploads\/2024\/11\/IMG_2242-1024x683.jpg 1024w, https:\/\/afalesc.com.br\/site\/wp-content\/uploads\/2024\/11\/IMG_2242-300x200.jpg 300w, https:\/\/afalesc.com.br\/site\/wp-content\/uploads\/2024\/11\/IMG_2242-768x512.jpg 768w, https:\/\/afalesc.com.br\/site\/wp-content\/uploads\/2024\/11\/IMG_2242-1536x1024.jpg 1536w, https:\/\/afalesc.com.br\/site\/wp-content\/uploads\/2024\/11\/IMG_2242-2048x1365.jpg 2048w, https:\/\/afalesc.com.br\/site\/wp-content\/uploads\/2024\/11\/IMG_2242-700x467.jpg 700w\" sizes=\"auto, (max-width: 1024px) 100vw, 1024px\" \/><\/a>\n\t\t\t<\/dt><\/dl><br style=\"clear: both\" \/><dl class='gallery-item'>\n\t\t\t<dt class='gallery-icon landscape'>\n\t\t\t\t<a href='https:\/\/afalesc.com.br\/site\/costelaco-e-dia-das-criancas-afalesc-2024\/img_2245\/'><img loading=\"lazy\" decoding=\"async\" width=\"1024\" height=\"683\" src=\"https:\/\/afalesc.com.br\/site\/wp-content\/uploads\/2024\/11\/IMG_2245-1024x683.jpg\" class=\"attachment-large size-large\" alt=\"\" srcset=\"https:\/\/afalesc.com.br\/site\/wp-content\/uploads\/2024\/11\/IMG_2245-1024x683.jpg 1024w, https:\/\/afalesc.com.br\/site\/wp-content\/uploads\/2024\/11\/IMG_2245-300x200.jpg 300w, https:\/\/afalesc.com.br\/site\/wp-content\/uploads\/2024\/11\/IMG_2245-768x512.jpg 768w, https:\/\/afalesc.com.br\/site\/wp-content\/uploads\/2024\/11\/IMG_2245-1536x1024.jpg 1536w, https:\/\/afalesc.com.br\/site\/wp-content\/uploads\/2024\/11\/IMG_2245-2048x1365.jpg 2048w, https:\/\/afalesc.com.br\/site\/wp-content\/uploads\/2024\/11\/IMG_2245-700x467.jpg 700w\" sizes=\"auto, (max-width: 1024px) 100vw, 1024px\" \/><\/a>\n\t\t\t<\/dt><\/dl><br style=\"clear: both\" \/><dl class='gallery-item'>\n\t\t\t<dt class='gallery-icon landscape'>\n\t\t\t\t<a href='https:\/\/afalesc.com.br\/site\/costelaco-e-dia-das-criancas-afalesc-2024\/img_2249\/'><img loading=\"lazy\" decoding=\"async\" width=\"1024\" height=\"683\" src=\"https:\/\/afalesc.com.br\/site\/wp-content\/uploads\/2024\/11\/IMG_2249-1024x683.jpg\" class=\"attachment-large size-large\" alt=\"\" srcset=\"https:\/\/afalesc.com.br\/site\/wp-content\/uploads\/2024\/11\/IMG_2249-1024x683.jpg 1024w, https:\/\/afalesc.com.br\/site\/wp-content\/uploads\/2024\/11\/IMG_2249-300x200.jpg 300w, https:\/\/afalesc.com.br\/site\/wp-content\/uploads\/2024\/11\/IMG_2249-768x512.jpg 768w, https:\/\/afalesc.com.br\/site\/wp-content\/uploads\/2024\/11\/IMG_2249-1536x1024.jpg 1536w, https:\/\/afalesc.com.br\/site\/wp-content\/uploads\/2024\/11\/IMG_2249-2048x1365.jpg 2048w, https:\/\/afalesc.com.br\/site\/wp-content\/uploads\/2024\/11\/IMG_2249-700x467.jpg 700w\" sizes=\"auto, (max-width: 1024px) 100vw, 1024px\" \/><\/a>\n\t\t\t<\/dt><\/dl><br style=\"clear: both\" \/><dl class='gallery-item'>\n\t\t\t<dt class='gallery-icon landscape'>\n\t\t\t\t<a href='https:\/\/afalesc.com.br\/site\/costelaco-e-dia-das-criancas-afalesc-2024\/img_2252\/'><img loading=\"lazy\" decoding=\"async\" width=\"1024\" height=\"683\" src=\"https:\/\/afalesc.com.br\/site\/wp-content\/uploads\/2024\/11\/IMG_2252-1024x683.jpg\" class=\"attachment-large size-large\" alt=\"\" srcset=\"https:\/\/afalesc.com.br\/site\/wp-content\/uploads\/2024\/11\/IMG_2252-1024x683.jpg 1024w, https:\/\/afalesc.com.br\/site\/wp-content\/uploads\/2024\/11\/IMG_2252-300x200.jpg 300w, https:\/\/afalesc.com.br\/site\/wp-content\/uploads\/2024\/11\/IMG_2252-768x512.jpg 768w, https:\/\/afalesc.com.br\/site\/wp-content\/uploads\/2024\/11\/IMG_2252-1536x1024.jpg 1536w, https:\/\/afalesc.com.br\/site\/wp-content\/uploads\/2024\/11\/IMG_2252-2048x1365.jpg 2048w, https:\/\/afalesc.com.br\/site\/wp-content\/uploads\/2024\/11\/IMG_2252-700x467.jpg 700w\" sizes=\"auto, (max-width: 1024px) 100vw, 1024px\" \/><\/a>\n\t\t\t<\/dt><\/dl><br style=\"clear: both\" \/><dl class='gallery-item'>\n\t\t\t<dt class='gallery-icon landscape'>\n\t\t\t\t<a href='https:\/\/afalesc.com.br\/site\/costelaco-e-dia-das-criancas-afalesc-2024\/img_2258\/'><img loading=\"lazy\" decoding=\"async\" width=\"1024\" height=\"683\" src=\"https:\/\/afalesc.com.br\/site\/wp-content\/uploads\/2024\/11\/IMG_2258-1024x683.jpg\" class=\"attachment-large size-large\" alt=\"\" srcset=\"https:\/\/afalesc.com.br\/site\/wp-content\/uploads\/2024\/11\/IMG_2258-1024x683.jpg 1024w, https:\/\/afalesc.com.br\/site\/wp-content\/uploads\/2024\/11\/IMG_2258-300x200.jpg 300w, https:\/\/afalesc.com.br\/site\/wp-content\/uploads\/2024\/11\/IMG_2258-768x512.jpg 768w, https:\/\/afalesc.com.br\/site\/wp-content\/uploads\/2024\/11\/IMG_2258-1536x1024.jpg 1536w, https:\/\/afalesc.com.br\/site\/wp-content\/uploads\/2024\/11\/IMG_2258-2048x1365.jpg 2048w, https:\/\/afalesc.com.br\/site\/wp-content\/uploads\/2024\/11\/IMG_2258-700x467.jpg 700w\" sizes=\"auto, (max-width: 1024px) 100vw, 1024px\" \/><\/a>\n\t\t\t<\/dt><\/dl><br style=\"clear: both\" \/><dl class='gallery-item'>\n\t\t\t<dt class='gallery-icon landscape'>\n\t\t\t\t<a href='https:\/\/afalesc.com.br\/site\/costelaco-e-dia-das-criancas-afalesc-2024\/img_2269\/'><img loading=\"lazy\" decoding=\"async\" width=\"1024\" height=\"683\" src=\"https:\/\/afalesc.com.br\/site\/wp-content\/uploads\/2024\/11\/IMG_2269-1024x683.jpg\" class=\"attachment-large size-large\" alt=\"\" srcset=\"https:\/\/afalesc.com.br\/site\/wp-content\/uploads\/2024\/11\/IMG_2269-1024x683.jpg 1024w, https:\/\/afalesc.com.br\/site\/wp-content\/uploads\/2024\/11\/IMG_2269-300x200.jpg 300w, https:\/\/afalesc.com.br\/site\/wp-content\/uploads\/2024\/11\/IMG_2269-768x512.jpg 768w, https:\/\/afalesc.com.br\/site\/wp-content\/uploads\/2024\/11\/IMG_2269-1536x1024.jpg 1536w, https:\/\/afalesc.com.br\/site\/wp-content\/uploads\/2024\/11\/IMG_2269-2048x1365.jpg 2048w, https:\/\/afalesc.com.br\/site\/wp-content\/uploads\/2024\/11\/IMG_2269-700x467.jpg 700w\" sizes=\"auto, (max-width: 1024px) 100vw, 1024px\" \/><\/a>\n\t\t\t<\/dt><\/dl><br style=\"clear: both\" \/><dl class='gallery-item'>\n\t\t\t<dt class='gallery-icon landscape'>\n\t\t\t\t<a href='https:\/\/afalesc.com.br\/site\/costelaco-e-dia-das-criancas-afalesc-2024\/img_2271\/'><img loading=\"lazy\" decoding=\"async\" width=\"1024\" height=\"683\" src=\"https:\/\/afalesc.com.br\/site\/wp-content\/uploads\/2024\/11\/IMG_2271-1024x683.jpg\" class=\"attachment-large size-large\" alt=\"\" srcset=\"https:\/\/afalesc.com.br\/site\/wp-content\/uploads\/2024\/11\/IMG_2271-1024x683.jpg 1024w, https:\/\/afalesc.com.br\/site\/wp-content\/uploads\/2024\/11\/IMG_2271-300x200.jpg 300w, https:\/\/afalesc.com.br\/site\/wp-content\/uploads\/2024\/11\/IMG_2271-768x512.jpg 768w, https:\/\/afalesc.com.br\/site\/wp-content\/uploads\/2024\/11\/IMG_2271-1536x1024.jpg 1536w, https:\/\/afalesc.com.br\/site\/wp-content\/uploads\/2024\/11\/IMG_2271-2048x1365.jpg 2048w, https:\/\/afalesc.com.br\/site\/wp-content\/uploads\/2024\/11\/IMG_2271-700x467.jpg 700w\" sizes=\"auto, (max-width: 1024px) 100vw, 1024px\" \/><\/a>\n\t\t\t<\/dt><\/dl><br style=\"clear: both\" \/><dl class='gallery-item'>\n\t\t\t<dt class='gallery-icon landscape'>\n\t\t\t\t<a href='https:\/\/afalesc.com.br\/site\/costelaco-e-dia-das-criancas-afalesc-2024\/img_2279\/'><img loading=\"lazy\" decoding=\"async\" width=\"1024\" height=\"683\" src=\"https:\/\/afalesc.com.br\/site\/wp-content\/uploads\/2024\/11\/IMG_2279-1024x683.jpg\" class=\"attachment-large size-large\" alt=\"\" srcset=\"https:\/\/afalesc.com.br\/site\/wp-content\/uploads\/2024\/11\/IMG_2279-1024x683.jpg 1024w, https:\/\/afalesc.com.br\/site\/wp-content\/uploads\/2024\/11\/IMG_2279-300x200.jpg 300w, https:\/\/afalesc.com.br\/site\/wp-content\/uploads\/2024\/11\/IMG_2279-768x512.jpg 768w, https:\/\/afalesc.com.br\/site\/wp-content\/uploads\/2024\/11\/IMG_2279-1536x1024.jpg 1536w, https:\/\/afalesc.com.br\/site\/wp-content\/uploads\/2024\/11\/IMG_2279-2048x1365.jpg 2048w, https:\/\/afalesc.com.br\/site\/wp-content\/uploads\/2024\/11\/IMG_2279-700x467.jpg 700w\" sizes=\"auto, (max-width: 1024px) 100vw, 1024px\" \/><\/a>\n\t\t\t<\/dt><\/dl><br style=\"clear: both\" \/><dl class='gallery-item'>\n\t\t\t<dt class='gallery-icon landscape'>\n\t\t\t\t<a href='https:\/\/afalesc.com.br\/site\/costelaco-e-dia-das-criancas-afalesc-2024\/img_2288\/'><img loading=\"lazy\" decoding=\"async\" width=\"1024\" height=\"683\" src=\"https:\/\/afalesc.com.br\/site\/wp-content\/uploads\/2024\/11\/IMG_2288-1024x683.jpg\" class=\"attachment-large size-large\" alt=\"\" srcset=\"https:\/\/afalesc.com.br\/site\/wp-content\/uploads\/2024\/11\/IMG_2288-1024x683.jpg 1024w, https:\/\/afalesc.com.br\/site\/wp-content\/uploads\/2024\/11\/IMG_2288-300x200.jpg 300w, https:\/\/afalesc.com.br\/site\/wp-content\/uploads\/2024\/11\/IMG_2288-768x512.jpg 768w, https:\/\/afalesc.com.br\/site\/wp-content\/uploads\/2024\/11\/IMG_2288-1536x1024.jpg 1536w, https:\/\/afalesc.com.br\/site\/wp-content\/uploads\/2024\/11\/IMG_2288-2048x1365.jpg 2048w, https:\/\/afalesc.com.br\/site\/wp-content\/uploads\/2024\/11\/IMG_2288-700x467.jpg 700w\" sizes=\"auto, (max-width: 1024px) 100vw, 1024px\" \/><\/a>\n\t\t\t<\/dt><\/dl><br style=\"clear: both\" \/><dl class='gallery-item'>\n\t\t\t<dt class='gallery-icon landscape'>\n\t\t\t\t<a href='https:\/\/afalesc.com.br\/site\/costelaco-e-dia-das-criancas-afalesc-2024\/img_2304\/'><img loading=\"lazy\" decoding=\"async\" width=\"1024\" height=\"683\" src=\"https:\/\/afalesc.com.br\/site\/wp-content\/uploads\/2024\/11\/IMG_2304-1024x683.jpg\" class=\"attachment-large size-large\" alt=\"\" srcset=\"https:\/\/afalesc.com.br\/site\/wp-content\/uploads\/2024\/11\/IMG_2304-1024x683.jpg 1024w, https:\/\/afalesc.com.br\/site\/wp-content\/uploads\/2024\/11\/IMG_2304-300x200.jpg 300w, https:\/\/afalesc.com.br\/site\/wp-content\/uploads\/2024\/11\/IMG_2304-768x512.jpg 768w, https:\/\/afalesc.com.br\/site\/wp-content\/uploads\/2024\/11\/IMG_2304-1536x1024.jpg 1536w, https:\/\/afalesc.com.br\/site\/wp-content\/uploads\/2024\/11\/IMG_2304-2048x1365.jpg 2048w, https:\/\/afalesc.com.br\/site\/wp-content\/uploads\/2024\/11\/IMG_2304-700x467.jpg 700w\" sizes=\"auto, (max-width: 1024px) 100vw, 1024px\" \/><\/a>\n\t\t\t<\/dt><\/dl><br style=\"clear: both\" \/><dl class='gallery-item'>\n\t\t\t<dt class='gallery-icon landscape'>\n\t\t\t\t<a href='https:\/\/afalesc.com.br\/site\/costelaco-e-dia-das-criancas-afalesc-2024\/img_2307\/'><img loading=\"lazy\" decoding=\"async\" width=\"1024\" height=\"683\" src=\"https:\/\/afalesc.com.br\/site\/wp-content\/uploads\/2024\/11\/IMG_2307-1024x683.jpg\" class=\"attachment-large size-large\" alt=\"\" srcset=\"https:\/\/afalesc.com.br\/site\/wp-content\/uploads\/2024\/11\/IMG_2307-1024x683.jpg 1024w, https:\/\/afalesc.com.br\/site\/wp-content\/uploads\/2024\/11\/IMG_2307-300x200.jpg 300w, https:\/\/afalesc.com.br\/site\/wp-content\/uploads\/2024\/11\/IMG_2307-768x512.jpg 768w, https:\/\/afalesc.com.br\/site\/wp-content\/uploads\/2024\/11\/IMG_2307-1536x1024.jpg 1536w, https:\/\/afalesc.com.br\/site\/wp-content\/uploads\/2024\/11\/IMG_2307-2048x1365.jpg 2048w, https:\/\/afalesc.com.br\/site\/wp-content\/uploads\/2024\/11\/IMG_2307-700x467.jpg 700w\" sizes=\"auto, (max-width: 1024px) 100vw, 1024px\" \/><\/a>\n\t\t\t<\/dt><\/dl><br style=\"clear: both\" \/><dl class='gallery-item'>\n\t\t\t<dt class='gallery-icon landscape'>\n\t\t\t\t<a href='https:\/\/afalesc.com.br\/site\/costelaco-e-dia-das-criancas-afalesc-2024\/img_2314\/'><img loading=\"lazy\" decoding=\"async\" width=\"1024\" height=\"683\" src=\"https:\/\/afalesc.com.br\/site\/wp-content\/uploads\/2024\/11\/IMG_2314-1024x683.jpg\" class=\"attachment-large size-large\" alt=\"\" srcset=\"https:\/\/afalesc.com.br\/site\/wp-content\/uploads\/2024\/11\/IMG_2314-1024x683.jpg 1024w, https:\/\/afalesc.com.br\/site\/wp-content\/uploads\/2024\/11\/IMG_2314-300x200.jpg 300w, https:\/\/afalesc.com.br\/site\/wp-content\/uploads\/2024\/11\/IMG_2314-768x512.jpg 768w, https:\/\/afalesc.com.br\/site\/wp-content\/uploads\/2024\/11\/IMG_2314-1536x1024.jpg 1536w, https:\/\/afalesc.com.br\/site\/wp-content\/uploads\/2024\/11\/IMG_2314-2048x1365.jpg 2048w, https:\/\/afalesc.com.br\/site\/wp-content\/uploads\/2024\/11\/IMG_2314-700x467.jpg 700w\" sizes=\"auto, (max-width: 1024px) 100vw, 1024px\" \/><\/a>\n\t\t\t<\/dt><\/dl><br style=\"clear: both\" \/><dl class='gallery-item'>\n\t\t\t<dt class='gallery-icon landscape'>\n\t\t\t\t<a href='https:\/\/afalesc.com.br\/site\/costelaco-e-dia-das-criancas-afalesc-2024\/img_2317\/'><img loading=\"lazy\" decoding=\"async\" width=\"1024\" height=\"683\" src=\"https:\/\/afalesc.com.br\/site\/wp-content\/uploads\/2024\/11\/IMG_2317-1024x683.jpg\" class=\"attachment-large size-large\" alt=\"\" srcset=\"https:\/\/afalesc.com.br\/site\/wp-content\/uploads\/2024\/11\/IMG_2317-1024x683.jpg 1024w, https:\/\/afalesc.com.br\/site\/wp-content\/uploads\/2024\/11\/IMG_2317-300x200.jpg 300w, https:\/\/afalesc.com.br\/site\/wp-content\/uploads\/2024\/11\/IMG_2317-768x512.jpg 768w, https:\/\/afalesc.com.br\/site\/wp-content\/uploads\/2024\/11\/IMG_2317-1536x1024.jpg 1536w, https:\/\/afalesc.com.br\/site\/wp-content\/uploads\/2024\/11\/IMG_2317-2048x1365.jpg 2048w, https:\/\/afalesc.com.br\/site\/wp-content\/uploads\/2024\/11\/IMG_2317-700x467.jpg 700w\" sizes=\"auto, (max-width: 1024px) 100vw, 1024px\" \/><\/a>\n\t\t\t<\/dt><\/dl><br style=\"clear: both\" \/><dl class='gallery-item'>\n\t\t\t<dt class='gallery-icon landscape'>\n\t\t\t\t<a href='https:\/\/afalesc.com.br\/site\/costelaco-e-dia-das-criancas-afalesc-2024\/img_2320\/'><img loading=\"lazy\" decoding=\"async\" width=\"1024\" height=\"683\" src=\"https:\/\/afalesc.com.br\/site\/wp-content\/uploads\/2024\/11\/IMG_2320-1024x683.jpg\" class=\"attachment-large size-large\" alt=\"\" srcset=\"https:\/\/afalesc.com.br\/site\/wp-content\/uploads\/2024\/11\/IMG_2320-1024x683.jpg 1024w, https:\/\/afalesc.com.br\/site\/wp-content\/uploads\/2024\/11\/IMG_2320-300x200.jpg 300w, https:\/\/afalesc.com.br\/site\/wp-content\/uploads\/2024\/11\/IMG_2320-768x512.jpg 768w, https:\/\/afalesc.com.br\/site\/wp-content\/uploads\/2024\/11\/IMG_2320-1536x1024.jpg 1536w, https:\/\/afalesc.com.br\/site\/wp-content\/uploads\/2024\/11\/IMG_2320-2048x1365.jpg 2048w, https:\/\/afalesc.com.br\/site\/wp-content\/uploads\/2024\/11\/IMG_2320-700x467.jpg 700w\" sizes=\"auto, (max-width: 1024px) 100vw, 1024px\" \/><\/a>\n\t\t\t<\/dt><\/dl><br style=\"clear: both\" \/><dl class='gallery-item'>\n\t\t\t<dt class='gallery-icon landscape'>\n\t\t\t\t<a href='https:\/\/afalesc.com.br\/site\/costelaco-e-dia-das-criancas-afalesc-2024\/img_2337\/'><img loading=\"lazy\" decoding=\"async\" width=\"1024\" height=\"683\" src=\"https:\/\/afalesc.com.br\/site\/wp-content\/uploads\/2024\/11\/IMG_2337-1024x683.jpg\" class=\"attachment-large size-large\" alt=\"\" srcset=\"https:\/\/afalesc.com.br\/site\/wp-content\/uploads\/2024\/11\/IMG_2337-1024x683.jpg 1024w, https:\/\/afalesc.com.br\/site\/wp-content\/uploads\/2024\/11\/IMG_2337-300x200.jpg 300w, https:\/\/afalesc.com.br\/site\/wp-content\/uploads\/2024\/11\/IMG_2337-768x512.jpg 768w, https:\/\/afalesc.com.br\/site\/wp-content\/uploads\/2024\/11\/IMG_2337-1536x1024.jpg 1536w, https:\/\/afalesc.com.br\/site\/wp-content\/uploads\/2024\/11\/IMG_2337-2048x1365.jpg 2048w, https:\/\/afalesc.com.br\/site\/wp-content\/uploads\/2024\/11\/IMG_2337-700x467.jpg 700w\" sizes=\"auto, (max-width: 1024px) 100vw, 1024px\" \/><\/a>\n\t\t\t<\/dt><\/dl><br style=\"clear: both\" \/><dl class='gallery-item'>\n\t\t\t<dt class='gallery-icon landscape'>\n\t\t\t\t<a href='https:\/\/afalesc.com.br\/site\/costelaco-e-dia-das-criancas-afalesc-2024\/img_2342\/'><img loading=\"lazy\" decoding=\"async\" width=\"1024\" height=\"683\" src=\"https:\/\/afalesc.com.br\/site\/wp-content\/uploads\/2024\/11\/IMG_2342-1024x683.jpg\" class=\"attachment-large size-large\" alt=\"\" srcset=\"https:\/\/afalesc.com.br\/site\/wp-content\/uploads\/2024\/11\/IMG_2342-1024x683.jpg 1024w, https:\/\/afalesc.com.br\/site\/wp-content\/uploads\/2024\/11\/IMG_2342-300x200.jpg 300w, https:\/\/afalesc.com.br\/site\/wp-content\/uploads\/2024\/11\/IMG_2342-768x512.jpg 768w, https:\/\/afalesc.com.br\/site\/wp-content\/uploads\/2024\/11\/IMG_2342-1536x1024.jpg 1536w, https:\/\/afalesc.com.br\/site\/wp-content\/uploads\/2024\/11\/IMG_2342-2048x1365.jpg 2048w, https:\/\/afalesc.com.br\/site\/wp-content\/uploads\/2024\/11\/IMG_2342-700x467.jpg 700w\" sizes=\"auto, (max-width: 1024px) 100vw, 1024px\" \/><\/a>\n\t\t\t<\/dt><\/dl><br style=\"clear: both\" \/><dl class='gallery-item'>\n\t\t\t<dt class='gallery-icon landscape'>\n\t\t\t\t<a href='https:\/\/afalesc.com.br\/site\/costelaco-e-dia-das-criancas-afalesc-2024\/img_2360\/'><img loading=\"lazy\" decoding=\"async\" width=\"1024\" height=\"683\" src=\"https:\/\/afalesc.com.br\/site\/wp-content\/uploads\/2024\/11\/IMG_2360-1024x683.jpg\" class=\"attachment-large size-large\" alt=\"\" srcset=\"https:\/\/afalesc.com.br\/site\/wp-content\/uploads\/2024\/11\/IMG_2360-1024x683.jpg 1024w, https:\/\/afalesc.com.br\/site\/wp-content\/uploads\/2024\/11\/IMG_2360-300x200.jpg 300w, https:\/\/afalesc.com.br\/site\/wp-content\/uploads\/2024\/11\/IMG_2360-768x512.jpg 768w, https:\/\/afalesc.com.br\/site\/wp-content\/uploads\/2024\/11\/IMG_2360-1536x1024.jpg 1536w, https:\/\/afalesc.com.br\/site\/wp-content\/uploads\/2024\/11\/IMG_2360-2048x1365.jpg 2048w, https:\/\/afalesc.com.br\/site\/wp-content\/uploads\/2024\/11\/IMG_2360-700x467.jpg 700w\" sizes=\"auto, (max-width: 1024px) 100vw, 1024px\" \/><\/a>\n\t\t\t<\/dt><\/dl><br style=\"clear: both\" \/><dl class='gallery-item'>\n\t\t\t<dt class='gallery-icon landscape'>\n\t\t\t\t<a href='https:\/\/afalesc.com.br\/site\/costelaco-e-dia-das-criancas-afalesc-2024\/img_2361\/'><img loading=\"lazy\" decoding=\"async\" width=\"1024\" height=\"683\" src=\"https:\/\/afalesc.com.br\/site\/wp-content\/uploads\/2024\/11\/IMG_2361-1024x683.jpg\" class=\"attachment-large size-large\" alt=\"\" srcset=\"https:\/\/afalesc.com.br\/site\/wp-content\/uploads\/2024\/11\/IMG_2361-1024x683.jpg 1024w, https:\/\/afalesc.com.br\/site\/wp-content\/uploads\/2024\/11\/IMG_2361-300x200.jpg 300w, https:\/\/afalesc.com.br\/site\/wp-content\/uploads\/2024\/11\/IMG_2361-768x512.jpg 768w, https:\/\/afalesc.com.br\/site\/wp-content\/uploads\/2024\/11\/IMG_2361-1536x1024.jpg 1536w, https:\/\/afalesc.com.br\/site\/wp-content\/uploads\/2024\/11\/IMG_2361-2048x1365.jpg 2048w, https:\/\/afalesc.com.br\/site\/wp-content\/uploads\/2024\/11\/IMG_2361-700x467.jpg 700w\" sizes=\"auto, (max-width: 1024px) 100vw, 1024px\" \/><\/a>\n\t\t\t<\/dt><\/dl><br style=\"clear: both\" \/><dl class='gallery-item'>\n\t\t\t<dt class='gallery-icon landscape'>\n\t\t\t\t<a href='https:\/\/afalesc.com.br\/site\/costelaco-e-dia-das-criancas-afalesc-2024\/img_2363\/'><img loading=\"lazy\" decoding=\"async\" width=\"1024\" height=\"683\" src=\"https:\/\/afalesc.com.br\/site\/wp-content\/uploads\/2024\/11\/IMG_2363-1024x683.jpg\" class=\"attachment-large size-large\" alt=\"\" srcset=\"https:\/\/afalesc.com.br\/site\/wp-content\/uploads\/2024\/11\/IMG_2363-1024x683.jpg 1024w, https:\/\/afalesc.com.br\/site\/wp-content\/uploads\/2024\/11\/IMG_2363-300x200.jpg 300w, https:\/\/afalesc.com.br\/site\/wp-content\/uploads\/2024\/11\/IMG_2363-768x512.jpg 768w, https:\/\/afalesc.com.br\/site\/wp-content\/uploads\/2024\/11\/IMG_2363-1536x1024.jpg 1536w, https:\/\/afalesc.com.br\/site\/wp-content\/uploads\/2024\/11\/IMG_2363-2048x1365.jpg 2048w, https:\/\/afalesc.com.br\/site\/wp-content\/uploads\/2024\/11\/IMG_2363-700x467.jpg 700w\" sizes=\"auto, (max-width: 1024px) 100vw, 1024px\" \/><\/a>\n\t\t\t<\/dt><\/dl><br style=\"clear: both\" \/><dl class='gallery-item'>\n\t\t\t<dt class='gallery-icon landscape'>\n\t\t\t\t<a href='https:\/\/afalesc.com.br\/site\/costelaco-e-dia-das-criancas-afalesc-2024\/img_2364\/'><img loading=\"lazy\" decoding=\"async\" width=\"1024\" height=\"683\" src=\"https:\/\/afalesc.com.br\/site\/wp-content\/uploads\/2024\/11\/IMG_2364-1024x683.jpg\" class=\"attachment-large size-large\" alt=\"\" srcset=\"https:\/\/afalesc.com.br\/site\/wp-content\/uploads\/2024\/11\/IMG_2364-1024x683.jpg 1024w, https:\/\/afalesc.com.br\/site\/wp-content\/uploads\/2024\/11\/IMG_2364-300x200.jpg 300w, https:\/\/afalesc.com.br\/site\/wp-content\/uploads\/2024\/11\/IMG_2364-768x512.jpg 768w, https:\/\/afalesc.com.br\/site\/wp-content\/uploads\/2024\/11\/IMG_2364-1536x1024.jpg 1536w, https:\/\/afalesc.com.br\/site\/wp-content\/uploads\/2024\/11\/IMG_2364-2048x1365.jpg 2048w, https:\/\/afalesc.com.br\/site\/wp-content\/uploads\/2024\/11\/IMG_2364-700x467.jpg 700w\" sizes=\"auto, (max-width: 1024px) 100vw, 1024px\" \/><\/a>\n\t\t\t<\/dt><\/dl><br style=\"clear: both\" \/><dl class='gallery-item'>\n\t\t\t<dt class='gallery-icon landscape'>\n\t\t\t\t<a href='https:\/\/afalesc.com.br\/site\/costelaco-e-dia-das-criancas-afalesc-2024\/img_2366\/'><img loading=\"lazy\" decoding=\"async\" width=\"1024\" height=\"683\" src=\"https:\/\/afalesc.com.br\/site\/wp-content\/uploads\/2024\/11\/IMG_2366-1024x683.jpg\" class=\"attachment-large size-large\" alt=\"\" srcset=\"https:\/\/afalesc.com.br\/site\/wp-content\/uploads\/2024\/11\/IMG_2366-1024x683.jpg 1024w, https:\/\/afalesc.com.br\/site\/wp-content\/uploads\/2024\/11\/IMG_2366-300x200.jpg 300w, https:\/\/afalesc.com.br\/site\/wp-content\/uploads\/2024\/11\/IMG_2366-768x512.jpg 768w, https:\/\/afalesc.com.br\/site\/wp-content\/uploads\/2024\/11\/IMG_2366-1536x1024.jpg 1536w, https:\/\/afalesc.com.br\/site\/wp-content\/uploads\/2024\/11\/IMG_2366-2048x1365.jpg 2048w, https:\/\/afalesc.com.br\/site\/wp-content\/uploads\/2024\/11\/IMG_2366-700x467.jpg 700w\" sizes=\"auto, (max-width: 1024px) 100vw, 1024px\" \/><\/a>\n\t\t\t<\/dt><\/dl><br style=\"clear: both\" \/><dl class='gallery-item'>\n\t\t\t<dt class='gallery-icon landscape'>\n\t\t\t\t<a href='https:\/\/afalesc.com.br\/site\/costelaco-e-dia-das-criancas-afalesc-2024\/img_2379\/'><img loading=\"lazy\" decoding=\"async\" width=\"1024\" height=\"683\" src=\"https:\/\/afalesc.com.br\/site\/wp-content\/uploads\/2024\/11\/IMG_2379-1024x683.jpg\" class=\"attachment-large size-large\" alt=\"\" srcset=\"https:\/\/afalesc.com.br\/site\/wp-content\/uploads\/2024\/11\/IMG_2379-1024x683.jpg 1024w, https:\/\/afalesc.com.br\/site\/wp-content\/uploads\/2024\/11\/IMG_2379-300x200.jpg 300w, https:\/\/afalesc.com.br\/site\/wp-content\/uploads\/2024\/11\/IMG_2379-768x512.jpg 768w, https:\/\/afalesc.com.br\/site\/wp-content\/uploads\/2024\/11\/IMG_2379-1536x1024.jpg 1536w, https:\/\/afalesc.com.br\/site\/wp-content\/uploads\/2024\/11\/IMG_2379-2048x1365.jpg 2048w, https:\/\/afalesc.com.br\/site\/wp-content\/uploads\/2024\/11\/IMG_2379-700x467.jpg 700w\" sizes=\"auto, (max-width: 1024px) 100vw, 1024px\" \/><\/a>\n\t\t\t<\/dt><\/dl><br style=\"clear: both\" \/><dl class='gallery-item'>\n\t\t\t<dt class='gallery-icon landscape'>\n\t\t\t\t<a href='https:\/\/afalesc.com.br\/site\/costelaco-e-dia-das-criancas-afalesc-2024\/img_2410\/'><img loading=\"lazy\" decoding=\"async\" width=\"1024\" height=\"683\" src=\"https:\/\/afalesc.com.br\/site\/wp-content\/uploads\/2024\/11\/IMG_2410-1024x683.jpg\" class=\"attachment-large size-large\" alt=\"\" srcset=\"https:\/\/afalesc.com.br\/site\/wp-content\/uploads\/2024\/11\/IMG_2410-1024x683.jpg 1024w, https:\/\/afalesc.com.br\/site\/wp-content\/uploads\/2024\/11\/IMG_2410-300x200.jpg 300w, https:\/\/afalesc.com.br\/site\/wp-content\/uploads\/2024\/11\/IMG_2410-768x512.jpg 768w, https:\/\/afalesc.com.br\/site\/wp-content\/uploads\/2024\/11\/IMG_2410-1536x1024.jpg 1536w, https:\/\/afalesc.com.br\/site\/wp-content\/uploads\/2024\/11\/IMG_2410-2048x1365.jpg 2048w, https:\/\/afalesc.com.br\/site\/wp-content\/uploads\/2024\/11\/IMG_2410-700x467.jpg 700w\" sizes=\"auto, (max-width: 1024px) 100vw, 1024px\" \/><\/a>\n\t\t\t<\/dt><\/dl><br style=\"clear: both\" \/><dl class='gallery-item'>\n\t\t\t<dt class='gallery-icon landscape'>\n\t\t\t\t<a href='https:\/\/afalesc.com.br\/site\/costelaco-e-dia-das-criancas-afalesc-2024\/img_2405\/'><img loading=\"lazy\" decoding=\"async\" width=\"1024\" height=\"683\" src=\"https:\/\/afalesc.com.br\/site\/wp-content\/uploads\/2024\/11\/IMG_2405-1024x683.jpg\" class=\"attachment-large size-large\" alt=\"\" srcset=\"https:\/\/afalesc.com.br\/site\/wp-content\/uploads\/2024\/11\/IMG_2405-1024x683.jpg 1024w, https:\/\/afalesc.com.br\/site\/wp-content\/uploads\/2024\/11\/IMG_2405-300x200.jpg 300w, https:\/\/afalesc.com.br\/site\/wp-content\/uploads\/2024\/11\/IMG_2405-768x512.jpg 768w, https:\/\/afalesc.com.br\/site\/wp-content\/uploads\/2024\/11\/IMG_2405-1536x1024.jpg 1536w, https:\/\/afalesc.com.br\/site\/wp-content\/uploads\/2024\/11\/IMG_2405-2048x1365.jpg 2048w, https:\/\/afalesc.com.br\/site\/wp-content\/uploads\/2024\/11\/IMG_2405-700x467.jpg 700w\" sizes=\"auto, (max-width: 1024px) 100vw, 1024px\" \/><\/a>\n\t\t\t<\/dt><\/dl><br style=\"clear: both\" \/><dl class='gallery-item'>\n\t\t\t<dt class='gallery-icon landscape'>\n\t\t\t\t<a href='https:\/\/afalesc.com.br\/site\/costelaco-e-dia-das-criancas-afalesc-2024\/img_2425\/'><img loading=\"lazy\" decoding=\"async\" width=\"1024\" height=\"683\" src=\"https:\/\/afalesc.com.br\/site\/wp-content\/uploads\/2024\/11\/IMG_2425-1024x683.jpg\" class=\"attachment-large size-large\" alt=\"\" srcset=\"https:\/\/afalesc.com.br\/site\/wp-content\/uploads\/2024\/11\/IMG_2425-1024x683.jpg 1024w, https:\/\/afalesc.com.br\/site\/wp-content\/uploads\/2024\/11\/IMG_2425-300x200.jpg 300w, https:\/\/afalesc.com.br\/site\/wp-content\/uploads\/2024\/11\/IMG_2425-768x512.jpg 768w, https:\/\/afalesc.com.br\/site\/wp-content\/uploads\/2024\/11\/IMG_2425-1536x1024.jpg 1536w, https:\/\/afalesc.com.br\/site\/wp-content\/uploads\/2024\/11\/IMG_2425-2048x1365.jpg 2048w, https:\/\/afalesc.com.br\/site\/wp-content\/uploads\/2024\/11\/IMG_2425-700x467.jpg 700w\" sizes=\"auto, (max-width: 1024px) 100vw, 1024px\" \/><\/a>\n\t\t\t<\/dt><\/dl><br style=\"clear: both\" \/><dl class='gallery-item'>\n\t\t\t<dt class='gallery-icon landscape'>\n\t\t\t\t<a href='https:\/\/afalesc.com.br\/site\/costelaco-e-dia-das-criancas-afalesc-2024\/img_2435\/'><img loading=\"lazy\" decoding=\"async\" width=\"1024\" height=\"683\" src=\"https:\/\/afalesc.com.br\/site\/wp-content\/uploads\/2024\/11\/IMG_2435-1024x683.jpg\" class=\"attachment-large size-large\" alt=\"\" srcset=\"https:\/\/afalesc.com.br\/site\/wp-content\/uploads\/2024\/11\/IMG_2435-1024x683.jpg 1024w, https:\/\/afalesc.com.br\/site\/wp-content\/uploads\/2024\/11\/IMG_2435-300x200.jpg 300w, https:\/\/afalesc.com.br\/site\/wp-content\/uploads\/2024\/11\/IMG_2435-768x512.jpg 768w, https:\/\/afalesc.com.br\/site\/wp-content\/uploads\/2024\/11\/IMG_2435-1536x1024.jpg 1536w, https:\/\/afalesc.com.br\/site\/wp-content\/uploads\/2024\/11\/IMG_2435-2048x1365.jpg 2048w, https:\/\/afalesc.com.br\/site\/wp-content\/uploads\/2024\/11\/IMG_2435-700x467.jpg 700w\" sizes=\"auto, (max-width: 1024px) 100vw, 1024px\" \/><\/a>\n\t\t\t<\/dt><\/dl><br style=\"clear: both\" \/><dl class='gallery-item'>\n\t\t\t<dt class='gallery-icon landscape'>\n\t\t\t\t<a href='https:\/\/afalesc.com.br\/site\/costelaco-e-dia-das-criancas-afalesc-2024\/img_2437\/'><img loading=\"lazy\" decoding=\"async\" width=\"1024\" height=\"683\" src=\"https:\/\/afalesc.com.br\/site\/wp-content\/uploads\/2024\/11\/IMG_2437-1024x683.jpg\" class=\"attachment-large size-large\" alt=\"\" srcset=\"https:\/\/afalesc.com.br\/site\/wp-content\/uploads\/2024\/11\/IMG_2437-1024x683.jpg 1024w, https:\/\/afalesc.com.br\/site\/wp-content\/uploads\/2024\/11\/IMG_2437-300x200.jpg 300w, https:\/\/afalesc.com.br\/site\/wp-content\/uploads\/2024\/11\/IMG_2437-768x512.jpg 768w, https:\/\/afalesc.com.br\/site\/wp-content\/uploads\/2024\/11\/IMG_2437-1536x1024.jpg 1536w, https:\/\/afalesc.com.br\/site\/wp-content\/uploads\/2024\/11\/IMG_2437-2048x1365.jpg 2048w, https:\/\/afalesc.com.br\/site\/wp-content\/uploads\/2024\/11\/IMG_2437-700x467.jpg 700w\" sizes=\"auto, (max-width: 1024px) 100vw, 1024px\" \/><\/a>\n\t\t\t<\/dt><\/dl><br style=\"clear: both\" \/><dl class='gallery-item'>\n\t\t\t<dt class='gallery-icon landscape'>\n\t\t\t\t<a href='https:\/\/afalesc.com.br\/site\/costelaco-e-dia-das-criancas-afalesc-2024\/img_2441\/'><img loading=\"lazy\" decoding=\"async\" width=\"1024\" height=\"683\" src=\"https:\/\/afalesc.com.br\/site\/wp-content\/uploads\/2024\/11\/IMG_2441-1024x683.jpg\" class=\"attachment-large size-large\" alt=\"\" srcset=\"https:\/\/afalesc.com.br\/site\/wp-content\/uploads\/2024\/11\/IMG_2441-1024x683.jpg 1024w, https:\/\/afalesc.com.br\/site\/wp-content\/uploads\/2024\/11\/IMG_2441-300x200.jpg 300w, https:\/\/afalesc.com.br\/site\/wp-content\/uploads\/2024\/11\/IMG_2441-768x512.jpg 768w, https:\/\/afalesc.com.br\/site\/wp-content\/uploads\/2024\/11\/IMG_2441-1536x1024.jpg 1536w, https:\/\/afalesc.com.br\/site\/wp-content\/uploads\/2024\/11\/IMG_2441-2048x1365.jpg 2048w, https:\/\/afalesc.com.br\/site\/wp-content\/uploads\/2024\/11\/IMG_2441-700x467.jpg 700w\" sizes=\"auto, (max-width: 1024px) 100vw, 1024px\" \/><\/a>\n\t\t\t<\/dt><\/dl><br style=\"clear: both\" \/><dl class='gallery-item'>\n\t\t\t<dt class='gallery-icon landscape'>\n\t\t\t\t<a href='https:\/\/afalesc.com.br\/site\/costelaco-e-dia-das-criancas-afalesc-2024\/img_2446\/'><img loading=\"lazy\" decoding=\"async\" width=\"1024\" height=\"683\" src=\"https:\/\/afalesc.com.br\/site\/wp-content\/uploads\/2024\/11\/IMG_2446-1024x683.jpg\" class=\"attachment-large size-large\" alt=\"\" srcset=\"https:\/\/afalesc.com.br\/site\/wp-content\/uploads\/2024\/11\/IMG_2446-1024x683.jpg 1024w, https:\/\/afalesc.com.br\/site\/wp-content\/uploads\/2024\/11\/IMG_2446-300x200.jpg 300w, https:\/\/afalesc.com.br\/site\/wp-content\/uploads\/2024\/11\/IMG_2446-768x512.jpg 768w, https:\/\/afalesc.com.br\/site\/wp-content\/uploads\/2024\/11\/IMG_2446-1536x1024.jpg 1536w, https:\/\/afalesc.com.br\/site\/wp-content\/uploads\/2024\/11\/IMG_2446-2048x1365.jpg 2048w, https:\/\/afalesc.com.br\/site\/wp-content\/uploads\/2024\/11\/IMG_2446-700x467.jpg 700w\" sizes=\"auto, (max-width: 1024px) 100vw, 1024px\" \/><\/a>\n\t\t\t<\/dt><\/dl><br style=\"clear: both\" \/><dl class='gallery-item'>\n\t\t\t<dt class='gallery-icon landscape'>\n\t\t\t\t<a href='https:\/\/afalesc.com.br\/site\/costelaco-e-dia-das-criancas-afalesc-2024\/img_2451\/'><img loading=\"lazy\" decoding=\"async\" width=\"1024\" height=\"683\" src=\"https:\/\/afalesc.com.br\/site\/wp-content\/uploads\/2024\/11\/IMG_2451-1024x683.jpg\" class=\"attachment-large size-large\" alt=\"\" srcset=\"https:\/\/afalesc.com.br\/site\/wp-content\/uploads\/2024\/11\/IMG_2451-1024x683.jpg 1024w, https:\/\/afalesc.com.br\/site\/wp-content\/uploads\/2024\/11\/IMG_2451-300x200.jpg 300w, https:\/\/afalesc.com.br\/site\/wp-content\/uploads\/2024\/11\/IMG_2451-768x512.jpg 768w, https:\/\/afalesc.com.br\/site\/wp-content\/uploads\/2024\/11\/IMG_2451-1536x1024.jpg 1536w, https:\/\/afalesc.com.br\/site\/wp-content\/uploads\/2024\/11\/IMG_2451-2048x1365.jpg 2048w, https:\/\/afalesc.com.br\/site\/wp-content\/uploads\/2024\/11\/IMG_2451-700x467.jpg 700w\" sizes=\"auto, (max-width: 1024px) 100vw, 1024px\" \/><\/a>\n\t\t\t<\/dt><\/dl><br style=\"clear: both\" \/><dl class='gallery-item'>\n\t\t\t<dt class='gallery-icon landscape'>\n\t\t\t\t<a href='https:\/\/afalesc.com.br\/site\/costelaco-e-dia-das-criancas-afalesc-2024\/img_2458\/'><img loading=\"lazy\" decoding=\"async\" width=\"1024\" height=\"683\" src=\"https:\/\/afalesc.com.br\/site\/wp-content\/uploads\/2024\/11\/IMG_2458-1024x683.jpg\" class=\"attachment-large size-large\" alt=\"\" srcset=\"https:\/\/afalesc.com.br\/site\/wp-content\/uploads\/2024\/11\/IMG_2458-1024x683.jpg 1024w, https:\/\/afalesc.com.br\/site\/wp-content\/uploads\/2024\/11\/IMG_2458-300x200.jpg 300w, https:\/\/afalesc.com.br\/site\/wp-content\/uploads\/2024\/11\/IMG_2458-768x512.jpg 768w, https:\/\/afalesc.com.br\/site\/wp-content\/uploads\/2024\/11\/IMG_2458-1536x1024.jpg 1536w, https:\/\/afalesc.com.br\/site\/wp-content\/uploads\/2024\/11\/IMG_2458-2048x1365.jpg 2048w, https:\/\/afalesc.com.br\/site\/wp-content\/uploads\/2024\/11\/IMG_2458-700x467.jpg 700w\" sizes=\"auto, (max-width: 1024px) 100vw, 1024px\" \/><\/a>\n\t\t\t<\/dt><\/dl><br style=\"clear: both\" \/><dl class='gallery-item'>\n\t\t\t<dt class='gallery-icon landscape'>\n\t\t\t\t<a href='https:\/\/afalesc.com.br\/site\/costelaco-e-dia-das-criancas-afalesc-2024\/img_2464\/'><img loading=\"lazy\" decoding=\"async\" width=\"1024\" height=\"683\" src=\"https:\/\/afalesc.com.br\/site\/wp-content\/uploads\/2024\/11\/IMG_2464-1024x683.jpg\" class=\"attachment-large size-large\" alt=\"\" srcset=\"https:\/\/afalesc.com.br\/site\/wp-content\/uploads\/2024\/11\/IMG_2464-1024x683.jpg 1024w, https:\/\/afalesc.com.br\/site\/wp-content\/uploads\/2024\/11\/IMG_2464-300x200.jpg 300w, https:\/\/afalesc.com.br\/site\/wp-content\/uploads\/2024\/11\/IMG_2464-768x512.jpg 768w, https:\/\/afalesc.com.br\/site\/wp-content\/uploads\/2024\/11\/IMG_2464-1536x1024.jpg 1536w, https:\/\/afalesc.com.br\/site\/wp-content\/uploads\/2024\/11\/IMG_2464-2048x1365.jpg 2048w, https:\/\/afalesc.com.br\/site\/wp-content\/uploads\/2024\/11\/IMG_2464-700x467.jpg 700w\" sizes=\"auto, (max-width: 1024px) 100vw, 1024px\" \/><\/a>\n\t\t\t<\/dt><\/dl><br style=\"clear: both\" \/><dl class='gallery-item'>\n\t\t\t<dt class='gallery-icon landscape'>\n\t\t\t\t<a href='https:\/\/afalesc.com.br\/site\/costelaco-e-dia-das-criancas-afalesc-2024\/img_2473\/'><img loading=\"lazy\" decoding=\"async\" width=\"1024\" height=\"683\" src=\"https:\/\/afalesc.com.br\/site\/wp-content\/uploads\/2024\/11\/IMG_2473-1024x683.jpg\" class=\"attachment-large size-large\" alt=\"\" srcset=\"https:\/\/afalesc.com.br\/site\/wp-content\/uploads\/2024\/11\/IMG_2473-1024x683.jpg 1024w, https:\/\/afalesc.com.br\/site\/wp-content\/uploads\/2024\/11\/IMG_2473-300x200.jpg 300w, https:\/\/afalesc.com.br\/site\/wp-content\/uploads\/2024\/11\/IMG_2473-768x512.jpg 768w, https:\/\/afalesc.com.br\/site\/wp-content\/uploads\/2024\/11\/IMG_2473-1536x1024.jpg 1536w, https:\/\/afalesc.com.br\/site\/wp-content\/uploads\/2024\/11\/IMG_2473-2048x1365.jpg 2048w, https:\/\/afalesc.com.br\/site\/wp-content\/uploads\/2024\/11\/IMG_2473-700x467.jpg 700w\" sizes=\"auto, (max-width: 1024px) 100vw, 1024px\" \/><\/a>\n\t\t\t<\/dt><\/dl><br style=\"clear: both\" \/><dl class='gallery-item'>\n\t\t\t<dt class='gallery-icon landscape'>\n\t\t\t\t<a href='https:\/\/afalesc.com.br\/site\/costelaco-e-dia-das-criancas-afalesc-2024\/img_2478\/'><img loading=\"lazy\" decoding=\"async\" width=\"1024\" height=\"683\" src=\"https:\/\/afalesc.com.br\/site\/wp-content\/uploads\/2024\/11\/IMG_2478-1024x683.jpg\" class=\"attachment-large size-large\" alt=\"\" srcset=\"https:\/\/afalesc.com.br\/site\/wp-content\/uploads\/2024\/11\/IMG_2478-1024x683.jpg 1024w, https:\/\/afalesc.com.br\/site\/wp-content\/uploads\/2024\/11\/IMG_2478-300x200.jpg 300w, https:\/\/afalesc.com.br\/site\/wp-content\/uploads\/2024\/11\/IMG_2478-768x512.jpg 768w, https:\/\/afalesc.com.br\/site\/wp-content\/uploads\/2024\/11\/IMG_2478-1536x1024.jpg 1536w, https:\/\/afalesc.com.br\/site\/wp-content\/uploads\/2024\/11\/IMG_2478-2048x1365.jpg 2048w, https:\/\/afalesc.com.br\/site\/wp-content\/uploads\/2024\/11\/IMG_2478-700x467.jpg 700w\" sizes=\"auto, (max-width: 1024px) 100vw, 1024px\" \/><\/a>\n\t\t\t<\/dt><\/dl><br style=\"clear: both\" \/><dl class='gallery-item'>\n\t\t\t<dt class='gallery-icon landscape'>\n\t\t\t\t<a href='https:\/\/afalesc.com.br\/site\/costelaco-e-dia-das-criancas-afalesc-2024\/img_2482\/'><img loading=\"lazy\" decoding=\"async\" width=\"1024\" height=\"683\" src=\"https:\/\/afalesc.com.br\/site\/wp-content\/uploads\/2024\/11\/IMG_2482-1024x683.jpg\" class=\"attachment-large size-large\" alt=\"\" srcset=\"https:\/\/afalesc.com.br\/site\/wp-content\/uploads\/2024\/11\/IMG_2482-1024x683.jpg 1024w, https:\/\/afalesc.com.br\/site\/wp-content\/uploads\/2024\/11\/IMG_2482-300x200.jpg 300w, https:\/\/afalesc.com.br\/site\/wp-content\/uploads\/2024\/11\/IMG_2482-768x512.jpg 768w, https:\/\/afalesc.com.br\/site\/wp-content\/uploads\/2024\/11\/IMG_2482-1536x1024.jpg 1536w, https:\/\/afalesc.com.br\/site\/wp-content\/uploads\/2024\/11\/IMG_2482-2048x1365.jpg 2048w, https:\/\/afalesc.com.br\/site\/wp-content\/uploads\/2024\/11\/IMG_2482-700x467.jpg 700w\" sizes=\"auto, (max-width: 1024px) 100vw, 1024px\" \/><\/a>\n\t\t\t<\/dt><\/dl><br style=\"clear: both\" \/><dl class='gallery-item'>\n\t\t\t<dt class='gallery-icon landscape'>\n\t\t\t\t<a href='https:\/\/afalesc.com.br\/site\/costelaco-e-dia-das-criancas-afalesc-2024\/img_2483\/'><img loading=\"lazy\" decoding=\"async\" width=\"1024\" height=\"683\" src=\"https:\/\/afalesc.com.br\/site\/wp-content\/uploads\/2024\/11\/IMG_2483-1024x683.jpg\" class=\"attachment-large size-large\" alt=\"\" srcset=\"https:\/\/afalesc.com.br\/site\/wp-content\/uploads\/2024\/11\/IMG_2483-1024x683.jpg 1024w, https:\/\/afalesc.com.br\/site\/wp-content\/uploads\/2024\/11\/IMG_2483-300x200.jpg 300w, https:\/\/afalesc.com.br\/site\/wp-content\/uploads\/2024\/11\/IMG_2483-768x512.jpg 768w, https:\/\/afalesc.com.br\/site\/wp-content\/uploads\/2024\/11\/IMG_2483-1536x1024.jpg 1536w, https:\/\/afalesc.com.br\/site\/wp-content\/uploads\/2024\/11\/IMG_2483-2048x1365.jpg 2048w, https:\/\/afalesc.com.br\/site\/wp-content\/uploads\/2024\/11\/IMG_2483-700x467.jpg 700w\" sizes=\"auto, (max-width: 1024px) 100vw, 1024px\" \/><\/a>\n\t\t\t<\/dt><\/dl><br style=\"clear: both\" \/><dl class='gallery-item'>\n\t\t\t<dt class='gallery-icon landscape'>\n\t\t\t\t<a href='https:\/\/afalesc.com.br\/site\/costelaco-e-dia-das-criancas-afalesc-2024\/img_2484\/'><img loading=\"lazy\" decoding=\"async\" width=\"1024\" height=\"683\" src=\"https:\/\/afalesc.com.br\/site\/wp-content\/uploads\/2024\/11\/IMG_2484-1024x683.jpg\" class=\"attachment-large size-large\" alt=\"\" srcset=\"https:\/\/afalesc.com.br\/site\/wp-content\/uploads\/2024\/11\/IMG_2484-1024x683.jpg 1024w, https:\/\/afalesc.com.br\/site\/wp-content\/uploads\/2024\/11\/IMG_2484-300x200.jpg 300w, https:\/\/afalesc.com.br\/site\/wp-content\/uploads\/2024\/11\/IMG_2484-768x512.jpg 768w, https:\/\/afalesc.com.br\/site\/wp-content\/uploads\/2024\/11\/IMG_2484-1536x1024.jpg 1536w, https:\/\/afalesc.com.br\/site\/wp-content\/uploads\/2024\/11\/IMG_2484-2048x1365.jpg 2048w, https:\/\/afalesc.com.br\/site\/wp-content\/uploads\/2024\/11\/IMG_2484-700x467.jpg 700w\" sizes=\"auto, (max-width: 1024px) 100vw, 1024px\" \/><\/a>\n\t\t\t<\/dt><\/dl><br style=\"clear: both\" \/><dl class='gallery-item'>\n\t\t\t<dt class='gallery-icon landscape'>\n\t\t\t\t<a href='https:\/\/afalesc.com.br\/site\/costelaco-e-dia-das-criancas-afalesc-2024\/img_2485\/'><img loading=\"lazy\" decoding=\"async\" width=\"1024\" height=\"683\" src=\"https:\/\/afalesc.com.br\/site\/wp-content\/uploads\/2024\/11\/IMG_2485-1024x683.jpg\" class=\"attachment-large size-large\" alt=\"\" srcset=\"https:\/\/afalesc.com.br\/site\/wp-content\/uploads\/2024\/11\/IMG_2485-1024x683.jpg 1024w, https:\/\/afalesc.com.br\/site\/wp-content\/uploads\/2024\/11\/IMG_2485-300x200.jpg 300w, https:\/\/afalesc.com.br\/site\/wp-content\/uploads\/2024\/11\/IMG_2485-768x512.jpg 768w, https:\/\/afalesc.com.br\/site\/wp-content\/uploads\/2024\/11\/IMG_2485-1536x1024.jpg 1536w, https:\/\/afalesc.com.br\/site\/wp-content\/uploads\/2024\/11\/IMG_2485-2048x1365.jpg 2048w, https:\/\/afalesc.com.br\/site\/wp-content\/uploads\/2024\/11\/IMG_2485-700x467.jpg 700w\" sizes=\"auto, (max-width: 1024px) 100vw, 1024px\" \/><\/a>\n\t\t\t<\/dt><\/dl><br style=\"clear: both\" \/><dl class='gallery-item'>\n\t\t\t<dt class='gallery-icon landscape'>\n\t\t\t\t<a href='https:\/\/afalesc.com.br\/site\/costelaco-e-dia-das-criancas-afalesc-2024\/img_2487\/'><img loading=\"lazy\" decoding=\"async\" width=\"1024\" height=\"683\" src=\"https:\/\/afalesc.com.br\/site\/wp-content\/uploads\/2024\/11\/IMG_2487-1024x683.jpg\" class=\"attachment-large size-large\" alt=\"\" srcset=\"https:\/\/afalesc.com.br\/site\/wp-content\/uploads\/2024\/11\/IMG_2487-1024x683.jpg 1024w, https:\/\/afalesc.com.br\/site\/wp-content\/uploads\/2024\/11\/IMG_2487-300x200.jpg 300w, https:\/\/afalesc.com.br\/site\/wp-content\/uploads\/2024\/11\/IMG_2487-768x512.jpg 768w, https:\/\/afalesc.com.br\/site\/wp-content\/uploads\/2024\/11\/IMG_2487-1536x1024.jpg 1536w, https:\/\/afalesc.com.br\/site\/wp-content\/uploads\/2024\/11\/IMG_2487-2048x1365.jpg 2048w, https:\/\/afalesc.com.br\/site\/wp-content\/uploads\/2024\/11\/IMG_2487-700x467.jpg 700w\" sizes=\"auto, (max-width: 1024px) 100vw, 1024px\" \/><\/a>\n\t\t\t<\/dt><\/dl><br style=\"clear: both\" \/><dl class='gallery-item'>\n\t\t\t<dt class='gallery-icon landscape'>\n\t\t\t\t<a href='https:\/\/afalesc.com.br\/site\/costelaco-e-dia-das-criancas-afalesc-2024\/img_2488\/'><img loading=\"lazy\" decoding=\"async\" width=\"1024\" height=\"683\" src=\"https:\/\/afalesc.com.br\/site\/wp-content\/uploads\/2024\/11\/IMG_2488-1024x683.jpg\" class=\"attachment-large size-large\" alt=\"\" srcset=\"https:\/\/afalesc.com.br\/site\/wp-content\/uploads\/2024\/11\/IMG_2488-1024x683.jpg 1024w, https:\/\/afalesc.com.br\/site\/wp-content\/uploads\/2024\/11\/IMG_2488-300x200.jpg 300w, https:\/\/afalesc.com.br\/site\/wp-content\/uploads\/2024\/11\/IMG_2488-768x512.jpg 768w, https:\/\/afalesc.com.br\/site\/wp-content\/uploads\/2024\/11\/IMG_2488-1536x1024.jpg 1536w, https:\/\/afalesc.com.br\/site\/wp-content\/uploads\/2024\/11\/IMG_2488-2048x1365.jpg 2048w, https:\/\/afalesc.com.br\/site\/wp-content\/uploads\/2024\/11\/IMG_2488-700x467.jpg 700w\" sizes=\"auto, (max-width: 1024px) 100vw, 1024px\" \/><\/a>\n\t\t\t<\/dt><\/dl><br style=\"clear: both\" \/><dl class='gallery-item'>\n\t\t\t<dt class='gallery-icon landscape'>\n\t\t\t\t<a href='https:\/\/afalesc.com.br\/site\/costelaco-e-dia-das-criancas-afalesc-2024\/img_2489\/'><img loading=\"lazy\" decoding=\"async\" width=\"1024\" height=\"683\" src=\"https:\/\/afalesc.com.br\/site\/wp-content\/uploads\/2024\/11\/IMG_2489-1024x683.jpg\" class=\"attachment-large size-large\" alt=\"\" srcset=\"https:\/\/afalesc.com.br\/site\/wp-content\/uploads\/2024\/11\/IMG_2489-1024x683.jpg 1024w, https:\/\/afalesc.com.br\/site\/wp-content\/uploads\/2024\/11\/IMG_2489-300x200.jpg 300w, https:\/\/afalesc.com.br\/site\/wp-content\/uploads\/2024\/11\/IMG_2489-768x512.jpg 768w, https:\/\/afalesc.com.br\/site\/wp-content\/uploads\/2024\/11\/IMG_2489-1536x1024.jpg 1536w, https:\/\/afalesc.com.br\/site\/wp-content\/uploads\/2024\/11\/IMG_2489-2048x1365.jpg 2048w, https:\/\/afalesc.com.br\/site\/wp-content\/uploads\/2024\/11\/IMG_2489-700x467.jpg 700w\" sizes=\"auto, (max-width: 1024px) 100vw, 1024px\" \/><\/a>\n\t\t\t<\/dt><\/dl><br style=\"clear: both\" \/><dl class='gallery-item'>\n\t\t\t<dt class='gallery-icon landscape'>\n\t\t\t\t<a href='https:\/\/afalesc.com.br\/site\/costelaco-e-dia-das-criancas-afalesc-2024\/img_2510\/'><img loading=\"lazy\" decoding=\"async\" width=\"1024\" height=\"683\" src=\"https:\/\/afalesc.com.br\/site\/wp-content\/uploads\/2024\/11\/IMG_2510-1024x683.jpg\" class=\"attachment-large size-large\" alt=\"\" srcset=\"https:\/\/afalesc.com.br\/site\/wp-content\/uploads\/2024\/11\/IMG_2510-1024x683.jpg 1024w, https:\/\/afalesc.com.br\/site\/wp-content\/uploads\/2024\/11\/IMG_2510-300x200.jpg 300w, https:\/\/afalesc.com.br\/site\/wp-content\/uploads\/2024\/11\/IMG_2510-768x512.jpg 768w, https:\/\/afalesc.com.br\/site\/wp-content\/uploads\/2024\/11\/IMG_2510-1536x1024.jpg 1536w, https:\/\/afalesc.com.br\/site\/wp-content\/uploads\/2024\/11\/IMG_2510-2048x1365.jpg 2048w, https:\/\/afalesc.com.br\/site\/wp-content\/uploads\/2024\/11\/IMG_2510-700x467.jpg 700w\" sizes=\"auto, (max-width: 1024px) 100vw, 1024px\" \/><\/a>\n\t\t\t<\/dt><\/dl><br style=\"clear: both\" \/><dl class='gallery-item'>\n\t\t\t<dt class='gallery-icon landscape'>\n\t\t\t\t<a href='https:\/\/afalesc.com.br\/site\/costelaco-e-dia-das-criancas-afalesc-2024\/img_2512\/'><img loading=\"lazy\" decoding=\"async\" width=\"1024\" height=\"683\" src=\"https:\/\/afalesc.com.br\/site\/wp-content\/uploads\/2024\/11\/IMG_2512-1024x683.jpg\" class=\"attachment-large size-large\" alt=\"\" srcset=\"https:\/\/afalesc.com.br\/site\/wp-content\/uploads\/2024\/11\/IMG_2512-1024x683.jpg 1024w, https:\/\/afalesc.com.br\/site\/wp-content\/uploads\/2024\/11\/IMG_2512-300x200.jpg 300w, https:\/\/afalesc.com.br\/site\/wp-content\/uploads\/2024\/11\/IMG_2512-768x512.jpg 768w, https:\/\/afalesc.com.br\/site\/wp-content\/uploads\/2024\/11\/IMG_2512-1536x1024.jpg 1536w, https:\/\/afalesc.com.br\/site\/wp-content\/uploads\/2024\/11\/IMG_2512-2048x1365.jpg 2048w, https:\/\/afalesc.com.br\/site\/wp-content\/uploads\/2024\/11\/IMG_2512-700x467.jpg 700w\" sizes=\"auto, (max-width: 1024px) 100vw, 1024px\" \/><\/a>\n\t\t\t<\/dt><\/dl><br style=\"clear: both\" \/><dl class='gallery-item'>\n\t\t\t<dt class='gallery-icon landscape'>\n\t\t\t\t<a href='https:\/\/afalesc.com.br\/site\/costelaco-e-dia-das-criancas-afalesc-2024\/img_2516\/'><img loading=\"lazy\" decoding=\"async\" width=\"1024\" height=\"683\" src=\"https:\/\/afalesc.com.br\/site\/wp-content\/uploads\/2024\/11\/IMG_2516-1024x683.jpg\" class=\"attachment-large size-large\" alt=\"\" srcset=\"https:\/\/afalesc.com.br\/site\/wp-content\/uploads\/2024\/11\/IMG_2516-1024x683.jpg 1024w, https:\/\/afalesc.com.br\/site\/wp-content\/uploads\/2024\/11\/IMG_2516-300x200.jpg 300w, https:\/\/afalesc.com.br\/site\/wp-content\/uploads\/2024\/11\/IMG_2516-768x512.jpg 768w, https:\/\/afalesc.com.br\/site\/wp-content\/uploads\/2024\/11\/IMG_2516-1536x1024.jpg 1536w, https:\/\/afalesc.com.br\/site\/wp-content\/uploads\/2024\/11\/IMG_2516-2048x1365.jpg 2048w, https:\/\/afalesc.com.br\/site\/wp-content\/uploads\/2024\/11\/IMG_2516-700x467.jpg 700w\" sizes=\"auto, (max-width: 1024px) 100vw, 1024px\" \/><\/a>\n\t\t\t<\/dt><\/dl><br style=\"clear: both\" \/><dl class='gallery-item'>\n\t\t\t<dt class='gallery-icon landscape'>\n\t\t\t\t<a href='https:\/\/afalesc.com.br\/site\/costelaco-e-dia-das-criancas-afalesc-2024\/img_2522\/'><img loading=\"lazy\" decoding=\"async\" width=\"1024\" height=\"683\" src=\"https:\/\/afalesc.com.br\/site\/wp-content\/uploads\/2024\/11\/IMG_2522-1024x683.jpg\" class=\"attachment-large size-large\" alt=\"\" srcset=\"https:\/\/afalesc.com.br\/site\/wp-content\/uploads\/2024\/11\/IMG_2522-1024x683.jpg 1024w, https:\/\/afalesc.com.br\/site\/wp-content\/uploads\/2024\/11\/IMG_2522-300x200.jpg 300w, https:\/\/afalesc.com.br\/site\/wp-content\/uploads\/2024\/11\/IMG_2522-768x512.jpg 768w, https:\/\/afalesc.com.br\/site\/wp-content\/uploads\/2024\/11\/IMG_2522-1536x1024.jpg 1536w, https:\/\/afalesc.com.br\/site\/wp-content\/uploads\/2024\/11\/IMG_2522-2048x1365.jpg 2048w, https:\/\/afalesc.com.br\/site\/wp-content\/uploads\/2024\/11\/IMG_2522-700x467.jpg 700w\" sizes=\"auto, (max-width: 1024px) 100vw, 1024px\" \/><\/a>\n\t\t\t<\/dt><\/dl><br style=\"clear: both\" \/><dl class='gallery-item'>\n\t\t\t<dt class='gallery-icon landscape'>\n\t\t\t\t<a href='https:\/\/afalesc.com.br\/site\/costelaco-e-dia-das-criancas-afalesc-2024\/img_2536\/'><img loading=\"lazy\" decoding=\"async\" width=\"1024\" height=\"683\" src=\"https:\/\/afalesc.com.br\/site\/wp-content\/uploads\/2024\/11\/IMG_2536-1024x683.jpg\" class=\"attachment-large size-large\" alt=\"\" srcset=\"https:\/\/afalesc.com.br\/site\/wp-content\/uploads\/2024\/11\/IMG_2536-1024x683.jpg 1024w, https:\/\/afalesc.com.br\/site\/wp-content\/uploads\/2024\/11\/IMG_2536-300x200.jpg 300w, https:\/\/afalesc.com.br\/site\/wp-content\/uploads\/2024\/11\/IMG_2536-768x512.jpg 768w, https:\/\/afalesc.com.br\/site\/wp-content\/uploads\/2024\/11\/IMG_2536-1536x1024.jpg 1536w, https:\/\/afalesc.com.br\/site\/wp-content\/uploads\/2024\/11\/IMG_2536-2048x1365.jpg 2048w, https:\/\/afalesc.com.br\/site\/wp-content\/uploads\/2024\/11\/IMG_2536-700x467.jpg 700w\" sizes=\"auto, (max-width: 1024px) 100vw, 1024px\" \/><\/a>\n\t\t\t<\/dt><\/dl><br style=\"clear: both\" \/><dl class='gallery-item'>\n\t\t\t<dt class='gallery-icon landscape'>\n\t\t\t\t<a href='https:\/\/afalesc.com.br\/site\/costelaco-e-dia-das-criancas-afalesc-2024\/img_2549\/'><img loading=\"lazy\" decoding=\"async\" width=\"1024\" height=\"683\" src=\"https:\/\/afalesc.com.br\/site\/wp-content\/uploads\/2024\/11\/IMG_2549-1024x683.jpg\" class=\"attachment-large size-large\" alt=\"\" srcset=\"https:\/\/afalesc.com.br\/site\/wp-content\/uploads\/2024\/11\/IMG_2549-1024x683.jpg 1024w, https:\/\/afalesc.com.br\/site\/wp-content\/uploads\/2024\/11\/IMG_2549-300x200.jpg 300w, https:\/\/afalesc.com.br\/site\/wp-content\/uploads\/2024\/11\/IMG_2549-768x512.jpg 768w, https:\/\/afalesc.com.br\/site\/wp-content\/uploads\/2024\/11\/IMG_2549-1536x1024.jpg 1536w, https:\/\/afalesc.com.br\/site\/wp-content\/uploads\/2024\/11\/IMG_2549-2048x1365.jpg 2048w, https:\/\/afalesc.com.br\/site\/wp-content\/uploads\/2024\/11\/IMG_2549-700x467.jpg 700w\" sizes=\"auto, (max-width: 1024px) 100vw, 1024px\" \/><\/a>\n\t\t\t<\/dt><\/dl><br style=\"clear: both\" \/><dl class='gallery-item'>\n\t\t\t<dt class='gallery-icon landscape'>\n\t\t\t\t<a href='https:\/\/afalesc.com.br\/site\/costelaco-e-dia-das-criancas-afalesc-2024\/img_2574\/'><img loading=\"lazy\" decoding=\"async\" width=\"1024\" height=\"683\" src=\"https:\/\/afalesc.com.br\/site\/wp-content\/uploads\/2024\/11\/IMG_2574-1024x683.jpg\" class=\"attachment-large size-large\" alt=\"\" srcset=\"https:\/\/afalesc.com.br\/site\/wp-content\/uploads\/2024\/11\/IMG_2574-1024x683.jpg 1024w, https:\/\/afalesc.com.br\/site\/wp-content\/uploads\/2024\/11\/IMG_2574-300x200.jpg 300w, https:\/\/afalesc.com.br\/site\/wp-content\/uploads\/2024\/11\/IMG_2574-768x512.jpg 768w, https:\/\/afalesc.com.br\/site\/wp-content\/uploads\/2024\/11\/IMG_2574-1536x1024.jpg 1536w, https:\/\/afalesc.com.br\/site\/wp-content\/uploads\/2024\/11\/IMG_2574-2048x1365.jpg 2048w, https:\/\/afalesc.com.br\/site\/wp-content\/uploads\/2024\/11\/IMG_2574-700x467.jpg 700w\" sizes=\"auto, (max-width: 1024px) 100vw, 1024px\" \/><\/a>\n\t\t\t<\/dt><\/dl><br style=\"clear: both\" \/><dl class='gallery-item'>\n\t\t\t<dt class='gallery-icon landscape'>\n\t\t\t\t<a href='https:\/\/afalesc.com.br\/site\/costelaco-e-dia-das-criancas-afalesc-2024\/img_2585\/'><img loading=\"lazy\" decoding=\"async\" width=\"1024\" height=\"683\" src=\"https:\/\/afalesc.com.br\/site\/wp-content\/uploads\/2024\/11\/IMG_2585-1024x683.jpg\" class=\"attachment-large size-large\" alt=\"\" srcset=\"https:\/\/afalesc.com.br\/site\/wp-content\/uploads\/2024\/11\/IMG_2585-1024x683.jpg 1024w, https:\/\/afalesc.com.br\/site\/wp-content\/uploads\/2024\/11\/IMG_2585-300x200.jpg 300w, https:\/\/afalesc.com.br\/site\/wp-content\/uploads\/2024\/11\/IMG_2585-768x512.jpg 768w, https:\/\/afalesc.com.br\/site\/wp-content\/uploads\/2024\/11\/IMG_2585-1536x1024.jpg 1536w, https:\/\/afalesc.com.br\/site\/wp-content\/uploads\/2024\/11\/IMG_2585-2048x1365.jpg 2048w, https:\/\/afalesc.com.br\/site\/wp-content\/uploads\/2024\/11\/IMG_2585-700x467.jpg 700w\" sizes=\"auto, (max-width: 1024px) 100vw, 1024px\" \/><\/a>\n\t\t\t<\/dt><\/dl><br style=\"clear: both\" \/><dl class='gallery-item'>\n\t\t\t<dt class='gallery-icon landscape'>\n\t\t\t\t<a href='https:\/\/afalesc.com.br\/site\/costelaco-e-dia-das-criancas-afalesc-2024\/img_2605\/'><img loading=\"lazy\" decoding=\"async\" width=\"1024\" height=\"683\" src=\"https:\/\/afalesc.com.br\/site\/wp-content\/uploads\/2024\/11\/IMG_2605-1024x683.jpg\" class=\"attachment-large size-large\" alt=\"\" srcset=\"https:\/\/afalesc.com.br\/site\/wp-content\/uploads\/2024\/11\/IMG_2605-1024x683.jpg 1024w, https:\/\/afalesc.com.br\/site\/wp-content\/uploads\/2024\/11\/IMG_2605-300x200.jpg 300w, https:\/\/afalesc.com.br\/site\/wp-content\/uploads\/2024\/11\/IMG_2605-768x512.jpg 768w, https:\/\/afalesc.com.br\/site\/wp-content\/uploads\/2024\/11\/IMG_2605-1536x1024.jpg 1536w, https:\/\/afalesc.com.br\/site\/wp-content\/uploads\/2024\/11\/IMG_2605-2048x1365.jpg 2048w, https:\/\/afalesc.com.br\/site\/wp-content\/uploads\/2024\/11\/IMG_2605-700x467.jpg 700w\" sizes=\"auto, (max-width: 1024px) 100vw, 1024px\" \/><\/a>\n\t\t\t<\/dt><\/dl><br style=\"clear: both\" \/><dl class='gallery-item'>\n\t\t\t<dt class='gallery-icon landscape'>\n\t\t\t\t<a href='https:\/\/afalesc.com.br\/site\/costelaco-e-dia-das-criancas-afalesc-2024\/img_2608\/'><img loading=\"lazy\" decoding=\"async\" width=\"1024\" height=\"683\" src=\"https:\/\/afalesc.com.br\/site\/wp-content\/uploads\/2024\/11\/IMG_2608-1024x683.jpg\" class=\"attachment-large size-large\" alt=\"\" srcset=\"https:\/\/afalesc.com.br\/site\/wp-content\/uploads\/2024\/11\/IMG_2608-1024x683.jpg 1024w, https:\/\/afalesc.com.br\/site\/wp-content\/uploads\/2024\/11\/IMG_2608-300x200.jpg 300w, https:\/\/afalesc.com.br\/site\/wp-content\/uploads\/2024\/11\/IMG_2608-768x512.jpg 768w, https:\/\/afalesc.com.br\/site\/wp-content\/uploads\/2024\/11\/IMG_2608-1536x1024.jpg 1536w, https:\/\/afalesc.com.br\/site\/wp-content\/uploads\/2024\/11\/IMG_2608-2048x1365.jpg 2048w, https:\/\/afalesc.com.br\/site\/wp-content\/uploads\/2024\/11\/IMG_2608-700x467.jpg 700w\" sizes=\"auto, (max-width: 1024px) 100vw, 1024px\" \/><\/a>\n\t\t\t<\/dt><\/dl><br style=\"clear: both\" \/><dl class='gallery-item'>\n\t\t\t<dt class='gallery-icon landscape'>\n\t\t\t\t<a href='https:\/\/afalesc.com.br\/site\/costelaco-e-dia-das-criancas-afalesc-2024\/img_2612\/'><img loading=\"lazy\" decoding=\"async\" width=\"1024\" height=\"683\" src=\"https:\/\/afalesc.com.br\/site\/wp-content\/uploads\/2024\/11\/IMG_2612-1024x683.jpg\" class=\"attachment-large size-large\" alt=\"\" srcset=\"https:\/\/afalesc.com.br\/site\/wp-content\/uploads\/2024\/11\/IMG_2612-1024x683.jpg 1024w, https:\/\/afalesc.com.br\/site\/wp-content\/uploads\/2024\/11\/IMG_2612-300x200.jpg 300w, https:\/\/afalesc.com.br\/site\/wp-content\/uploads\/2024\/11\/IMG_2612-768x512.jpg 768w, https:\/\/afalesc.com.br\/site\/wp-content\/uploads\/2024\/11\/IMG_2612-1536x1024.jpg 1536w, https:\/\/afalesc.com.br\/site\/wp-content\/uploads\/2024\/11\/IMG_2612-2048x1365.jpg 2048w, https:\/\/afalesc.com.br\/site\/wp-content\/uploads\/2024\/11\/IMG_2612-700x467.jpg 700w\" sizes=\"auto, (max-width: 1024px) 100vw, 1024px\" \/><\/a>\n\t\t\t<\/dt><\/dl><br style=\"clear: both\" \/><dl class='gallery-item'>\n\t\t\t<dt class='gallery-icon landscape'>\n\t\t\t\t<a href='https:\/\/afalesc.com.br\/site\/costelaco-e-dia-das-criancas-afalesc-2024\/img_2620\/'><img loading=\"lazy\" decoding=\"async\" width=\"1024\" height=\"683\" src=\"https:\/\/afalesc.com.br\/site\/wp-content\/uploads\/2024\/11\/IMG_2620-1024x683.jpg\" class=\"attachment-large size-large\" alt=\"\" srcset=\"https:\/\/afalesc.com.br\/site\/wp-content\/uploads\/2024\/11\/IMG_2620-1024x683.jpg 1024w, https:\/\/afalesc.com.br\/site\/wp-content\/uploads\/2024\/11\/IMG_2620-300x200.jpg 300w, https:\/\/afalesc.com.br\/site\/wp-content\/uploads\/2024\/11\/IMG_2620-768x512.jpg 768w, https:\/\/afalesc.com.br\/site\/wp-content\/uploads\/2024\/11\/IMG_2620-1536x1024.jpg 1536w, https:\/\/afalesc.com.br\/site\/wp-content\/uploads\/2024\/11\/IMG_2620-2048x1365.jpg 2048w, https:\/\/afalesc.com.br\/site\/wp-content\/uploads\/2024\/11\/IMG_2620-700x467.jpg 700w\" sizes=\"auto, (max-width: 1024px) 100vw, 1024px\" \/><\/a>\n\t\t\t<\/dt><\/dl><br style=\"clear: both\" \/><dl class='gallery-item'>\n\t\t\t<dt class='gallery-icon landscape'>\n\t\t\t\t<a href='https:\/\/afalesc.com.br\/site\/costelaco-e-dia-das-criancas-afalesc-2024\/img_2632\/'><img loading=\"lazy\" decoding=\"async\" width=\"1024\" height=\"683\" src=\"https:\/\/afalesc.com.br\/site\/wp-content\/uploads\/2024\/11\/IMG_2632-1024x683.jpg\" class=\"attachment-large size-large\" alt=\"\" srcset=\"https:\/\/afalesc.com.br\/site\/wp-content\/uploads\/2024\/11\/IMG_2632-1024x683.jpg 1024w, https:\/\/afalesc.com.br\/site\/wp-content\/uploads\/2024\/11\/IMG_2632-300x200.jpg 300w, https:\/\/afalesc.com.br\/site\/wp-content\/uploads\/2024\/11\/IMG_2632-768x512.jpg 768w, https:\/\/afalesc.com.br\/site\/wp-content\/uploads\/2024\/11\/IMG_2632-1536x1024.jpg 1536w, https:\/\/afalesc.com.br\/site\/wp-content\/uploads\/2024\/11\/IMG_2632-2048x1365.jpg 2048w, https:\/\/afalesc.com.br\/site\/wp-content\/uploads\/2024\/11\/IMG_2632-700x467.jpg 700w\" sizes=\"auto, (max-width: 1024px) 100vw, 1024px\" \/><\/a>\n\t\t\t<\/dt><\/dl><br style=\"clear: both\" \/><dl class='gallery-item'>\n\t\t\t<dt class='gallery-icon landscape'>\n\t\t\t\t<a href='https:\/\/afalesc.com.br\/site\/costelaco-e-dia-das-criancas-afalesc-2024\/img_2636\/'><img loading=\"lazy\" decoding=\"async\" width=\"1024\" height=\"683\" src=\"https:\/\/afalesc.com.br\/site\/wp-content\/uploads\/2024\/11\/IMG_2636-1024x683.jpg\" class=\"attachment-large size-large\" alt=\"\" srcset=\"https:\/\/afalesc.com.br\/site\/wp-content\/uploads\/2024\/11\/IMG_2636-1024x683.jpg 1024w, https:\/\/afalesc.com.br\/site\/wp-content\/uploads\/2024\/11\/IMG_2636-300x200.jpg 300w, https:\/\/afalesc.com.br\/site\/wp-content\/uploads\/2024\/11\/IMG_2636-768x512.jpg 768w, https:\/\/afalesc.com.br\/site\/wp-content\/uploads\/2024\/11\/IMG_2636-1536x1024.jpg 1536w, https:\/\/afalesc.com.br\/site\/wp-content\/uploads\/2024\/11\/IMG_2636-2048x1365.jpg 2048w, https:\/\/afalesc.com.br\/site\/wp-content\/uploads\/2024\/11\/IMG_2636-700x467.jpg 700w\" sizes=\"auto, (max-width: 1024px) 100vw, 1024px\" \/><\/a>\n\t\t\t<\/dt><\/dl><br style=\"clear: both\" \/><dl class='gallery-item'>\n\t\t\t<dt class='gallery-icon landscape'>\n\t\t\t\t<a href='https:\/\/afalesc.com.br\/site\/costelaco-e-dia-das-criancas-afalesc-2024\/img_2640\/'><img loading=\"lazy\" decoding=\"async\" width=\"1024\" height=\"683\" src=\"https:\/\/afalesc.com.br\/site\/wp-content\/uploads\/2024\/11\/IMG_2640-1024x683.jpg\" class=\"attachment-large size-large\" alt=\"\" srcset=\"https:\/\/afalesc.com.br\/site\/wp-content\/uploads\/2024\/11\/IMG_2640-1024x683.jpg 1024w, https:\/\/afalesc.com.br\/site\/wp-content\/uploads\/2024\/11\/IMG_2640-300x200.jpg 300w, https:\/\/afalesc.com.br\/site\/wp-content\/uploads\/2024\/11\/IMG_2640-768x512.jpg 768w, https:\/\/afalesc.com.br\/site\/wp-content\/uploads\/2024\/11\/IMG_2640-1536x1024.jpg 1536w, https:\/\/afalesc.com.br\/site\/wp-content\/uploads\/2024\/11\/IMG_2640-2048x1365.jpg 2048w, https:\/\/afalesc.com.br\/site\/wp-content\/uploads\/2024\/11\/IMG_2640-700x467.jpg 700w\" sizes=\"auto, (max-width: 1024px) 100vw, 1024px\" \/><\/a>\n\t\t\t<\/dt><\/dl><br style=\"clear: both\" \/><dl class='gallery-item'>\n\t\t\t<dt class='gallery-icon landscape'>\n\t\t\t\t<a href='https:\/\/afalesc.com.br\/site\/costelaco-e-dia-das-criancas-afalesc-2024\/img_2644\/'><img loading=\"lazy\" decoding=\"async\" width=\"1024\" height=\"683\" src=\"https:\/\/afalesc.com.br\/site\/wp-content\/uploads\/2024\/11\/IMG_2644-1024x683.jpg\" class=\"attachment-large size-large\" alt=\"\" srcset=\"https:\/\/afalesc.com.br\/site\/wp-content\/uploads\/2024\/11\/IMG_2644-1024x683.jpg 1024w, https:\/\/afalesc.com.br\/site\/wp-content\/uploads\/2024\/11\/IMG_2644-300x200.jpg 300w, https:\/\/afalesc.com.br\/site\/wp-content\/uploads\/2024\/11\/IMG_2644-768x512.jpg 768w, https:\/\/afalesc.com.br\/site\/wp-content\/uploads\/2024\/11\/IMG_2644-1536x1024.jpg 1536w, https:\/\/afalesc.com.br\/site\/wp-content\/uploads\/2024\/11\/IMG_2644-2048x1365.jpg 2048w, https:\/\/afalesc.com.br\/site\/wp-content\/uploads\/2024\/11\/IMG_2644-700x467.jpg 700w\" sizes=\"auto, (max-width: 1024px) 100vw, 1024px\" \/><\/a>\n\t\t\t<\/dt><\/dl><br style=\"clear: both\" \/><dl class='gallery-item'>\n\t\t\t<dt class='gallery-icon landscape'>\n\t\t\t\t<a href='https:\/\/afalesc.com.br\/site\/costelaco-e-dia-das-criancas-afalesc-2024\/img_2686\/'><img loading=\"lazy\" decoding=\"async\" width=\"1024\" height=\"683\" src=\"https:\/\/afalesc.com.br\/site\/wp-content\/uploads\/2024\/11\/IMG_2686-1024x683.jpg\" class=\"attachment-large size-large\" alt=\"\" srcset=\"https:\/\/afalesc.com.br\/site\/wp-content\/uploads\/2024\/11\/IMG_2686-1024x683.jpg 1024w, https:\/\/afalesc.com.br\/site\/wp-content\/uploads\/2024\/11\/IMG_2686-300x200.jpg 300w, https:\/\/afalesc.com.br\/site\/wp-content\/uploads\/2024\/11\/IMG_2686-768x512.jpg 768w, https:\/\/afalesc.com.br\/site\/wp-content\/uploads\/2024\/11\/IMG_2686-1536x1024.jpg 1536w, https:\/\/afalesc.com.br\/site\/wp-content\/uploads\/2024\/11\/IMG_2686-2048x1365.jpg 2048w, https:\/\/afalesc.com.br\/site\/wp-content\/uploads\/2024\/11\/IMG_2686-700x467.jpg 700w\" sizes=\"auto, (max-width: 1024px) 100vw, 1024px\" \/><\/a>\n\t\t\t<\/dt><\/dl><br style=\"clear: both\" \/><dl class='gallery-item'>\n\t\t\t<dt class='gallery-icon landscape'>\n\t\t\t\t<a href='https:\/\/afalesc.com.br\/site\/costelaco-e-dia-das-criancas-afalesc-2024\/img_2700\/'><img loading=\"lazy\" decoding=\"async\" width=\"1024\" height=\"683\" src=\"https:\/\/afalesc.com.br\/site\/wp-content\/uploads\/2024\/11\/IMG_2700-1024x683.jpg\" class=\"attachment-large size-large\" alt=\"\" srcset=\"https:\/\/afalesc.com.br\/site\/wp-content\/uploads\/2024\/11\/IMG_2700-1024x683.jpg 1024w, https:\/\/afalesc.com.br\/site\/wp-content\/uploads\/2024\/11\/IMG_2700-300x200.jpg 300w, https:\/\/afalesc.com.br\/site\/wp-content\/uploads\/2024\/11\/IMG_2700-768x512.jpg 768w, https:\/\/afalesc.com.br\/site\/wp-content\/uploads\/2024\/11\/IMG_2700-1536x1024.jpg 1536w, https:\/\/afalesc.com.br\/site\/wp-content\/uploads\/2024\/11\/IMG_2700-2048x1365.jpg 2048w, https:\/\/afalesc.com.br\/site\/wp-content\/uploads\/2024\/11\/IMG_2700-700x467.jpg 700w\" sizes=\"auto, (max-width: 1024px) 100vw, 1024px\" \/><\/a>\n\t\t\t<\/dt><\/dl><br style=\"clear: both\" \/><dl class='gallery-item'>\n\t\t\t<dt class='gallery-icon landscape'>\n\t\t\t\t<a href='https:\/\/afalesc.com.br\/site\/costelaco-e-dia-das-criancas-afalesc-2024\/img_2718\/'><img loading=\"lazy\" decoding=\"async\" width=\"1024\" height=\"683\" src=\"https:\/\/afalesc.com.br\/site\/wp-content\/uploads\/2024\/11\/IMG_2718-1024x683.jpg\" class=\"attachment-large size-large\" alt=\"\" srcset=\"https:\/\/afalesc.com.br\/site\/wp-content\/uploads\/2024\/11\/IMG_2718-1024x683.jpg 1024w, https:\/\/afalesc.com.br\/site\/wp-content\/uploads\/2024\/11\/IMG_2718-300x200.jpg 300w, https:\/\/afalesc.com.br\/site\/wp-content\/uploads\/2024\/11\/IMG_2718-768x512.jpg 768w, https:\/\/afalesc.com.br\/site\/wp-content\/uploads\/2024\/11\/IMG_2718-1536x1024.jpg 1536w, https:\/\/afalesc.com.br\/site\/wp-content\/uploads\/2024\/11\/IMG_2718-2048x1365.jpg 2048w, https:\/\/afalesc.com.br\/site\/wp-content\/uploads\/2024\/11\/IMG_2718-700x467.jpg 700w\" sizes=\"auto, (max-width: 1024px) 100vw, 1024px\" \/><\/a>\n\t\t\t<\/dt><\/dl><br style=\"clear: both\" \/><dl class='gallery-item'>\n\t\t\t<dt class='gallery-icon landscape'>\n\t\t\t\t<a href='https:\/\/afalesc.com.br\/site\/costelaco-e-dia-das-criancas-afalesc-2024\/img_2743\/'><img loading=\"lazy\" decoding=\"async\" width=\"1024\" height=\"683\" src=\"https:\/\/afalesc.com.br\/site\/wp-content\/uploads\/2024\/11\/IMG_2743-1024x683.jpg\" class=\"attachment-large size-large\" alt=\"\" srcset=\"https:\/\/afalesc.com.br\/site\/wp-content\/uploads\/2024\/11\/IMG_2743-1024x683.jpg 1024w, https:\/\/afalesc.com.br\/site\/wp-content\/uploads\/2024\/11\/IMG_2743-300x200.jpg 300w, https:\/\/afalesc.com.br\/site\/wp-content\/uploads\/2024\/11\/IMG_2743-768x512.jpg 768w, https:\/\/afalesc.com.br\/site\/wp-content\/uploads\/2024\/11\/IMG_2743-1536x1024.jpg 1536w, https:\/\/afalesc.com.br\/site\/wp-content\/uploads\/2024\/11\/IMG_2743-2048x1365.jpg 2048w, https:\/\/afalesc.com.br\/site\/wp-content\/uploads\/2024\/11\/IMG_2743-700x467.jpg 700w\" sizes=\"auto, (max-width: 1024px) 100vw, 1024px\" \/><\/a>\n\t\t\t<\/dt><\/dl><br style=\"clear: both\" \/><dl class='gallery-item'>\n\t\t\t<dt class='gallery-icon landscape'>\n\t\t\t\t<a href='https:\/\/afalesc.com.br\/site\/costelaco-e-dia-das-criancas-afalesc-2024\/img_2761\/'><img loading=\"lazy\" decoding=\"async\" width=\"1024\" height=\"683\" src=\"https:\/\/afalesc.com.br\/site\/wp-content\/uploads\/2024\/11\/IMG_2761-1024x683.jpg\" class=\"attachment-large size-large\" alt=\"\" srcset=\"https:\/\/afalesc.com.br\/site\/wp-content\/uploads\/2024\/11\/IMG_2761-1024x683.jpg 1024w, https:\/\/afalesc.com.br\/site\/wp-content\/uploads\/2024\/11\/IMG_2761-300x200.jpg 300w, https:\/\/afalesc.com.br\/site\/wp-content\/uploads\/2024\/11\/IMG_2761-768x512.jpg 768w, https:\/\/afalesc.com.br\/site\/wp-content\/uploads\/2024\/11\/IMG_2761-1536x1024.jpg 1536w, https:\/\/afalesc.com.br\/site\/wp-content\/uploads\/2024\/11\/IMG_2761-2048x1365.jpg 2048w, https:\/\/afalesc.com.br\/site\/wp-content\/uploads\/2024\/11\/IMG_2761-700x467.jpg 700w\" sizes=\"auto, (max-width: 1024px) 100vw, 1024px\" \/><\/a>\n\t\t\t<\/dt><\/dl><br style=\"clear: both\" \/><dl class='gallery-item'>\n\t\t\t<dt class='gallery-icon landscape'>\n\t\t\t\t<a href='https:\/\/afalesc.com.br\/site\/costelaco-e-dia-das-criancas-afalesc-2024\/img_2778\/'><img loading=\"lazy\" decoding=\"async\" width=\"1024\" height=\"683\" src=\"https:\/\/afalesc.com.br\/site\/wp-content\/uploads\/2024\/11\/IMG_2778-1024x683.jpg\" class=\"attachment-large size-large\" alt=\"\" srcset=\"https:\/\/afalesc.com.br\/site\/wp-content\/uploads\/2024\/11\/IMG_2778-1024x683.jpg 1024w, https:\/\/afalesc.com.br\/site\/wp-content\/uploads\/2024\/11\/IMG_2778-300x200.jpg 300w, https:\/\/afalesc.com.br\/site\/wp-content\/uploads\/2024\/11\/IMG_2778-768x512.jpg 768w, https:\/\/afalesc.com.br\/site\/wp-content\/uploads\/2024\/11\/IMG_2778-1536x1024.jpg 1536w, https:\/\/afalesc.com.br\/site\/wp-content\/uploads\/2024\/11\/IMG_2778-2048x1365.jpg 2048w, https:\/\/afalesc.com.br\/site\/wp-content\/uploads\/2024\/11\/IMG_2778-700x467.jpg 700w\" sizes=\"auto, (max-width: 1024px) 100vw, 1024px\" \/><\/a>\n\t\t\t<\/dt><\/dl><br style=\"clear: both\" \/><dl class='gallery-item'>\n\t\t\t<dt class='gallery-icon landscape'>\n\t\t\t\t<a href='https:\/\/afalesc.com.br\/site\/costelaco-e-dia-das-criancas-afalesc-2024\/img_2796\/'><img loading=\"lazy\" decoding=\"async\" width=\"1024\" height=\"683\" src=\"https:\/\/afalesc.com.br\/site\/wp-content\/uploads\/2024\/11\/IMG_2796-1024x683.jpg\" class=\"attachment-large size-large\" alt=\"\" srcset=\"https:\/\/afalesc.com.br\/site\/wp-content\/uploads\/2024\/11\/IMG_2796-1024x683.jpg 1024w, https:\/\/afalesc.com.br\/site\/wp-content\/uploads\/2024\/11\/IMG_2796-300x200.jpg 300w, https:\/\/afalesc.com.br\/site\/wp-content\/uploads\/2024\/11\/IMG_2796-768x512.jpg 768w, https:\/\/afalesc.com.br\/site\/wp-content\/uploads\/2024\/11\/IMG_2796-1536x1024.jpg 1536w, https:\/\/afalesc.com.br\/site\/wp-content\/uploads\/2024\/11\/IMG_2796-2048x1365.jpg 2048w, https:\/\/afalesc.com.br\/site\/wp-content\/uploads\/2024\/11\/IMG_2796-700x467.jpg 700w\" sizes=\"auto, (max-width: 1024px) 100vw, 1024px\" \/><\/a>\n\t\t\t<\/dt><\/dl><br style=\"clear: both\" \/><dl class='gallery-item'>\n\t\t\t<dt class='gallery-icon landscape'>\n\t\t\t\t<a href='https:\/\/afalesc.com.br\/site\/costelaco-e-dia-das-criancas-afalesc-2024\/img_2801\/'><img loading=\"lazy\" decoding=\"async\" width=\"1024\" height=\"683\" src=\"https:\/\/afalesc.com.br\/site\/wp-content\/uploads\/2024\/11\/IMG_2801-1024x683.jpg\" class=\"attachment-large size-large\" alt=\"\" srcset=\"https:\/\/afalesc.com.br\/site\/wp-content\/uploads\/2024\/11\/IMG_2801-1024x683.jpg 1024w, https:\/\/afalesc.com.br\/site\/wp-content\/uploads\/2024\/11\/IMG_2801-300x200.jpg 300w, https:\/\/afalesc.com.br\/site\/wp-content\/uploads\/2024\/11\/IMG_2801-768x512.jpg 768w, https:\/\/afalesc.com.br\/site\/wp-content\/uploads\/2024\/11\/IMG_2801-1536x1024.jpg 1536w, https:\/\/afalesc.com.br\/site\/wp-content\/uploads\/2024\/11\/IMG_2801-2048x1365.jpg 2048w, https:\/\/afalesc.com.br\/site\/wp-content\/uploads\/2024\/11\/IMG_2801-700x467.jpg 700w\" sizes=\"auto, (max-width: 1024px) 100vw, 1024px\" \/><\/a>\n\t\t\t<\/dt><\/dl><br style=\"clear: both\" \/><dl class='gallery-item'>\n\t\t\t<dt class='gallery-icon landscape'>\n\t\t\t\t<a href='https:\/\/afalesc.com.br\/site\/costelaco-e-dia-das-criancas-afalesc-2024\/img_2810\/'><img loading=\"lazy\" decoding=\"async\" width=\"1024\" height=\"683\" src=\"https:\/\/afalesc.com.br\/site\/wp-content\/uploads\/2024\/11\/IMG_2810-1024x683.jpg\" class=\"attachment-large size-large\" alt=\"\" srcset=\"https:\/\/afalesc.com.br\/site\/wp-content\/uploads\/2024\/11\/IMG_2810-1024x683.jpg 1024w, https:\/\/afalesc.com.br\/site\/wp-content\/uploads\/2024\/11\/IMG_2810-300x200.jpg 300w, https:\/\/afalesc.com.br\/site\/wp-content\/uploads\/2024\/11\/IMG_2810-768x512.jpg 768w, https:\/\/afalesc.com.br\/site\/wp-content\/uploads\/2024\/11\/IMG_2810-1536x1024.jpg 1536w, https:\/\/afalesc.com.br\/site\/wp-content\/uploads\/2024\/11\/IMG_2810-2048x1365.jpg 2048w, https:\/\/afalesc.com.br\/site\/wp-content\/uploads\/2024\/11\/IMG_2810-700x467.jpg 700w\" sizes=\"auto, (max-width: 1024px) 100vw, 1024px\" \/><\/a>\n\t\t\t<\/dt><\/dl><br style=\"clear: both\" \/><dl class='gallery-item'>\n\t\t\t<dt class='gallery-icon landscape'>\n\t\t\t\t<a href='https:\/\/afalesc.com.br\/site\/costelaco-e-dia-das-criancas-afalesc-2024\/img_2816\/'><img loading=\"lazy\" decoding=\"async\" width=\"1024\" height=\"683\" src=\"https:\/\/afalesc.com.br\/site\/wp-content\/uploads\/2024\/11\/IMG_2816-1024x683.jpg\" class=\"attachment-large size-large\" alt=\"\" srcset=\"https:\/\/afalesc.com.br\/site\/wp-content\/uploads\/2024\/11\/IMG_2816-1024x683.jpg 1024w, https:\/\/afalesc.com.br\/site\/wp-content\/uploads\/2024\/11\/IMG_2816-300x200.jpg 300w, https:\/\/afalesc.com.br\/site\/wp-content\/uploads\/2024\/11\/IMG_2816-768x512.jpg 768w, https:\/\/afalesc.com.br\/site\/wp-content\/uploads\/2024\/11\/IMG_2816-1536x1024.jpg 1536w, https:\/\/afalesc.com.br\/site\/wp-content\/uploads\/2024\/11\/IMG_2816-2048x1365.jpg 2048w, https:\/\/afalesc.com.br\/site\/wp-content\/uploads\/2024\/11\/IMG_2816-700x467.jpg 700w\" sizes=\"auto, (max-width: 1024px) 100vw, 1024px\" \/><\/a>\n\t\t\t<\/dt><\/dl><br style=\"clear: both\" \/><dl class='gallery-item'>\n\t\t\t<dt class='gallery-icon landscape'>\n\t\t\t\t<a href='https:\/\/afalesc.com.br\/site\/costelaco-e-dia-das-criancas-afalesc-2024\/img_2823\/'><img loading=\"lazy\" decoding=\"async\" width=\"1024\" height=\"683\" src=\"https:\/\/afalesc.com.br\/site\/wp-content\/uploads\/2024\/11\/IMG_2823-1024x683.jpg\" class=\"attachment-large size-large\" alt=\"\" srcset=\"https:\/\/afalesc.com.br\/site\/wp-content\/uploads\/2024\/11\/IMG_2823-1024x683.jpg 1024w, https:\/\/afalesc.com.br\/site\/wp-content\/uploads\/2024\/11\/IMG_2823-300x200.jpg 300w, https:\/\/afalesc.com.br\/site\/wp-content\/uploads\/2024\/11\/IMG_2823-768x512.jpg 768w, https:\/\/afalesc.com.br\/site\/wp-content\/uploads\/2024\/11\/IMG_2823-1536x1024.jpg 1536w, https:\/\/afalesc.com.br\/site\/wp-content\/uploads\/2024\/11\/IMG_2823-2048x1365.jpg 2048w, https:\/\/afalesc.com.br\/site\/wp-content\/uploads\/2024\/11\/IMG_2823-700x467.jpg 700w\" sizes=\"auto, (max-width: 1024px) 100vw, 1024px\" \/><\/a>\n\t\t\t<\/dt><\/dl><br style=\"clear: both\" \/><dl class='gallery-item'>\n\t\t\t<dt class='gallery-icon landscape'>\n\t\t\t\t<a href='https:\/\/afalesc.com.br\/site\/costelaco-e-dia-das-criancas-afalesc-2024\/img_2835\/'><img loading=\"lazy\" decoding=\"async\" width=\"1024\" height=\"683\" src=\"https:\/\/afalesc.com.br\/site\/wp-content\/uploads\/2024\/11\/IMG_2835-1024x683.jpg\" class=\"attachment-large size-large\" alt=\"\" srcset=\"https:\/\/afalesc.com.br\/site\/wp-content\/uploads\/2024\/11\/IMG_2835-1024x683.jpg 1024w, https:\/\/afalesc.com.br\/site\/wp-content\/uploads\/2024\/11\/IMG_2835-300x200.jpg 300w, https:\/\/afalesc.com.br\/site\/wp-content\/uploads\/2024\/11\/IMG_2835-768x512.jpg 768w, https:\/\/afalesc.com.br\/site\/wp-content\/uploads\/2024\/11\/IMG_2835-1536x1024.jpg 1536w, https:\/\/afalesc.com.br\/site\/wp-content\/uploads\/2024\/11\/IMG_2835-2048x1365.jpg 2048w, https:\/\/afalesc.com.br\/site\/wp-content\/uploads\/2024\/11\/IMG_2835-700x467.jpg 700w\" sizes=\"auto, (max-width: 1024px) 100vw, 1024px\" \/><\/a>\n\t\t\t<\/dt><\/dl><br style=\"clear: both\" \/><dl class='gallery-item'>\n\t\t\t<dt class='gallery-icon landscape'>\n\t\t\t\t<a href='https:\/\/afalesc.com.br\/site\/costelaco-e-dia-das-criancas-afalesc-2024\/img_2868\/'><img loading=\"lazy\" decoding=\"async\" width=\"1024\" height=\"683\" src=\"https:\/\/afalesc.com.br\/site\/wp-content\/uploads\/2024\/11\/IMG_2868-1024x683.jpg\" class=\"attachment-large size-large\" alt=\"\" srcset=\"https:\/\/afalesc.com.br\/site\/wp-content\/uploads\/2024\/11\/IMG_2868-1024x683.jpg 1024w, https:\/\/afalesc.com.br\/site\/wp-content\/uploads\/2024\/11\/IMG_2868-300x200.jpg 300w, https:\/\/afalesc.com.br\/site\/wp-content\/uploads\/2024\/11\/IMG_2868-768x512.jpg 768w, https:\/\/afalesc.com.br\/site\/wp-content\/uploads\/2024\/11\/IMG_2868-1536x1024.jpg 1536w, https:\/\/afalesc.com.br\/site\/wp-content\/uploads\/2024\/11\/IMG_2868-2048x1365.jpg 2048w, https:\/\/afalesc.com.br\/site\/wp-content\/uploads\/2024\/11\/IMG_2868-700x467.jpg 700w\" sizes=\"auto, (max-width: 1024px) 100vw, 1024px\" \/><\/a>\n\t\t\t<\/dt><\/dl><br style=\"clear: both\" \/><dl class='gallery-item'>\n\t\t\t<dt class='gallery-icon landscape'>\n\t\t\t\t<a href='https:\/\/afalesc.com.br\/site\/costelaco-e-dia-das-criancas-afalesc-2024\/img_2904\/'><img loading=\"lazy\" decoding=\"async\" width=\"1024\" height=\"683\" src=\"https:\/\/afalesc.com.br\/site\/wp-content\/uploads\/2024\/11\/IMG_2904-1024x683.jpg\" class=\"attachment-large size-large\" alt=\"\" srcset=\"https:\/\/afalesc.com.br\/site\/wp-content\/uploads\/2024\/11\/IMG_2904-1024x683.jpg 1024w, https:\/\/afalesc.com.br\/site\/wp-content\/uploads\/2024\/11\/IMG_2904-300x200.jpg 300w, https:\/\/afalesc.com.br\/site\/wp-content\/uploads\/2024\/11\/IMG_2904-768x512.jpg 768w, https:\/\/afalesc.com.br\/site\/wp-content\/uploads\/2024\/11\/IMG_2904-1536x1024.jpg 1536w, https:\/\/afalesc.com.br\/site\/wp-content\/uploads\/2024\/11\/IMG_2904-2048x1365.jpg 2048w, https:\/\/afalesc.com.br\/site\/wp-content\/uploads\/2024\/11\/IMG_2904-700x467.jpg 700w\" sizes=\"auto, (max-width: 1024px) 100vw, 1024px\" \/><\/a>\n\t\t\t<\/dt><\/dl><br style=\"clear: both\" \/><dl class='gallery-item'>\n\t\t\t<dt class='gallery-icon landscape'>\n\t\t\t\t<a href='https:\/\/afalesc.com.br\/site\/costelaco-e-dia-das-criancas-afalesc-2024\/img_2962\/'><img loading=\"lazy\" decoding=\"async\" width=\"1024\" height=\"683\" src=\"https:\/\/afalesc.com.br\/site\/wp-content\/uploads\/2024\/11\/IMG_2962-1024x683.jpg\" class=\"attachment-large size-large\" alt=\"\" srcset=\"https:\/\/afalesc.com.br\/site\/wp-content\/uploads\/2024\/11\/IMG_2962-1024x683.jpg 1024w, https:\/\/afalesc.com.br\/site\/wp-content\/uploads\/2024\/11\/IMG_2962-300x200.jpg 300w, https:\/\/afalesc.com.br\/site\/wp-content\/uploads\/2024\/11\/IMG_2962-768x512.jpg 768w, https:\/\/afalesc.com.br\/site\/wp-content\/uploads\/2024\/11\/IMG_2962-1536x1024.jpg 1536w, https:\/\/afalesc.com.br\/site\/wp-content\/uploads\/2024\/11\/IMG_2962-2048x1365.jpg 2048w, https:\/\/afalesc.com.br\/site\/wp-content\/uploads\/2024\/11\/IMG_2962-700x467.jpg 700w\" sizes=\"auto, (max-width: 1024px) 100vw, 1024px\" \/><\/a>\n\t\t\t<\/dt><\/dl><br style=\"clear: both\" \/><dl class='gallery-item'>\n\t\t\t<dt class='gallery-icon landscape'>\n\t\t\t\t<a href='https:\/\/afalesc.com.br\/site\/costelaco-e-dia-das-criancas-afalesc-2024\/img_2965\/'><img loading=\"lazy\" decoding=\"async\" width=\"1024\" height=\"683\" src=\"https:\/\/afalesc.com.br\/site\/wp-content\/uploads\/2024\/11\/IMG_2965-1024x683.jpg\" class=\"attachment-large size-large\" alt=\"\" srcset=\"https:\/\/afalesc.com.br\/site\/wp-content\/uploads\/2024\/11\/IMG_2965-1024x683.jpg 1024w, https:\/\/afalesc.com.br\/site\/wp-content\/uploads\/2024\/11\/IMG_2965-300x200.jpg 300w, https:\/\/afalesc.com.br\/site\/wp-content\/uploads\/2024\/11\/IMG_2965-768x512.jpg 768w, https:\/\/afalesc.com.br\/site\/wp-content\/uploads\/2024\/11\/IMG_2965-1536x1024.jpg 1536w, https:\/\/afalesc.com.br\/site\/wp-content\/uploads\/2024\/11\/IMG_2965-2048x1365.jpg 2048w, https:\/\/afalesc.com.br\/site\/wp-content\/uploads\/2024\/11\/IMG_2965-700x467.jpg 700w\" sizes=\"auto, (max-width: 1024px) 100vw, 1024px\" \/><\/a>\n\t\t\t<\/dt><\/dl><br style=\"clear: both\" \/><dl class='gallery-item'>\n\t\t\t<dt class='gallery-icon landscape'>\n\t\t\t\t<a href='https:\/\/afalesc.com.br\/site\/costelaco-e-dia-das-criancas-afalesc-2024\/img_2984\/'><img loading=\"lazy\" decoding=\"async\" width=\"1024\" height=\"683\" src=\"https:\/\/afalesc.com.br\/site\/wp-content\/uploads\/2024\/11\/IMG_2984-1024x683.jpg\" class=\"attachment-large size-large\" alt=\"\" srcset=\"https:\/\/afalesc.com.br\/site\/wp-content\/uploads\/2024\/11\/IMG_2984-1024x683.jpg 1024w, https:\/\/afalesc.com.br\/site\/wp-content\/uploads\/2024\/11\/IMG_2984-300x200.jpg 300w, https:\/\/afalesc.com.br\/site\/wp-content\/uploads\/2024\/11\/IMG_2984-768x512.jpg 768w, https:\/\/afalesc.com.br\/site\/wp-content\/uploads\/2024\/11\/IMG_2984-1536x1024.jpg 1536w, https:\/\/afalesc.com.br\/site\/wp-content\/uploads\/2024\/11\/IMG_2984-2048x1365.jpg 2048w, https:\/\/afalesc.com.br\/site\/wp-content\/uploads\/2024\/11\/IMG_2984-700x467.jpg 700w\" sizes=\"auto, (max-width: 1024px) 100vw, 1024px\" \/><\/a>\n\t\t\t<\/dt><\/dl><br style=\"clear: both\" \/><dl class='gallery-item'>\n\t\t\t<dt class='gallery-icon landscape'>\n\t\t\t\t<a href='https:\/\/afalesc.com.br\/site\/costelaco-e-dia-das-criancas-afalesc-2024\/img_3002\/'><img loading=\"lazy\" decoding=\"async\" width=\"1024\" height=\"683\" src=\"https:\/\/afalesc.com.br\/site\/wp-content\/uploads\/2024\/11\/IMG_3002-1024x683.jpg\" class=\"attachment-large size-large\" alt=\"\" srcset=\"https:\/\/afalesc.com.br\/site\/wp-content\/uploads\/2024\/11\/IMG_3002-1024x683.jpg 1024w, https:\/\/afalesc.com.br\/site\/wp-content\/uploads\/2024\/11\/IMG_3002-300x200.jpg 300w, https:\/\/afalesc.com.br\/site\/wp-content\/uploads\/2024\/11\/IMG_3002-768x512.jpg 768w, https:\/\/afalesc.com.br\/site\/wp-content\/uploads\/2024\/11\/IMG_3002-1536x1024.jpg 1536w, https:\/\/afalesc.com.br\/site\/wp-content\/uploads\/2024\/11\/IMG_3002-2048x1365.jpg 2048w, https:\/\/afalesc.com.br\/site\/wp-content\/uploads\/2024\/11\/IMG_3002-700x467.jpg 700w\" sizes=\"auto, (max-width: 1024px) 100vw, 1024px\" \/><\/a>\n\t\t\t<\/dt><\/dl><br style=\"clear: both\" \/><dl class='gallery-item'>\n\t\t\t<dt class='gallery-icon landscape'>\n\t\t\t\t<a href='https:\/\/afalesc.com.br\/site\/costelaco-e-dia-das-criancas-afalesc-2024\/img_3017\/'><img loading=\"lazy\" decoding=\"async\" width=\"1024\" height=\"683\" src=\"https:\/\/afalesc.com.br\/site\/wp-content\/uploads\/2024\/11\/IMG_3017-1024x683.jpg\" class=\"attachment-large size-large\" alt=\"\" srcset=\"https:\/\/afalesc.com.br\/site\/wp-content\/uploads\/2024\/11\/IMG_3017-1024x683.jpg 1024w, https:\/\/afalesc.com.br\/site\/wp-content\/uploads\/2024\/11\/IMG_3017-300x200.jpg 300w, https:\/\/afalesc.com.br\/site\/wp-content\/uploads\/2024\/11\/IMG_3017-768x512.jpg 768w, https:\/\/afalesc.com.br\/site\/wp-content\/uploads\/2024\/11\/IMG_3017-1536x1024.jpg 1536w, https:\/\/afalesc.com.br\/site\/wp-content\/uploads\/2024\/11\/IMG_3017-2048x1365.jpg 2048w, https:\/\/afalesc.com.br\/site\/wp-content\/uploads\/2024\/11\/IMG_3017-700x467.jpg 700w\" sizes=\"auto, (max-width: 1024px) 100vw, 1024px\" \/><\/a>\n\t\t\t<\/dt><\/dl><br style=\"clear: both\" \/><dl class='gallery-item'>\n\t\t\t<dt class='gallery-icon landscape'>\n\t\t\t\t<a href='https:\/\/afalesc.com.br\/site\/costelaco-e-dia-das-criancas-afalesc-2024\/img_3026\/'><img loading=\"lazy\" decoding=\"async\" width=\"1024\" height=\"683\" src=\"https:\/\/afalesc.com.br\/site\/wp-content\/uploads\/2024\/11\/IMG_3026-1024x683.jpg\" class=\"attachment-large size-large\" alt=\"\" srcset=\"https:\/\/afalesc.com.br\/site\/wp-content\/uploads\/2024\/11\/IMG_3026-1024x683.jpg 1024w, https:\/\/afalesc.com.br\/site\/wp-content\/uploads\/2024\/11\/IMG_3026-300x200.jpg 300w, https:\/\/afalesc.com.br\/site\/wp-content\/uploads\/2024\/11\/IMG_3026-768x512.jpg 768w, https:\/\/afalesc.com.br\/site\/wp-content\/uploads\/2024\/11\/IMG_3026-1536x1024.jpg 1536w, https:\/\/afalesc.com.br\/site\/wp-content\/uploads\/2024\/11\/IMG_3026-2048x1365.jpg 2048w, https:\/\/afalesc.com.br\/site\/wp-content\/uploads\/2024\/11\/IMG_3026-700x467.jpg 700w\" sizes=\"auto, (max-width: 1024px) 100vw, 1024px\" \/><\/a>\n\t\t\t<\/dt><\/dl><br style=\"clear: both\" \/><dl class='gallery-item'>\n\t\t\t<dt class='gallery-icon landscape'>\n\t\t\t\t<a href='https:\/\/afalesc.com.br\/site\/costelaco-e-dia-das-criancas-afalesc-2024\/img_3036\/'><img loading=\"lazy\" decoding=\"async\" width=\"1024\" height=\"683\" src=\"https:\/\/afalesc.com.br\/site\/wp-content\/uploads\/2024\/11\/IMG_3036-1024x683.jpg\" class=\"attachment-large size-large\" alt=\"\" srcset=\"https:\/\/afalesc.com.br\/site\/wp-content\/uploads\/2024\/11\/IMG_3036-1024x683.jpg 1024w, https:\/\/afalesc.com.br\/site\/wp-content\/uploads\/2024\/11\/IMG_3036-300x200.jpg 300w, https:\/\/afalesc.com.br\/site\/wp-content\/uploads\/2024\/11\/IMG_3036-768x512.jpg 768w, https:\/\/afalesc.com.br\/site\/wp-content\/uploads\/2024\/11\/IMG_3036-1536x1024.jpg 1536w, https:\/\/afalesc.com.br\/site\/wp-content\/uploads\/2024\/11\/IMG_3036-2048x1365.jpg 2048w, https:\/\/afalesc.com.br\/site\/wp-content\/uploads\/2024\/11\/IMG_3036-700x467.jpg 700w\" sizes=\"auto, (max-width: 1024px) 100vw, 1024px\" \/><\/a>\n\t\t\t<\/dt><\/dl><br style=\"clear: both\" \/><dl class='gallery-item'>\n\t\t\t<dt class='gallery-icon landscape'>\n\t\t\t\t<a href='https:\/\/afalesc.com.br\/site\/costelaco-e-dia-das-criancas-afalesc-2024\/img_3050\/'><img loading=\"lazy\" decoding=\"async\" width=\"1024\" height=\"683\" src=\"https:\/\/afalesc.com.br\/site\/wp-content\/uploads\/2024\/11\/IMG_3050-1024x683.jpg\" class=\"attachment-large size-large\" alt=\"\" srcset=\"https:\/\/afalesc.com.br\/site\/wp-content\/uploads\/2024\/11\/IMG_3050-1024x683.jpg 1024w, https:\/\/afalesc.com.br\/site\/wp-content\/uploads\/2024\/11\/IMG_3050-300x200.jpg 300w, https:\/\/afalesc.com.br\/site\/wp-content\/uploads\/2024\/11\/IMG_3050-768x512.jpg 768w, https:\/\/afalesc.com.br\/site\/wp-content\/uploads\/2024\/11\/IMG_3050-1536x1024.jpg 1536w, https:\/\/afalesc.com.br\/site\/wp-content\/uploads\/2024\/11\/IMG_3050-2048x1365.jpg 2048w, https:\/\/afalesc.com.br\/site\/wp-content\/uploads\/2024\/11\/IMG_3050-700x467.jpg 700w\" sizes=\"auto, (max-width: 1024px) 100vw, 1024px\" \/><\/a>\n\t\t\t<\/dt><\/dl><br style=\"clear: both\" \/><dl class='gallery-item'>\n\t\t\t<dt class='gallery-icon landscape'>\n\t\t\t\t<a href='https:\/\/afalesc.com.br\/site\/costelaco-e-dia-das-criancas-afalesc-2024\/img_3052\/'><img loading=\"lazy\" decoding=\"async\" width=\"1024\" height=\"683\" src=\"https:\/\/afalesc.com.br\/site\/wp-content\/uploads\/2024\/11\/IMG_3052-1024x683.jpg\" class=\"attachment-large size-large\" alt=\"\" srcset=\"https:\/\/afalesc.com.br\/site\/wp-content\/uploads\/2024\/11\/IMG_3052-1024x683.jpg 1024w, https:\/\/afalesc.com.br\/site\/wp-content\/uploads\/2024\/11\/IMG_3052-300x200.jpg 300w, https:\/\/afalesc.com.br\/site\/wp-content\/uploads\/2024\/11\/IMG_3052-768x512.jpg 768w, https:\/\/afalesc.com.br\/site\/wp-content\/uploads\/2024\/11\/IMG_3052-1536x1024.jpg 1536w, https:\/\/afalesc.com.br\/site\/wp-content\/uploads\/2024\/11\/IMG_3052-2048x1365.jpg 2048w, https:\/\/afalesc.com.br\/site\/wp-content\/uploads\/2024\/11\/IMG_3052-700x467.jpg 700w\" sizes=\"auto, (max-width: 1024px) 100vw, 1024px\" \/><\/a>\n\t\t\t<\/dt><\/dl><br style=\"clear: both\" \/><dl class='gallery-item'>\n\t\t\t<dt class='gallery-icon landscape'>\n\t\t\t\t<a href='https:\/\/afalesc.com.br\/site\/costelaco-e-dia-das-criancas-afalesc-2024\/img_3072\/'><img loading=\"lazy\" decoding=\"async\" width=\"1024\" height=\"683\" src=\"https:\/\/afalesc.com.br\/site\/wp-content\/uploads\/2024\/11\/IMG_3072-1024x683.jpg\" class=\"attachment-large size-large\" alt=\"\" srcset=\"https:\/\/afalesc.com.br\/site\/wp-content\/uploads\/2024\/11\/IMG_3072-1024x683.jpg 1024w, https:\/\/afalesc.com.br\/site\/wp-content\/uploads\/2024\/11\/IMG_3072-300x200.jpg 300w, https:\/\/afalesc.com.br\/site\/wp-content\/uploads\/2024\/11\/IMG_3072-768x512.jpg 768w, https:\/\/afalesc.com.br\/site\/wp-content\/uploads\/2024\/11\/IMG_3072-1536x1024.jpg 1536w, https:\/\/afalesc.com.br\/site\/wp-content\/uploads\/2024\/11\/IMG_3072-2048x1365.jpg 2048w, https:\/\/afalesc.com.br\/site\/wp-content\/uploads\/2024\/11\/IMG_3072-700x467.jpg 700w\" sizes=\"auto, (max-width: 1024px) 100vw, 1024px\" \/><\/a>\n\t\t\t<\/dt><\/dl><br style=\"clear: both\" \/><dl class='gallery-item'>\n\t\t\t<dt class='gallery-icon landscape'>\n\t\t\t\t<a href='https:\/\/afalesc.com.br\/site\/costelaco-e-dia-das-criancas-afalesc-2024\/img_3098\/'><img loading=\"lazy\" decoding=\"async\" width=\"1024\" height=\"683\" src=\"https:\/\/afalesc.com.br\/site\/wp-content\/uploads\/2024\/11\/IMG_3098-1024x683.jpg\" class=\"attachment-large size-large\" alt=\"\" srcset=\"https:\/\/afalesc.com.br\/site\/wp-content\/uploads\/2024\/11\/IMG_3098-1024x683.jpg 1024w, https:\/\/afalesc.com.br\/site\/wp-content\/uploads\/2024\/11\/IMG_3098-300x200.jpg 300w, https:\/\/afalesc.com.br\/site\/wp-content\/uploads\/2024\/11\/IMG_3098-768x512.jpg 768w, https:\/\/afalesc.com.br\/site\/wp-content\/uploads\/2024\/11\/IMG_3098-1536x1024.jpg 1536w, https:\/\/afalesc.com.br\/site\/wp-content\/uploads\/2024\/11\/IMG_3098-2048x1365.jpg 2048w, https:\/\/afalesc.com.br\/site\/wp-content\/uploads\/2024\/11\/IMG_3098-700x467.jpg 700w\" sizes=\"auto, (max-width: 1024px) 100vw, 1024px\" \/><\/a>\n\t\t\t<\/dt><\/dl><br style=\"clear: both\" \/><dl class='gallery-item'>\n\t\t\t<dt class='gallery-icon landscape'>\n\t\t\t\t<a href='https:\/\/afalesc.com.br\/site\/costelaco-e-dia-das-criancas-afalesc-2024\/img_3101\/'><img loading=\"lazy\" decoding=\"async\" width=\"1024\" height=\"683\" src=\"https:\/\/afalesc.com.br\/site\/wp-content\/uploads\/2024\/11\/IMG_3101-1024x683.jpg\" class=\"attachment-large size-large\" alt=\"\" srcset=\"https:\/\/afalesc.com.br\/site\/wp-content\/uploads\/2024\/11\/IMG_3101-1024x683.jpg 1024w, https:\/\/afalesc.com.br\/site\/wp-content\/uploads\/2024\/11\/IMG_3101-300x200.jpg 300w, https:\/\/afalesc.com.br\/site\/wp-content\/uploads\/2024\/11\/IMG_3101-768x512.jpg 768w, https:\/\/afalesc.com.br\/site\/wp-content\/uploads\/2024\/11\/IMG_3101-1536x1024.jpg 1536w, https:\/\/afalesc.com.br\/site\/wp-content\/uploads\/2024\/11\/IMG_3101-2048x1365.jpg 2048w, https:\/\/afalesc.com.br\/site\/wp-content\/uploads\/2024\/11\/IMG_3101-700x467.jpg 700w\" sizes=\"auto, (max-width: 1024px) 100vw, 1024px\" \/><\/a>\n\t\t\t<\/dt><\/dl><br style=\"clear: both\" \/><dl class='gallery-item'>\n\t\t\t<dt class='gallery-icon landscape'>\n\t\t\t\t<a href='https:\/\/afalesc.com.br\/site\/costelaco-e-dia-das-criancas-afalesc-2024\/img_3111\/'><img loading=\"lazy\" decoding=\"async\" width=\"1024\" height=\"683\" src=\"https:\/\/afalesc.com.br\/site\/wp-content\/uploads\/2024\/11\/IMG_3111-1024x683.jpg\" class=\"attachment-large size-large\" alt=\"\" srcset=\"https:\/\/afalesc.com.br\/site\/wp-content\/uploads\/2024\/11\/IMG_3111-1024x683.jpg 1024w, https:\/\/afalesc.com.br\/site\/wp-content\/uploads\/2024\/11\/IMG_3111-300x200.jpg 300w, https:\/\/afalesc.com.br\/site\/wp-content\/uploads\/2024\/11\/IMG_3111-768x512.jpg 768w, https:\/\/afalesc.com.br\/site\/wp-content\/uploads\/2024\/11\/IMG_3111-1536x1024.jpg 1536w, https:\/\/afalesc.com.br\/site\/wp-content\/uploads\/2024\/11\/IMG_3111-2048x1365.jpg 2048w, https:\/\/afalesc.com.br\/site\/wp-content\/uploads\/2024\/11\/IMG_3111-700x467.jpg 700w\" sizes=\"auto, (max-width: 1024px) 100vw, 1024px\" \/><\/a>\n\t\t\t<\/dt><\/dl><br style=\"clear: both\" \/><dl class='gallery-item'>\n\t\t\t<dt class='gallery-icon landscape'>\n\t\t\t\t<a href='https:\/\/afalesc.com.br\/site\/costelaco-e-dia-das-criancas-afalesc-2024\/img_3125\/'><img loading=\"lazy\" decoding=\"async\" width=\"1024\" height=\"683\" src=\"https:\/\/afalesc.com.br\/site\/wp-content\/uploads\/2024\/11\/IMG_3125-1024x683.jpg\" class=\"attachment-large size-large\" alt=\"\" srcset=\"https:\/\/afalesc.com.br\/site\/wp-content\/uploads\/2024\/11\/IMG_3125-1024x683.jpg 1024w, https:\/\/afalesc.com.br\/site\/wp-content\/uploads\/2024\/11\/IMG_3125-300x200.jpg 300w, https:\/\/afalesc.com.br\/site\/wp-content\/uploads\/2024\/11\/IMG_3125-768x512.jpg 768w, https:\/\/afalesc.com.br\/site\/wp-content\/uploads\/2024\/11\/IMG_3125-1536x1024.jpg 1536w, https:\/\/afalesc.com.br\/site\/wp-content\/uploads\/2024\/11\/IMG_3125-2048x1365.jpg 2048w, https:\/\/afalesc.com.br\/site\/wp-content\/uploads\/2024\/11\/IMG_3125-700x467.jpg 700w\" sizes=\"auto, (max-width: 1024px) 100vw, 1024px\" \/><\/a>\n\t\t\t<\/dt><\/dl><br style=\"clear: both\" \/><dl class='gallery-item'>\n\t\t\t<dt class='gallery-icon landscape'>\n\t\t\t\t<a href='https:\/\/afalesc.com.br\/site\/costelaco-e-dia-das-criancas-afalesc-2024\/img_3133-2\/'><img loading=\"lazy\" decoding=\"async\" width=\"1024\" height=\"683\" src=\"https:\/\/afalesc.com.br\/site\/wp-content\/uploads\/2024\/11\/IMG_3133-1024x683.jpg\" class=\"attachment-large size-large\" alt=\"\" srcset=\"https:\/\/afalesc.com.br\/site\/wp-content\/uploads\/2024\/11\/IMG_3133-1024x683.jpg 1024w, https:\/\/afalesc.com.br\/site\/wp-content\/uploads\/2024\/11\/IMG_3133-300x200.jpg 300w, https:\/\/afalesc.com.br\/site\/wp-content\/uploads\/2024\/11\/IMG_3133-768x512.jpg 768w, https:\/\/afalesc.com.br\/site\/wp-content\/uploads\/2024\/11\/IMG_3133-1536x1024.jpg 1536w, https:\/\/afalesc.com.br\/site\/wp-content\/uploads\/2024\/11\/IMG_3133-2048x1365.jpg 2048w, https:\/\/afalesc.com.br\/site\/wp-content\/uploads\/2024\/11\/IMG_3133-700x467.jpg 700w\" sizes=\"auto, (max-width: 1024px) 100vw, 1024px\" \/><\/a>\n\t\t\t<\/dt><\/dl><br style=\"clear: both\" \/><dl class='gallery-item'>\n\t\t\t<dt class='gallery-icon landscape'>\n\t\t\t\t<a href='https:\/\/afalesc.com.br\/site\/costelaco-e-dia-das-criancas-afalesc-2024\/img_3140\/'><img loading=\"lazy\" decoding=\"async\" width=\"1024\" height=\"683\" src=\"https:\/\/afalesc.com.br\/site\/wp-content\/uploads\/2024\/11\/IMG_3140-1024x683.jpg\" class=\"attachment-large size-large\" alt=\"\" srcset=\"https:\/\/afalesc.com.br\/site\/wp-content\/uploads\/2024\/11\/IMG_3140-1024x683.jpg 1024w, https:\/\/afalesc.com.br\/site\/wp-content\/uploads\/2024\/11\/IMG_3140-300x200.jpg 300w, https:\/\/afalesc.com.br\/site\/wp-content\/uploads\/2024\/11\/IMG_3140-768x512.jpg 768w, https:\/\/afalesc.com.br\/site\/wp-content\/uploads\/2024\/11\/IMG_3140-1536x1024.jpg 1536w, https:\/\/afalesc.com.br\/site\/wp-content\/uploads\/2024\/11\/IMG_3140-2048x1365.jpg 2048w, https:\/\/afalesc.com.br\/site\/wp-content\/uploads\/2024\/11\/IMG_3140-700x467.jpg 700w\" sizes=\"auto, (max-width: 1024px) 100vw, 1024px\" \/><\/a>\n\t\t\t<\/dt><\/dl><br style=\"clear: both\" \/><dl class='gallery-item'>\n\t\t\t<dt class='gallery-icon landscape'>\n\t\t\t\t<a href='https:\/\/afalesc.com.br\/site\/costelaco-e-dia-das-criancas-afalesc-2024\/img_3145\/'><img loading=\"lazy\" decoding=\"async\" width=\"1024\" height=\"683\" src=\"https:\/\/afalesc.com.br\/site\/wp-content\/uploads\/2024\/11\/IMG_3145-1024x683.jpg\" class=\"attachment-large size-large\" alt=\"\" srcset=\"https:\/\/afalesc.com.br\/site\/wp-content\/uploads\/2024\/11\/IMG_3145-1024x683.jpg 1024w, https:\/\/afalesc.com.br\/site\/wp-content\/uploads\/2024\/11\/IMG_3145-300x200.jpg 300w, https:\/\/afalesc.com.br\/site\/wp-content\/uploads\/2024\/11\/IMG_3145-768x512.jpg 768w, https:\/\/afalesc.com.br\/site\/wp-content\/uploads\/2024\/11\/IMG_3145-1536x1024.jpg 1536w, https:\/\/afalesc.com.br\/site\/wp-content\/uploads\/2024\/11\/IMG_3145-2048x1365.jpg 2048w, https:\/\/afalesc.com.br\/site\/wp-content\/uploads\/2024\/11\/IMG_3145-700x467.jpg 700w\" sizes=\"auto, (max-width: 1024px) 100vw, 1024px\" \/><\/a>\n\t\t\t<\/dt><\/dl><br style=\"clear: both\" \/>\n\t\t<\/div>\n\n","protected":false},"excerpt":{"rendered":"<p>&nbsp; No dia 19 de outubro, nossa Sede Praiana dos Ingleses foi palco de uma grande festa em comemora\u00e7\u00e3o ao Dia do Servidor P\u00fablico e ao Dia das Crian\u00e7as. Associados e familiares participaram de um delicioso Costela\u00e7o, com muita anima\u00e7\u00e3o e integra\u00e7\u00e3o. Al\u00e9m de muita&#8230;<\/p>\n","protected":false},"author":2,"featured_media":26213,"comment_status":"open","ping_status":"open","sticky":false,"template":"","format":"standard","meta":{"footnotes":""},"categories":[54,1],"tags":[],"class_list":["post-25959","post","type-post","status-publish","format-standard","has-post-thumbnail","hentry","category-eventos","category-uncategorized"],"_links":{"self":[{"href":"https:\/\/afalesc.com.br\/site\/wp-json\/wp\/v2\/posts\/25959","targetHints":{"allow":["GET"]}}],"collection":[{"href":"https:\/\/afalesc.com.br\/site\/wp-json\/wp\/v2\/posts"}],"about":[{"href":"https:\/\/afalesc.com.br\/site\/wp-json\/wp\/v2\/types\/post"}],"author":[{"embeddable":true,"href":"https:\/\/afalesc.com.br\/site\/wp-json\/wp\/v2\/users\/2"}],"replies":[{"embeddable":true,"href":"https:\/\/afalesc.com.br\/site\/wp-json\/wp\/v2\/comments?post=25959"}],"version-history":[{"count":11,"href":"https:\/\/afalesc.com.br\/site\/wp-json\/wp\/v2\/posts\/25959\/revisions"}],"predecessor-version":[{"id":26365,"href":"https:\/\/afalesc.com.br\/site\/wp-json\/wp\/v2\/posts\/25959\/revisions\/26365"}],"wp:featuredmedia":[{"embeddable":true,"href":"https:\/\/afalesc.com.br\/site\/wp-json\/wp\/v2\/media\/26213"}],"wp:attachment":[{"href":"https:\/\/afalesc.com.br\/site\/wp-json\/wp\/v2\/media?parent=25959"}],"wp:term":[{"taxonomy":"category","embeddable":true,"href":"https:\/\/afalesc.com.br\/site\/wp-json\/wp\/v2\/categories?post=25959"},{"taxonomy":"post_tag","embeddable":true,"href":"https:\/\/afalesc.com.br\/site\/wp-json\/wp\/v2\/tags?post=25959"}],"curies":[{"name":"wp","href":"https:\/\/api.w.org\/{rel}","templated":true}]}}