{"id":25902,"date":"2024-10-22T19:06:25","date_gmt":"2024-10-22T19:06:25","guid":{"rendered":"https:\/\/afalesc.com.br\/site\/?p=25902"},"modified":"2024-10-22T19:07:06","modified_gmt":"2024-10-22T19:07:06","slug":"semana-do-servidor-publico","status":"publish","type":"post","link":"https:\/\/afalesc.com.br\/site\/semana-do-servidor-publico\/","title":{"rendered":"SEMANA DO SERVIDOR DA ALESC"},"content":{"rendered":"<p><img loading=\"lazy\" decoding=\"async\" class=\"alignnone size-medium wp-image-25903\" src=\"https:\/\/afalesc.com.br\/site\/wp-content\/uploads\/2024\/10\/Flyer-com-codigo-QR-724x1024-1-212x300.png\" alt=\"\" width=\"212\" height=\"300\" srcset=\"https:\/\/afalesc.com.br\/site\/wp-content\/uploads\/2024\/10\/Flyer-com-codigo-QR-724x1024-1-212x300.png 212w, https:\/\/afalesc.com.br\/site\/wp-content\/uploads\/2024\/10\/Flyer-com-codigo-QR-724x1024-1-700x990.png 700w, https:\/\/afalesc.com.br\/site\/wp-content\/uploads\/2024\/10\/Flyer-com-codigo-QR-724x1024-1.png 724w\" sizes=\"auto, (max-width: 212px) 100vw, 212px\" \/><\/p>\n<p>&nbsp;<\/p>\n<h4>C O N V I T E<\/h4>\n<p>&nbsp;<\/p>\n<h4><\/h4>\n<h4>A AFALESC, em parceria com a Dire\u00e7\u00e3o Administrativa da ALESC, convida todos para participarem das palestras da Semana do Servidor P\u00fablico, que acontecer\u00e3o nos dias 23 e 24 de outubro, no Audit\u00f3rio Deputada Antonieta de Barros.<\/h4>\n<p>&nbsp;<\/p>\n<h4><\/h4>\n<h4>As vagas foram abertas tamb\u00e9m para o p\u00fablico externo, estendendo a oportunidade para a comunidade em geral.<\/h4>\n<p>&nbsp;<\/p>\n<h4><\/h4>\n<h4>Confira a programa\u00e7\u00e3o completa e marque na sua agenda! N\u00e3o perca essa oportunidade.<\/h4>\n<p>&nbsp;<\/p>\n<h4><\/h4>\n<h4>Link de acesso \u00e0s inscri\u00e7\u00f5es do evento: https:\/\/escola.alesc.sc.gov.br\/evento\/?eid=2739<\/h4>\n<p>&nbsp;<\/p>\n<h4><\/h4>\n<h4>Atenciosamente,<\/h4>\n<p>&nbsp;<\/p>\n<h4><\/h4>\n<h4>Diretoria da AFALESC<\/h4>\n<p>&nbsp;<\/p>\n","protected":false},"excerpt":{"rendered":"<p>&nbsp; C O N V I T E &nbsp; A AFALESC, em parceria com a Dire\u00e7\u00e3o Administrativa da ALESC, convida todos para participarem das palestras da Semana do Servidor P\u00fablico, que acontecer\u00e3o nos dias 23 e 24 de outubro, no Audit\u00f3rio Deputada Antonieta de Barros&#8230;.<\/p>\n","protected":false},"author":2,"featured_media":25903,"comment_status":"open","ping_status":"open","sticky":false,"template":"","format":"standard","meta":{"footnotes":""},"categories":[53],"tags":[],"class_list":["post-25902","post","type-post","status-publish","format-standard","has-post-thumbnail","hentry","category-noticias"],"_links":{"self":[{"href":"https:\/\/afalesc.com.br\/site\/wp-json\/wp\/v2\/posts\/25902","targetHints":{"allow":["GET"]}}],"collection":[{"href":"https:\/\/afalesc.com.br\/site\/wp-json\/wp\/v2\/posts"}],"about":[{"href":"https:\/\/afalesc.com.br\/site\/wp-json\/wp\/v2\/types\/post"}],"author":[{"embeddable":true,"href":"https:\/\/afalesc.com.br\/site\/wp-json\/wp\/v2\/users\/2"}],"replies":[{"embeddable":true,"href":"https:\/\/afalesc.com.br\/site\/wp-json\/wp\/v2\/comments?post=25902"}],"version-history":[{"count":6,"href":"https:\/\/afalesc.com.br\/site\/wp-json\/wp\/v2\/posts\/25902\/revisions"}],"predecessor-version":[{"id":25909,"href":"https:\/\/afalesc.com.br\/site\/wp-json\/wp\/v2\/posts\/25902\/revisions\/25909"}],"wp:featuredmedia":[{"embeddable":true,"href":"https:\/\/afalesc.com.br\/site\/wp-json\/wp\/v2\/media\/25903"}],"wp:attachment":[{"href":"https:\/\/afalesc.com.br\/site\/wp-json\/wp\/v2\/media?parent=25902"}],"wp:term":[{"taxonomy":"category","embeddable":true,"href":"https:\/\/afalesc.com.br\/site\/wp-json\/wp\/v2\/categories?post=25902"},{"taxonomy":"post_tag","embeddable":true,"href":"https:\/\/afalesc.com.br\/site\/wp-json\/wp\/v2\/tags?post=25902"}],"curies":[{"name":"wp","href":"https:\/\/api.w.org\/{rel}","templated":true}]}}