{"id":23476,"date":"2024-02-23T13:08:40","date_gmt":"2024-02-23T13:08:40","guid":{"rendered":"https:\/\/afalesc.com.br\/site\/?p=23476"},"modified":"2024-02-23T13:08:40","modified_gmt":"2024-02-23T13:08:40","slug":"edital-de-convocacao-assembleia-geral-ordinaria","status":"publish","type":"post","link":"https:\/\/afalesc.com.br\/site\/edital-de-convocacao-assembleia-geral-ordinaria\/","title":{"rendered":"EDITAL DE CONVOCA\u00c7\u00c3O &#8211; ASSEMBLEIA GERAL ORDINARIA"},"content":{"rendered":"<p><strong>EDITAL DE CONVOCA\u00c7\u00c3O &#8211; ASSEMBLEIA GERAL ORDINARIA<\/strong><br \/>\nData: <strong>19 de Mar\u00e7o de 2024<\/strong><br \/>\nHor\u00e1rio: <strong>13h00min<\/strong><br \/>\nLocal: <strong>Plenarinho da ALESC<\/strong><br \/>\nPara:<br \/>\n<strong>Discuss\u00e3o e Vota\u00e7\u00e3o da Presta\u00e7\u00e3o de contas da AFALESC do exerc\u00edcio 2023<\/strong>.<br \/>\nAtt.,<br \/>\n<strong>Diretoria da AFALESC<\/strong><\/p>\n","protected":false},"excerpt":{"rendered":"<p>EDITAL DE CONVOCA\u00c7\u00c3O &#8211; ASSEMBLEIA GERAL ORDINARIA Data: 19 de Mar\u00e7o de 2024 Hor\u00e1rio: 13h00min Local: Plenarinho da ALESC Para: Discuss\u00e3o e Vota\u00e7\u00e3o da Presta\u00e7\u00e3o de contas da AFALESC do exerc\u00edcio 2023. Att., Diretoria da AFALESC<\/p>\n","protected":false},"author":2,"featured_media":23477,"comment_status":"open","ping_status":"open","sticky":false,"template":"","format":"standard","meta":{"footnotes":""},"categories":[53],"tags":[],"class_list":["post-23476","post","type-post","status-publish","format-standard","has-post-thumbnail","hentry","category-noticias"],"_links":{"self":[{"href":"https:\/\/afalesc.com.br\/site\/wp-json\/wp\/v2\/posts\/23476","targetHints":{"allow":["GET"]}}],"collection":[{"href":"https:\/\/afalesc.com.br\/site\/wp-json\/wp\/v2\/posts"}],"about":[{"href":"https:\/\/afalesc.com.br\/site\/wp-json\/wp\/v2\/types\/post"}],"author":[{"embeddable":true,"href":"https:\/\/afalesc.com.br\/site\/wp-json\/wp\/v2\/users\/2"}],"replies":[{"embeddable":true,"href":"https:\/\/afalesc.com.br\/site\/wp-json\/wp\/v2\/comments?post=23476"}],"version-history":[{"count":1,"href":"https:\/\/afalesc.com.br\/site\/wp-json\/wp\/v2\/posts\/23476\/revisions"}],"predecessor-version":[{"id":23478,"href":"https:\/\/afalesc.com.br\/site\/wp-json\/wp\/v2\/posts\/23476\/revisions\/23478"}],"wp:featuredmedia":[{"embeddable":true,"href":"https:\/\/afalesc.com.br\/site\/wp-json\/wp\/v2\/media\/23477"}],"wp:attachment":[{"href":"https:\/\/afalesc.com.br\/site\/wp-json\/wp\/v2\/media?parent=23476"}],"wp:term":[{"taxonomy":"category","embeddable":true,"href":"https:\/\/afalesc.com.br\/site\/wp-json\/wp\/v2\/categories?post=23476"},{"taxonomy":"post_tag","embeddable":true,"href":"https:\/\/afalesc.com.br\/site\/wp-json\/wp\/v2\/tags?post=23476"}],"curies":[{"name":"wp","href":"https:\/\/api.w.org\/{rel}","templated":true}]}}