{"id":21404,"date":"2023-01-24T17:30:29","date_gmt":"2023-01-24T17:30:29","guid":{"rendered":"https:\/\/afalesc.com.br\/site\/?p=21404"},"modified":"2023-01-24T17:30:29","modified_gmt":"2023-01-24T17:30:29","slug":"nota-de-falecimento-8","status":"publish","type":"post","link":"https:\/\/afalesc.com.br\/site\/nota-de-falecimento-8\/","title":{"rendered":"Nota de Falecimento"},"content":{"rendered":"<p>NOTA DE FALECIMENTO<\/p>\n<p>\u00c9 com profundo pesar que a Associa\u00e7\u00e3o dos Funcion\u00e1rios da Assembleia Legislativa do Estado de Santa Catarina (AFALESC) comunica o Falecimento do servidor aposentado Sr. JOENIO PIRES (1961-2023).<\/p>\n<p>O vel\u00f3rio est\u00e1 acorrendo na C\u00e2mara de Vereadores de Ararangu\u00e1, das 10hs at\u00e9 19hs.<\/p>\n<p>Neste momento de tristeza, a Presid\u00eancia e Diretoria da AFALESC manifestam sinceras condol\u00eancias aos familiares e amigos, rogando a Deus que conforte seus cora\u00e7\u00f5es.<\/p>\n<p>Att.,<br \/>\nDiretoria da AFALESC<\/p>\n","protected":false},"excerpt":{"rendered":"<p>NOTA DE FALECIMENTO \u00c9 com profundo pesar que a Associa\u00e7\u00e3o dos Funcion\u00e1rios da Assembleia Legislativa do Estado de Santa Catarina (AFALESC) comunica o Falecimento do servidor aposentado Sr. JOENIO PIRES (1961-2023). O vel\u00f3rio est\u00e1 acorrendo na C\u00e2mara de Vereadores de Ararangu\u00e1, das 10hs at\u00e9 19hs&#8230;.<\/p>\n","protected":false},"author":2,"featured_media":21405,"comment_status":"open","ping_status":"open","sticky":false,"template":"","format":"standard","meta":{"footnotes":""},"categories":[53],"tags":[],"class_list":["post-21404","post","type-post","status-publish","format-standard","has-post-thumbnail","hentry","category-noticias"],"_links":{"self":[{"href":"https:\/\/afalesc.com.br\/site\/wp-json\/wp\/v2\/posts\/21404","targetHints":{"allow":["GET"]}}],"collection":[{"href":"https:\/\/afalesc.com.br\/site\/wp-json\/wp\/v2\/posts"}],"about":[{"href":"https:\/\/afalesc.com.br\/site\/wp-json\/wp\/v2\/types\/post"}],"author":[{"embeddable":true,"href":"https:\/\/afalesc.com.br\/site\/wp-json\/wp\/v2\/users\/2"}],"replies":[{"embeddable":true,"href":"https:\/\/afalesc.com.br\/site\/wp-json\/wp\/v2\/comments?post=21404"}],"version-history":[{"count":1,"href":"https:\/\/afalesc.com.br\/site\/wp-json\/wp\/v2\/posts\/21404\/revisions"}],"predecessor-version":[{"id":21406,"href":"https:\/\/afalesc.com.br\/site\/wp-json\/wp\/v2\/posts\/21404\/revisions\/21406"}],"wp:featuredmedia":[{"embeddable":true,"href":"https:\/\/afalesc.com.br\/site\/wp-json\/wp\/v2\/media\/21405"}],"wp:attachment":[{"href":"https:\/\/afalesc.com.br\/site\/wp-json\/wp\/v2\/media?parent=21404"}],"wp:term":[{"taxonomy":"category","embeddable":true,"href":"https:\/\/afalesc.com.br\/site\/wp-json\/wp\/v2\/categories?post=21404"},{"taxonomy":"post_tag","embeddable":true,"href":"https:\/\/afalesc.com.br\/site\/wp-json\/wp\/v2\/tags?post=21404"}],"curies":[{"name":"wp","href":"https:\/\/api.w.org\/{rel}","templated":true}]}}