{"id":20747,"date":"2022-11-16T15:23:27","date_gmt":"2022-11-16T15:23:27","guid":{"rendered":"https:\/\/afalesc.com.br\/site\/?p=20747"},"modified":"2022-11-16T15:23:27","modified_gmt":"2022-11-16T15:23:27","slug":"jantar-dancante-da-afalesc-e-sindalesc-2022-%f0%9f%92%83%f0%9f%8f%be%f0%9f%95%ba%f0%9f%8f%bb%f0%9f%8d%be","status":"publish","type":"post","link":"https:\/\/afalesc.com.br\/site\/jantar-dancante-da-afalesc-e-sindalesc-2022-%f0%9f%92%83%f0%9f%8f%be%f0%9f%95%ba%f0%9f%8f%bb%f0%9f%8d%be\/","title":{"rendered":"JANTAR DAN\u00c7ANTE DA AFALESC e SINDALESC 2022 \ud83d\udc83\ud83c\udffe\ud83d\udd7a\ud83c\udffb\ud83c\udf7e"},"content":{"rendered":"<p>Associados e Associadas ,Venham Participar!<\/p>\n<p>Data: 10\/12\/2022 \u2013 S\u00e1bado<br \/>\nAbertura \u00e0s 20h30min<br \/>\nLocal: (ACM) Associa\u00e7\u00e3o Catarinense de Medicina \u2013 SC 401 \u2013 KM 4<\/p>\n<p>Retire seu Convite e Reserve sua Mesa a partir de 21\/11 at\u00e9 08\/12, na Secretaria da AFALESC:<\/p>\n<p>Endere\u00e7o: AV. MAURO RAMOS, N\u00ba 300 \u2013 T\u00c9RREO SALA 3<\/p>\n<p>SOMENTE O ASSOCIADO PODER\u00c1 RETIRAR O CONVITE!<\/p>\n<p>Informa\u00e7\u00f5es Adicionais e Regulamento no Verso do Convite!<\/p>\n<p>Apoio: Afipolesc<\/p>\n<p>Atenciosamente,<br \/>\nA Diretoria da AFALESC<\/p>\n","protected":false},"excerpt":{"rendered":"<p>Associados e Associadas ,Venham Participar! Data: 10\/12\/2022 \u2013 S\u00e1bado Abertura \u00e0s 20h30min Local: (ACM) Associa\u00e7\u00e3o Catarinense de Medicina \u2013 SC 401 \u2013 KM 4 Retire seu Convite e Reserve sua Mesa a partir de 21\/11 at\u00e9 08\/12, na Secretaria da AFALESC: Endere\u00e7o: AV. MAURO RAMOS,&#8230;<\/p>\n","protected":false},"author":2,"featured_media":20750,"comment_status":"open","ping_status":"open","sticky":false,"template":"","format":"standard","meta":{"footnotes":""},"categories":[53],"tags":[],"class_list":["post-20747","post","type-post","status-publish","format-standard","has-post-thumbnail","hentry","category-noticias"],"_links":{"self":[{"href":"https:\/\/afalesc.com.br\/site\/wp-json\/wp\/v2\/posts\/20747","targetHints":{"allow":["GET"]}}],"collection":[{"href":"https:\/\/afalesc.com.br\/site\/wp-json\/wp\/v2\/posts"}],"about":[{"href":"https:\/\/afalesc.com.br\/site\/wp-json\/wp\/v2\/types\/post"}],"author":[{"embeddable":true,"href":"https:\/\/afalesc.com.br\/site\/wp-json\/wp\/v2\/users\/2"}],"replies":[{"embeddable":true,"href":"https:\/\/afalesc.com.br\/site\/wp-json\/wp\/v2\/comments?post=20747"}],"version-history":[{"count":1,"href":"https:\/\/afalesc.com.br\/site\/wp-json\/wp\/v2\/posts\/20747\/revisions"}],"predecessor-version":[{"id":20749,"href":"https:\/\/afalesc.com.br\/site\/wp-json\/wp\/v2\/posts\/20747\/revisions\/20749"}],"wp:featuredmedia":[{"embeddable":true,"href":"https:\/\/afalesc.com.br\/site\/wp-json\/wp\/v2\/media\/20750"}],"wp:attachment":[{"href":"https:\/\/afalesc.com.br\/site\/wp-json\/wp\/v2\/media?parent=20747"}],"wp:term":[{"taxonomy":"category","embeddable":true,"href":"https:\/\/afalesc.com.br\/site\/wp-json\/wp\/v2\/categories?post=20747"},{"taxonomy":"post_tag","embeddable":true,"href":"https:\/\/afalesc.com.br\/site\/wp-json\/wp\/v2\/tags?post=20747"}],"curies":[{"name":"wp","href":"https:\/\/api.w.org\/{rel}","templated":true}]}}