{"id":20189,"date":"2022-07-06T17:17:27","date_gmt":"2022-07-06T17:17:27","guid":{"rendered":"https:\/\/afalesc.com.br\/site\/?p=20189"},"modified":"2022-07-06T17:17:27","modified_gmt":"2022-07-06T17:17:27","slug":"coral-da-alesc","status":"publish","type":"post","link":"https:\/\/afalesc.com.br\/site\/coral-da-alesc\/","title":{"rendered":"CORAL DA ALESC"},"content":{"rendered":"<p>O Coral da Alesc est\u00e1 com inscri\u00e7\u00f5es abertas para pessoas interessadas em aprender sobre canto, desenvolver o seu potencial vocal e, ao mesmo tempo, preservar a sa\u00fade da sua voz.<\/p>\n<p>As aulas acontecem nas segundas e sextas-feiras, das 11h \u00e0s 12h e das 13h \u00e0s 14h, e nas quartas \u00e0s 19h15min e das 21h15min. Tanto as aulas de t\u00e9cnica vocal quanto os ensaios do coral acontecem no Audit\u00f3rio Antonieta de Barros, no Pal\u00e1cio Barriga Verde.<\/p>\n<p>Atualmente, o Coral da Alesc conta com 25 componentes e \u00e9 dirigido pelo maestro Reginaldo Osvaldo da Silva. O maestro lembra que h\u00e1 comprova\u00e7\u00f5es cient\u00edficas de que a atividade musical faz bem para a sa\u00fade. Al\u00e9m disso, cantar em grupo nos ajuda a socializar,<br \/>\na relaxar, a superar complexos e medos e tamb\u00e9m a sair da rotina. Por isso, se voc\u00ea gosta de m\u00fasica ou tem curiosidade em aprender mais sobre canto, fa\u00e7a a sua inscri\u00e7\u00e3o e venha participar.<\/p>\n<p>As inscri\u00e7\u00f5es podem ser feitas pelo email reginaldoffc@gmail.com, pelo telefone (48) 3324-1415 ou pelo WhatsApp (48) 98444-4203.<\/p>\n<p>O Sindalesc, a Afalesc e a Afipolesc apoiam iniciativas que promovem a cultura entre os servidores da Alesc.<\/p>\n<p>#cultura #coraldaalesc #musica #canto<\/p>\n","protected":false},"excerpt":{"rendered":"<p>O Coral da Alesc est\u00e1 com inscri\u00e7\u00f5es abertas para pessoas interessadas em aprender sobre canto, desenvolver o seu potencial vocal e, ao mesmo tempo, preservar a sa\u00fade da sua voz. As aulas acontecem nas segundas e sextas-feiras, das 11h \u00e0s 12h e das 13h \u00e0s&#8230;<\/p>\n","protected":false},"author":2,"featured_media":20190,"comment_status":"open","ping_status":"open","sticky":false,"template":"","format":"standard","meta":{"footnotes":""},"categories":[53],"tags":[],"class_list":["post-20189","post","type-post","status-publish","format-standard","has-post-thumbnail","hentry","category-noticias"],"_links":{"self":[{"href":"https:\/\/afalesc.com.br\/site\/wp-json\/wp\/v2\/posts\/20189","targetHints":{"allow":["GET"]}}],"collection":[{"href":"https:\/\/afalesc.com.br\/site\/wp-json\/wp\/v2\/posts"}],"about":[{"href":"https:\/\/afalesc.com.br\/site\/wp-json\/wp\/v2\/types\/post"}],"author":[{"embeddable":true,"href":"https:\/\/afalesc.com.br\/site\/wp-json\/wp\/v2\/users\/2"}],"replies":[{"embeddable":true,"href":"https:\/\/afalesc.com.br\/site\/wp-json\/wp\/v2\/comments?post=20189"}],"version-history":[{"count":2,"href":"https:\/\/afalesc.com.br\/site\/wp-json\/wp\/v2\/posts\/20189\/revisions"}],"predecessor-version":[{"id":20192,"href":"https:\/\/afalesc.com.br\/site\/wp-json\/wp\/v2\/posts\/20189\/revisions\/20192"}],"wp:featuredmedia":[{"embeddable":true,"href":"https:\/\/afalesc.com.br\/site\/wp-json\/wp\/v2\/media\/20190"}],"wp:attachment":[{"href":"https:\/\/afalesc.com.br\/site\/wp-json\/wp\/v2\/media?parent=20189"}],"wp:term":[{"taxonomy":"category","embeddable":true,"href":"https:\/\/afalesc.com.br\/site\/wp-json\/wp\/v2\/categories?post=20189"},{"taxonomy":"post_tag","embeddable":true,"href":"https:\/\/afalesc.com.br\/site\/wp-json\/wp\/v2\/tags?post=20189"}],"curies":[{"name":"wp","href":"https:\/\/api.w.org\/{rel}","templated":true}]}}