{"id":19916,"date":"2022-05-23T14:31:27","date_gmt":"2022-05-23T14:31:27","guid":{"rendered":"https:\/\/afalesc.com.br\/site\/?p=19916"},"modified":"2022-05-23T16:05:10","modified_gmt":"2022-05-23T16:05:10","slug":"nota-de-falecimento-7","status":"publish","type":"post","link":"https:\/\/afalesc.com.br\/site\/nota-de-falecimento-7\/","title":{"rendered":"Nota de Falecimento"},"content":{"rendered":"<p>&nbsp;<\/p>\n<p>NOTA DE FALECIMENTO<\/p>\n<p>\u00c9 com profundo pesar que a Associa\u00e7\u00e3o dos Funcion\u00e1rios da Assembleia Legislativa do Estado de Santa Catarina (AFALESC) comunica o falecimento do Sr.MARIO VIEIRA (Tenente Mario)<\/p>\n<p>O Sr. Mario foi Chefe de Gabinete do Deputado Heitor Sch\u00e9, ele deixa a Vi\u00fava Anita Melo Vieira, filhos Isabela Vieira, Rosani Vieira e M\u00e1rio Vieira J\u00fanior e demais familiares.<\/p>\n<p>Neste momento de tristeza, a Presid\u00eancia e Diretoria da AFALESC manifestam sinceras condol\u00eancias aos familiares e amigos, rogando a Deus que conforte seus cora\u00e7\u00f5es.<\/p>\n<p>O Vel\u00f3rio se dar\u00e1 na Capela do Cemit\u00e9rio Jardim da Paz, em Florian\u00f3polis\/SC, e ter\u00e1 in\u00edcio \u00e0s 13 horas desta segunda-feira, e o sepultamento dar-se-\u00e1 logo ap\u00f3s, \u00e0s 16 horas.<\/p>\n<p>Att,<br \/>\nDiretoria da AFALESC<img loading=\"lazy\" decoding=\"async\" class=\"alignnone size-medium wp-image-19917\" src=\"https:\/\/afalesc.com.br\/site\/wp-content\/uploads\/2022\/05\/mario-vieira-225x300.jpg\" alt=\"\" width=\"225\" height=\"300\" srcset=\"https:\/\/afalesc.com.br\/site\/wp-content\/uploads\/2022\/05\/mario-vieira-225x300.jpg 225w, https:\/\/afalesc.com.br\/site\/wp-content\/uploads\/2022\/05\/mario-vieira-600x800.jpg 600w, https:\/\/afalesc.com.br\/site\/wp-content\/uploads\/2022\/05\/mario-vieira-700x933.jpg 700w, https:\/\/afalesc.com.br\/site\/wp-content\/uploads\/2022\/05\/mario-vieira.jpg 768w\" sizes=\"auto, (max-width: 225px) 100vw, 225px\" \/><\/p>\n","protected":false},"excerpt":{"rendered":"<p>&nbsp; NOTA DE FALECIMENTO \u00c9 com profundo pesar que a Associa\u00e7\u00e3o dos Funcion\u00e1rios da Assembleia Legislativa do Estado de Santa Catarina (AFALESC) comunica o falecimento do Sr.MARIO VIEIRA (Tenente Mario) O Sr. Mario foi Chefe de Gabinete do Deputado Heitor Sch\u00e9, ele deixa a Vi\u00fava&#8230;<\/p>\n","protected":false},"author":2,"featured_media":19917,"comment_status":"open","ping_status":"open","sticky":false,"template":"","format":"standard","meta":{"footnotes":""},"categories":[53],"tags":[],"class_list":["post-19916","post","type-post","status-publish","format-standard","has-post-thumbnail","hentry","category-noticias"],"_links":{"self":[{"href":"https:\/\/afalesc.com.br\/site\/wp-json\/wp\/v2\/posts\/19916","targetHints":{"allow":["GET"]}}],"collection":[{"href":"https:\/\/afalesc.com.br\/site\/wp-json\/wp\/v2\/posts"}],"about":[{"href":"https:\/\/afalesc.com.br\/site\/wp-json\/wp\/v2\/types\/post"}],"author":[{"embeddable":true,"href":"https:\/\/afalesc.com.br\/site\/wp-json\/wp\/v2\/users\/2"}],"replies":[{"embeddable":true,"href":"https:\/\/afalesc.com.br\/site\/wp-json\/wp\/v2\/comments?post=19916"}],"version-history":[{"count":2,"href":"https:\/\/afalesc.com.br\/site\/wp-json\/wp\/v2\/posts\/19916\/revisions"}],"predecessor-version":[{"id":19919,"href":"https:\/\/afalesc.com.br\/site\/wp-json\/wp\/v2\/posts\/19916\/revisions\/19919"}],"wp:featuredmedia":[{"embeddable":true,"href":"https:\/\/afalesc.com.br\/site\/wp-json\/wp\/v2\/media\/19917"}],"wp:attachment":[{"href":"https:\/\/afalesc.com.br\/site\/wp-json\/wp\/v2\/media?parent=19916"}],"wp:term":[{"taxonomy":"category","embeddable":true,"href":"https:\/\/afalesc.com.br\/site\/wp-json\/wp\/v2\/categories?post=19916"},{"taxonomy":"post_tag","embeddable":true,"href":"https:\/\/afalesc.com.br\/site\/wp-json\/wp\/v2\/tags?post=19916"}],"curies":[{"name":"wp","href":"https:\/\/api.w.org\/{rel}","templated":true}]}}