{"id":19326,"date":"2022-01-12T16:59:04","date_gmt":"2022-01-12T16:59:04","guid":{"rendered":"https:\/\/afalesc.com.br\/site\/?p=19326"},"modified":"2022-01-13T16:58:26","modified_gmt":"2022-01-13T16:58:26","slug":"nota-de-falecimento-5","status":"publish","type":"post","link":"https:\/\/afalesc.com.br\/site\/nota-de-falecimento-5\/","title":{"rendered":"NOTA DE FALECIMENTO"},"content":{"rendered":"<p>&nbsp;<\/p>\n<p>\u00c9 com profundo pesar que a Associa\u00e7\u00e3o dos Funcion\u00e1rios da Assembleia Legislativa do Estado de Santa Catarina (AFALESC) comunica o falecimento do servidor aposentado Sr. AMILCARE JOSE ZAPPELINI (1945-2022), ocorrido na data de ontem (ter\u00e7a-feira), 11 de janeiro de 2022, na cidade de Florian\u00f3polis\/SC.<\/p>\n<p>Neste momento de tristeza, a presid\u00eancia e diretoria da AFALESC manifestam sinceras condol\u00eancias aos familiares e amigos, rogando a Deus que conforte seus cora\u00e7\u00f5es.<\/p>\n<p>&nbsp;<\/p>\n<p>Atenciosamente,<\/p>\n<p>&nbsp;<\/p>\n<p>Diretoria da AFALESC<\/p>\n","protected":false},"excerpt":{"rendered":"<p>&nbsp; \u00c9 com profundo pesar que a Associa\u00e7\u00e3o dos Funcion\u00e1rios da Assembleia Legislativa do Estado de Santa Catarina (AFALESC) comunica o falecimento do servidor aposentado Sr. AMILCARE JOSE ZAPPELINI (1945-2022), ocorrido na data de ontem (ter\u00e7a-feira), 11 de janeiro de 2022, na cidade de Florian\u00f3polis\/SC&#8230;.<\/p>\n","protected":false},"author":2,"featured_media":19773,"comment_status":"open","ping_status":"open","sticky":false,"template":"","format":"standard","meta":{"footnotes":""},"categories":[53],"tags":[],"class_list":["post-19326","post","type-post","status-publish","format-standard","has-post-thumbnail","hentry","category-noticias"],"_links":{"self":[{"href":"https:\/\/afalesc.com.br\/site\/wp-json\/wp\/v2\/posts\/19326","targetHints":{"allow":["GET"]}}],"collection":[{"href":"https:\/\/afalesc.com.br\/site\/wp-json\/wp\/v2\/posts"}],"about":[{"href":"https:\/\/afalesc.com.br\/site\/wp-json\/wp\/v2\/types\/post"}],"author":[{"embeddable":true,"href":"https:\/\/afalesc.com.br\/site\/wp-json\/wp\/v2\/users\/2"}],"replies":[{"embeddable":true,"href":"https:\/\/afalesc.com.br\/site\/wp-json\/wp\/v2\/comments?post=19326"}],"version-history":[{"count":1,"href":"https:\/\/afalesc.com.br\/site\/wp-json\/wp\/v2\/posts\/19326\/revisions"}],"predecessor-version":[{"id":19327,"href":"https:\/\/afalesc.com.br\/site\/wp-json\/wp\/v2\/posts\/19326\/revisions\/19327"}],"wp:featuredmedia":[{"embeddable":true,"href":"https:\/\/afalesc.com.br\/site\/wp-json\/wp\/v2\/media\/19773"}],"wp:attachment":[{"href":"https:\/\/afalesc.com.br\/site\/wp-json\/wp\/v2\/media?parent=19326"}],"wp:term":[{"taxonomy":"category","embeddable":true,"href":"https:\/\/afalesc.com.br\/site\/wp-json\/wp\/v2\/categories?post=19326"},{"taxonomy":"post_tag","embeddable":true,"href":"https:\/\/afalesc.com.br\/site\/wp-json\/wp\/v2\/tags?post=19326"}],"curies":[{"name":"wp","href":"https:\/\/api.w.org\/{rel}","templated":true}]}}