{"id":19313,"date":"2021-12-20T12:04:25","date_gmt":"2021-12-20T12:04:25","guid":{"rendered":"https:\/\/afalesc.com.br\/site\/?p=19313"},"modified":"2024-10-29T19:51:02","modified_gmt":"2024-10-29T19:51:02","slug":"natal-solidario-2021-afalesc-e-sindalesc","status":"publish","type":"post","link":"https:\/\/afalesc.com.br\/site\/natal-solidario-2021-afalesc-e-sindalesc\/","title":{"rendered":"NATAL SOLID\u00c1RIO 2021 AFALESC E SINDALESC"},"content":{"rendered":"<p>A solidariedade \u00e9 um ato de amor e compreens\u00e3o. O Sindalesc preocupa-se com a comunidade na qual est\u00e1 inserido e atua para distribuir carinho, respeito e amor.<br \/>\nEm parceria com a Associa\u00e7\u00e3o dos Servidores da Assembleia Legislativa (AFALESC), realizou a entrega das doa\u00e7\u00f5es da campanha Natal Solid\u00e1rio para fam\u00edlias em vulnerabilidade social.<br \/>\nForam distribu\u00eddas 191 cestas b\u00e1sicas e 830 brinquedos a seis entidades assistenciais na Grande Florian\u00f3polis (SC).<\/p>\n<p>As entidades beneficiadas foram:<br \/>\n\u2022 Comunidades Norte da Ilha<br \/>\n\u2022 ACAM (Morro do Mocot\u00f3)<br \/>\n\u2022 Creche Monte Moriat<br \/>\n\u2022 AACUEVA &#8211; Projeto Vivendo e Aprendendo<br \/>\n\u2022 Associa\u00e7\u00e3o Pr\u00f3-Brejaru<br \/>\n\u2022 MAP \u2013 M\u00e3os Que Acolhem e Partilham<\/p>\n<p>Em 2022, o SINDALESC e a AFALESC continuar\u00e3o exercendo o papel de entidades que se preocupam e agem em benef\u00edcio da comunidade mais vulner\u00e1vel.<\/p>\n<p>SINDALESC &#8211; Em defesa do servi\u00e7o p\u00fablico!<\/p>\n<p>&nbsp;<\/p>\n<p><a href=\"https:\/\/www.youtube.com\/watch?v=fvDZ7satn4U\">https:\/\/www.youtube.com\/watch?v=fvDZ7satn4U<\/a><\/p>\n","protected":false},"excerpt":{"rendered":"<p>A solidariedade \u00e9 um ato de amor e compreens\u00e3o. O Sindalesc preocupa-se com a comunidade na qual est\u00e1 inserido e atua para distribuir carinho, respeito e amor. Em parceria com a Associa\u00e7\u00e3o dos Servidores da Assembleia Legislativa (AFALESC), realizou a entrega das doa\u00e7\u00f5es da campanha&#8230;<\/p>\n","protected":false},"author":2,"featured_media":19318,"comment_status":"open","ping_status":"open","sticky":false,"template":"","format":"standard","meta":{"footnotes":""},"categories":[53],"tags":[],"class_list":["post-19313","post","type-post","status-publish","format-standard","has-post-thumbnail","hentry","category-noticias"],"_links":{"self":[{"href":"https:\/\/afalesc.com.br\/site\/wp-json\/wp\/v2\/posts\/19313","targetHints":{"allow":["GET"]}}],"collection":[{"href":"https:\/\/afalesc.com.br\/site\/wp-json\/wp\/v2\/posts"}],"about":[{"href":"https:\/\/afalesc.com.br\/site\/wp-json\/wp\/v2\/types\/post"}],"author":[{"embeddable":true,"href":"https:\/\/afalesc.com.br\/site\/wp-json\/wp\/v2\/users\/2"}],"replies":[{"embeddable":true,"href":"https:\/\/afalesc.com.br\/site\/wp-json\/wp\/v2\/comments?post=19313"}],"version-history":[{"count":4,"href":"https:\/\/afalesc.com.br\/site\/wp-json\/wp\/v2\/posts\/19313\/revisions"}],"predecessor-version":[{"id":19317,"href":"https:\/\/afalesc.com.br\/site\/wp-json\/wp\/v2\/posts\/19313\/revisions\/19317"}],"wp:featuredmedia":[{"embeddable":true,"href":"https:\/\/afalesc.com.br\/site\/wp-json\/wp\/v2\/media\/19318"}],"wp:attachment":[{"href":"https:\/\/afalesc.com.br\/site\/wp-json\/wp\/v2\/media?parent=19313"}],"wp:term":[{"taxonomy":"category","embeddable":true,"href":"https:\/\/afalesc.com.br\/site\/wp-json\/wp\/v2\/categories?post=19313"},{"taxonomy":"post_tag","embeddable":true,"href":"https:\/\/afalesc.com.br\/site\/wp-json\/wp\/v2\/tags?post=19313"}],"curies":[{"name":"wp","href":"https:\/\/api.w.org\/{rel}","templated":true}]}}